{"id":66215,"date":"2026-03-08T14:30:10","date_gmt":"2026-03-08T14:30:10","guid":{"rendered":"https:\/\/bihavadis.com\/?p=66215"},"modified":"2026-03-08T14:30:10","modified_gmt":"2026-03-08T14:30:10","slug":"erakut-cig-felaketine-karsi-egitim-aliyor","status":"publish","type":"post","link":"https:\/\/bihavadis.com\/index.php\/2026\/03\/08\/erakut-cig-felaketine-karsi-egitim-aliyor\/","title":{"rendered":"ERAKUT, \u00c7\u0131\u011f Felaketine Kar\u015f\u0131 E\u011fitim Al\u0131yor"},"content":{"rendered":"<p> Erzurum B\u00fcy\u00fck\u015fehir Belediyesi Arama ve Kurtarma (ERAKUT) g\u00f6n\u00fcll\u00fcleri, olas\u0131 \u00e7\u0131\u011f olaylar\u0131na h\u0131zl\u0131 ve etkili m\u00fcdahale i\u00e7in sahada g\u00fcc\u00fcn\u00fc art\u0131racak e\u011fitimler yap\u0131yor.<\/p>\n<p>B\u00fcy\u00fck\u015fehir Belediyesi b\u00fcnyesinde 2019 y\u0131l\u0131nda kurulan ve 2023&#8217;te b\u00fcy\u00fck\u015fehir belediyelerinde kurulan Afet \u0130\u015fleri Daire Ba\u015fkanl\u0131\u011f\u0131 b\u00fcnyesinde \u00e7al\u0131\u015fmalar\u0131n\u0131 s\u00fcrd\u00fcren ERAKUT, 6 \u015eubat 2023&#8217;teki depremlerde aktif g\u00f6rev yapt\u0131.<\/p>\n<p>Arama kurtarma \u00e7al\u0131\u015fmalar\u0131ndan yard\u0131m organizasyonlar\u0131na kadar bir\u00e7ok alanda \u00e7al\u0131\u015fma y\u00fcr\u00fcten ERAKUT&#8217;un 20 g\u00f6n\u00fcll\u00fcs\u00fc, k\u0131\u015f aylar\u0131nda ise \u00e7\u0131\u011f felaketine kar\u015f\u0131 e\u011fitimlerine devam ediyor.<\/p>\n<p>Ge\u00e7en y\u0131l AFAD taraf\u0131ndan al\u0131nan sertifikayla \u00e7\u0131\u011fda arama kurtarma ekibi olarak akredite edilen ERAKUT&#8217;un g\u00f6n\u00fcll\u00fcleri, Paland\u00f6ken ve Konakl\u0131 kayak merkezlerinde k\u0131\u015f sezonunda haftada iki g\u00fcn \u00e7\u0131\u011f riskine kar\u015f\u0131 haz\u0131rl\u0131k seviyesini art\u0131rmak amac\u0131yla &#8220;\u00c7\u0131\u011f Arama Kurtarma ve \u00c7\u0131\u011f Analizi Rasat E\u011fitimleri&#8221; al\u0131yor.<\/p>\n<p>Ger\u00e7ek arazi \u015fartlar\u0131nda uygulamal\u0131 e\u011fitimler yap\u0131l\u0131yor<\/p>\n<p>E\u011fitim program\u0131nda, \u00e7\u0131\u011fda arama kurtarma e\u011fitimleri hem teorik hem de sahada birebir uygulamal\u0131 olarak yap\u0131l\u0131yor. Ekiplerin olas\u0131 \u00e7\u0131\u011f tehlikelerine kar\u015f\u0131 erken uyar\u0131, do\u011fru analiz ve h\u0131zl\u0131 m\u00fcdahale kabiliyetlerinin geli\u015ftirilmesi hedeflenirken, ger\u00e7ek arazi ve k\u0131\u015f \u015fartlar\u0131nda yap\u0131lan uygulamalarla operasyonel yetkinli\u011fi de g\u00fc\u00e7lendiriliyor.<\/p>\n<p>B\u00fcy\u00fck\u015fehir Belediyesi Afet \u0130\u015fleri Daire Ba\u015fkan\u0131 Amir Badur, AA muhabirine, ekibin 2019 y\u0131l\u0131nda kuruldu\u011funu ve 6 \u015eubat depremlerinde bir\u00e7ok arama kurtarma \u00e7al\u0131\u015fmalar\u0131n\u0131 ba\u015far\u0131yla y\u00fcr\u00fctt\u00fc\u011f\u00fcn\u00fc anlatt\u0131.<\/p>\n<p>Afet \u0130\u015fleri Daire Ba\u015fkanl\u0131\u011f\u0131 b\u00fcnyesinde ekibi olu\u015fabilecek her t\u00fcrl\u00fc afete haz\u0131rlamaya \u00e7al\u0131\u015ft\u0131klar\u0131n\u0131 ve bu kapsamda \u00e7\u0131\u011f e\u011fitimleri d\u00fczenlediklerini ifade eden Badur, &#8220;\u00c7\u0131\u011fda ba\u015f\u0131m\u0131za gelebilecek herhangi bir olaya m\u00fcdahalede, e\u011fitimlerimizi tamamlay\u0131p ekibimizi haz\u0131rl\u0131yoruz. E\u011fitimlerimizde kar\u0131n ve \u00e7\u0131\u011f\u0131n tan\u0131mlanmas\u0131, kar analizleri, \u00e7\u0131\u011flara nas\u0131l m\u00fcdahale edilece\u011fi, o \u00e7\u0131\u011f b\u00f6lgesine gelen kar\u0131n nas\u0131l analiz edilece\u011fi gibi konular uzman e\u011fitmenlerimiz taraf\u0131ndan \u00f6\u011fretiliyor.&#8221; dedi.<\/p>\n<p>ERAKUT&#8217;un b\u00fcnyesinde bulunanlar\u0131n B\u00fcy\u00fck\u015fehir Belediyesi i\u00e7inde \u00e7al\u0131\u015fan g\u00f6n\u00fcll\u00fclerden olu\u015ftu\u011funu belirten Badur, sezon boyunca e\u011fitimlerin s\u00fcrd\u00fcr\u00fclece\u011fini bildirdi.<\/p>\n<p>Badur, ERAKUT&#8217;un AFAD taraf\u0131ndan \u00e7\u0131\u011f arama kurtarma alan\u0131nda akredite oldu\u011funu kaydetti.<\/p>\n<p>&#8220;Arama kurtarma \u00e7al\u0131\u015fmalar\u0131nda kad\u0131nlar da olmal\u0131&#8221;<\/p>\n<p>Ekibin tek kad\u0131n g\u00f6n\u00fcll\u00fcs\u00fc peyzaj mimar\u0131 Nermin Kara Sorma ise daha \u00f6nce Hatay&#8217;da arama kurtarma faaliyetlerinde bulundu\u011funu, \u015fimdi ise olas\u0131 \u00e7\u0131\u011f felaketine kar\u015f\u0131 e\u011fitimler ald\u0131klar\u0131n\u0131 ifade etti.<\/p>\n<p>Kad\u0131nlar\u0131n bu t\u00fcr ekiplerin i\u00e7inde olmas\u0131n\u0131n gereklili\u011fine dikkati \u00e7eken Sorma, \u015funlar\u0131 s\u00f6yledi: <\/p>\n<p>&#8220;Arama kurtarma \u00e7al\u0131\u015fmalar\u0131nda kad\u0131nlar da olmal\u0131 \u00e7\u00fcnk\u00fc duygusal a\u00e7\u0131dan \u00e7ok zor olan insanlar olabiliyor, o insanlara kad\u0131nlar daha iyi yard\u0131mc\u0131 olabiliyor. Erkekler enkaz alt\u0131nda g\u00fc\u00e7 harc\u0131yorlar, biz de d\u0131\u015far\u0131da gerekli yard\u0131m malzemelerinin ula\u015ft\u0131r\u0131lmas\u0131n\u0131 ve gerekli kay\u0131tlar\u0131n tutulmas\u0131n\u0131 sa\u011fl\u0131yoruz. Burada da kar\u0131n alt\u0131nda biri kald\u0131\u011f\u0131 zaman buna nas\u0131l m\u00fcdahale edece\u011fimizi \u00f6\u011freniyoruz. Kimimiz g\u00f6zlemci olacak, kimimiz karda m\u00fcdahale ekibi olacak.&#8221;<\/p>\n<p>G\u00f6n\u00fcll\u00fclerden Mustafa Alper de e\u011fitimlerle olas\u0131 \u00e7\u0131\u011f felaketine kar\u015f\u0131 teyakkuzda olduklar\u0131n\u0131 aktard\u0131.<\/p>\n","protected":false},"excerpt":{"rendered":"<p>Erzurum B\u00fcy\u00fck\u015fehir Belediyesi&#8217;ne ba\u011fl\u0131 ERAKUT, \u00e7\u0131\u011f olaylar\u0131na kar\u015f\u0131 g\u00f6n\u00fcll\u00fclerine e\u011fitim veriyor.<\/p>\n","protected":false},"author":1,"featured_media":66216,"comment_status":"open","ping_status":"open","sticky":false,"template":"","format":"standard","meta":{"footnotes":""},"categories":[9,4,13],"tags":[1470,338,1373,4482,297],"class_list":["post-66215","post","type-post","status-publish","format-standard","has-post-thumbnail","hentry","category-genel","category-gundem","category-son-dakika","tag-arama-kurtarma","tag-cig","tag-egitimler","tag-ekibi","tag-kar"],"_links":{"self":[{"href":"https:\/\/bihavadis.com\/index.php\/wp-json\/wp\/v2\/posts\/66215","targetHints":{"allow":["GET"]}}],"collection":[{"href":"https:\/\/bihavadis.com\/index.php\/wp-json\/wp\/v2\/posts"}],"about":[{"href":"https:\/\/bihavadis.com\/index.php\/wp-json\/wp\/v2\/types\/post"}],"author":[{"embeddable":true,"href":"https:\/\/bihavadis.com\/index.php\/wp-json\/wp\/v2\/users\/1"}],"replies":[{"embeddable":true,"href":"https:\/\/bihavadis.com\/index.php\/wp-json\/wp\/v2\/comments?post=66215"}],"version-history":[{"count":1,"href":"https:\/\/bihavadis.com\/index.php\/wp-json\/wp\/v2\/posts\/66215\/revisions"}],"predecessor-version":[{"id":66217,"href":"https:\/\/bihavadis.com\/index.php\/wp-json\/wp\/v2\/posts\/66215\/revisions\/66217"}],"wp:featuredmedia":[{"embeddable":true,"href":"https:\/\/bihavadis.com\/index.php\/wp-json\/wp\/v2\/media\/66216"}],"wp:attachment":[{"href":"https:\/\/bihavadis.com\/index.php\/wp-json\/wp\/v2\/media?parent=66215"}],"wp:term":[{"taxonomy":"category","embeddable":true,"href":"https:\/\/bihavadis.com\/index.php\/wp-json\/wp\/v2\/categories?post=66215"},{"taxonomy":"post_tag","embeddable":true,"href":"https:\/\/bihavadis.com\/index.php\/wp-json\/wp\/v2\/tags?post=66215"}],"curies":[{"name":"wp","href":"https:\/\/api.w.org\/{rel}","templated":true}]}}