{"id":66235,"date":"2026-03-08T14:45:10","date_gmt":"2026-03-08T14:45:10","guid":{"rendered":"https:\/\/bihavadis.com\/?p=66235"},"modified":"2026-03-08T14:45:10","modified_gmt":"2026-03-08T14:45:10","slug":"kars-cildir-golune-martilar-bu-kez-erken-geldi","status":"publish","type":"post","link":"https:\/\/bihavadis.com\/index.php\/2026\/03\/08\/kars-cildir-golune-martilar-bu-kez-erken-geldi\/","title":{"rendered":"Kars \u00c7\u0131ld\u0131r G\u00f6l\u00fc&#8217;ne mart\u0131lar bu kez erken geldi"},"content":{"rendered":"<p>Kars \u00c7\u0131ld\u0131r G\u00f6l\u00fc&#8217;ne mart\u0131lar geldi&#8230;\u00a0<\/p>\n<p>Mart\u0131lar, \u00c7\u0131ld\u0131r G\u00f6l\u00fc&#8217;ne bu sezon yakla\u015f\u0131k olarak 15 g\u00fcn erken geldi.<\/p>\n<p>rHava s\u0131cakl\u0131klar\u0131n\u0131n mevsim normallerinin \u00fczerinde seyretti\u011fi b\u00f6lge, bu y\u0131l mart\u0131lar\u0131 erken kar\u015f\u0131lad\u0131.<\/p>\n<p>Kars\u2019\u0131n Arpa\u00e7ay il\u00e7esi \u00c7anaksu k\u00f6y\u00fc k\u0131y\u0131 a\u00e7\u0131klar\u0131nda bulunan Ku\u015fadas\u0131\u2019na g\u00f6\u00e7 eden mart\u0131lar, y\u00fczeyi buzla kapl\u0131 g\u00f6lde konaklad\u0131.<\/p>\n<p><strong>&#8220;KARIN ER\u0130MES\u0130 MART ORTASINI BULUR&#8221;<\/strong><\/p>\n<p>Mart\u0131lar\u0131n sonbahara kadar, hen\u00fcz y\u00fczeyi buzla kapl\u0131 \u00c7\u0131ld\u0131r G\u00f6l\u00fc\u2019nde kalmas\u0131 bekleniyor.<\/p>\n<p>G\u00f6l k\u0131y\u0131s\u0131nda i\u015fletmecilik yapan G\u00fcnay A\u011fbulak,<em><b> &#8220;Mart\u0131lar k\u00fcresel \u0131s\u0131nma nedeniyle bu y\u0131l erken geldi. Her y\u0131l mart ay\u0131 ba\u015flar\u0131nda gelen mart\u0131lar hava s\u0131cakl\u0131\u011f\u0131 nedeniyle erken geldi.<\/b><\/em><\/p>\n<p><em><b> Buzlar\u0131n erimesi mart ay\u0131 ortalar\u0131n\u0131 bulacak. Mart\u0131lar a\u00e7l\u0131k tehlikesiyle kar\u015f\u0131 kar\u015f\u0131ya kalacak<\/b><\/em>lar\u201d diye konu\u015ftu.<\/p>\n<p>G\u00f6lde yerli ve yabanc\u0131 turistleri gezdiren k\u0131zak\u00e7\u0131 Dural Ta\u015fdemir,<em><b> \u201c\u00c7\u0131ld\u0131r G\u00f6l\u2019\u00fcnde hava s\u0131cakl\u0131\u011f\u0131 mevsim normallerinin \u00fcst\u00fcnde. G\u00f6\u00e7men ku\u015flar gelmeye ba\u015flad\u0131. \u0130klim mi de\u011fi\u015fti, hava s\u0131cakl\u0131\u011f\u0131 m\u0131 de\u011fi\u015fti, Allah\u2019tan hay\u0131rl\u0131s\u0131 diyelim\u201d <\/b><\/em>dedi.<\/p>\n<p><img decoding=\"async\" src=\"https:\/\/bihavadis.com\/wp-content\/uploads\/2026\/03\/kars-cildir-golune-martilar-bu-kez-erken-geldi-0-XngpWsiJ.jpg\"\/><\/p>\n<p><strong>KIZAK SEFERLER\u0130<\/strong><\/p>\n<p>Bu arada \u00c7\u0131ld\u0131r G\u00f6l\u00fc&#8217;ne yerli ve yabanc\u0131 turist ilgisi de devam ediyor.<\/p>\n<p>Hemen hemen her g\u00fcn b\u00f6lgeye gelen yerli ve yabanc\u0131 misafirler, y\u00fczeyi 30 santimetreden kal\u0131n buzla kapl\u0131 g\u00f6lde atl\u0131 k\u0131zakla tur keyfi ya\u015f\u0131yor.\u00a0<\/p>\n<p><img decoding=\"async\" src=\"https:\/\/bihavadis.com\/wp-content\/uploads\/2026\/03\/kars-cildir-golune-martilar-bu-kez-erken-geldi-1-cikRumhM.jpg\"\/><\/p>\n<p><img decoding=\"async\" src=\"https:\/\/bihavadis.com\/wp-content\/uploads\/2026\/03\/kars-cildir-golune-martilar-bu-kez-erken-geldi-2-JiYs6t3D.jpg\"\/><\/p>\n<p><img decoding=\"async\" src=\"https:\/\/bihavadis.com\/wp-content\/uploads\/2026\/03\/kars-cildir-golune-martilar-bu-kez-erken-geldi-3-HNFibiKH.jpg\"\/><\/p>\n<p><img decoding=\"async\" src=\"https:\/\/bihavadis.com\/wp-content\/uploads\/2026\/03\/kars-cildir-golune-martilar-bu-kez-erken-geldi-4-5RrEcAOF.jpg\"\/><\/p>\n<p><img decoding=\"async\" src=\"https:\/\/bihavadis.com\/wp-content\/uploads\/2026\/03\/kars-cildir-golune-martilar-bu-kez-erken-geldi-5-1VT8DScB.jpg\"\/><\/p>\n<p><img decoding=\"async\" src=\"https:\/\/bihavadis.com\/wp-content\/uploads\/2026\/03\/kars-cildir-golune-martilar-bu-kez-erken-geldi-6-Pkm98EFl.jpg\"\/> <\/p>\n<div> <span><strong>Kaynak:<\/strong> Demir\u00f6ren Haber Ajans\u0131 (DHA)<\/span> <\/div>\n","protected":false},"excerpt":{"rendered":"<p>Kars \u00c7\u0131ld\u0131r G\u00f6l\u00fc&#8217;ne mart\u0131lar geldi&#8230;\u00a0 Mart\u0131lar, \u00c7\u0131ld\u0131r G\u00f6l\u00fc&#8217;ne bu sezon yakla\u015f\u0131k olarak 15 g\u00fcn erken geldi. rHava s\u0131cakl\u0131klar\u0131n\u0131n mevsim normallerinin \u00fczerinde seyretti\u011fi b\u00f6lge, bu y\u0131l mart\u0131lar\u0131 erken kar\u015f\u0131lad\u0131. Kars\u2019\u0131n Arpa\u00e7ay il\u00e7esi \u00c7anaksu k\u00f6y\u00fc &#8230;<\/p>\n","protected":false},"author":1,"featured_media":66236,"comment_status":"open","ping_status":"open","sticky":false,"template":"","format":"standard","meta":{"footnotes":""},"categories":[4,13],"tags":[7542,269,7541],"class_list":["post-66235","post","type-post","status-publish","format-standard","has-post-thumbnail","hentry","category-gundem","category-son-dakika","tag-cildir","tag-gol","tag-martilar"],"_links":{"self":[{"href":"https:\/\/bihavadis.com\/index.php\/wp-json\/wp\/v2\/posts\/66235","targetHints":{"allow":["GET"]}}],"collection":[{"href":"https:\/\/bihavadis.com\/index.php\/wp-json\/wp\/v2\/posts"}],"about":[{"href":"https:\/\/bihavadis.com\/index.php\/wp-json\/wp\/v2\/types\/post"}],"author":[{"embeddable":true,"href":"https:\/\/bihavadis.com\/index.php\/wp-json\/wp\/v2\/users\/1"}],"replies":[{"embeddable":true,"href":"https:\/\/bihavadis.com\/index.php\/wp-json\/wp\/v2\/comments?post=66235"}],"version-history":[{"count":1,"href":"https:\/\/bihavadis.com\/index.php\/wp-json\/wp\/v2\/posts\/66235\/revisions"}],"predecessor-version":[{"id":66244,"href":"https:\/\/bihavadis.com\/index.php\/wp-json\/wp\/v2\/posts\/66235\/revisions\/66244"}],"wp:featuredmedia":[{"embeddable":true,"href":"https:\/\/bihavadis.com\/index.php\/wp-json\/wp\/v2\/media\/66236"}],"wp:attachment":[{"href":"https:\/\/bihavadis.com\/index.php\/wp-json\/wp\/v2\/media?parent=66235"}],"wp:term":[{"taxonomy":"category","embeddable":true,"href":"https:\/\/bihavadis.com\/index.php\/wp-json\/wp\/v2\/categories?post=66235"},{"taxonomy":"post_tag","embeddable":true,"href":"https:\/\/bihavadis.com\/index.php\/wp-json\/wp\/v2\/tags?post=66235"}],"curies":[{"name":"wp","href":"https:\/\/api.w.org\/{rel}","templated":true}]}}