{"id":66252,"date":"2026-03-08T14:54:09","date_gmt":"2026-03-08T14:54:09","guid":{"rendered":"https:\/\/bihavadis.com\/?p=66252"},"modified":"2026-03-08T14:54:09","modified_gmt":"2026-03-08T14:54:09","slug":"meric-nehri-debisi-3-kat-artti","status":"publish","type":"post","link":"https:\/\/bihavadis.com\/index.php\/2026\/03\/08\/meric-nehri-debisi-3-kat-artti\/","title":{"rendered":"Meri\u00e7 Nehri Debisi 3 Kat Artt\u0131"},"content":{"rendered":"<p> Edirne&#8217;de Meri\u00e7 Nehri&#8217;nin debisi iki g\u00fcn \u00f6nceki \u00f6l\u00e7\u00fcme g\u00f6re neredeyse 3 kat\u0131na \u00e7\u0131kt\u0131.<\/p>\n<p>Kayna\u011f\u0131n\u0131 ald\u0131\u011f\u0131 Bulgaristan&#8217;daki ya\u011f\u0131\u015flar ve kar erimleri ile Edirne&#8217;deki sa\u011fanaklar nehrin debisini k\u0131sa s\u00fcrede art\u0131rd\u0131. Meri\u00e7 Nehri&#8217;ni besleyen Arda ve Tunca nehirlerinin debisi de bunda etkili oldu.<\/p>\n<p>Bulgaristan&#8217;\u0131n enerji \u00fcretti\u011fi baz\u0131 barajlardan kontroll\u00fc su salmas\u0131 da debinin y\u00fckselmesine neden oldu.<\/p>\n<p>DS\u0130 verilerine g\u00f6re iki g\u00fcn \u00f6nce saniyede 384 metrek\u00fcp akan Meri\u00e7&#8217;in son \u00f6l\u00e7\u00fcmlerde debisi 1119 metrek\u00fcp\/saniyeye \u00e7\u0131kt\u0131.<\/p>\n<p>Doygun akan nehir NATO K\u00f6pr\u00fcs\u00fc civar\u0131nda yatak d\u0131\u015f\u0131nda yay\u0131l\u0131m g\u00f6sterse de yerle\u015fim alanlar\u0131n\u0131 tehdit eden bir durum s\u00f6z konusu de\u011fil.<\/p>\n<p>Tunca ve Arda nehirleri<\/p>\n<p>Tunca Nehri&#8217;nin debisi saniyede 15 metrek\u00fcp ak\u0131yor.<\/p>\n<p>Tunca Nehri&#8217;nin y\u00fckselmesi Sarayi\u00e7i mevkisinden net g\u00f6r\u00fcl\u00fcyor. B\u00f6lgede nehir baz\u0131 alanlarda yatak s\u0131n\u0131r\u0131nda ak\u0131yor.<\/p>\n<p>Gece saatlerinde Bulgaristan&#8217;\u0131n \u0130vaylovgrad b\u00f6lgesinde Arda Nehri&#8217;nin debisinde d\u00fc\u015f\u00fc\u015f ba\u015flad\u0131. Bu d\u00fc\u015f\u00fc\u015f Meri\u00e7 Nehri debisinde de d\u00fc\u015f\u00fc\u015fe i\u015faret ediyor.<\/p>\n<p>Edirne Valili\u011fi yapt\u0131\u011f\u0131 a\u00e7\u0131klamada nehirdeki debi y\u00fckselmelerinin ta\u015fk\u0131n riski olu\u015fturmad\u0131\u011f\u0131n\u0131 belirtmi\u015fti.<\/p>\n","protected":false},"excerpt":{"rendered":"<p>Edirne&#8217;de Meri\u00e7 Nehri&#8217;nin debisi iki g\u00fcnde 3 kat artarak 1119 metrek\u00fcp\/saniyeye ula\u015ft\u0131.<\/p>\n","protected":false},"author":1,"featured_media":66253,"comment_status":"open","ping_status":"open","sticky":false,"template":"","format":"standard","meta":{"footnotes":""},"categories":[9,4,13],"tags":[7348],"class_list":["post-66252","post","type-post","status-publish","format-standard","has-post-thumbnail","hentry","category-genel","category-gundem","category-son-dakika","tag-nehir"],"_links":{"self":[{"href":"https:\/\/bihavadis.com\/index.php\/wp-json\/wp\/v2\/posts\/66252","targetHints":{"allow":["GET"]}}],"collection":[{"href":"https:\/\/bihavadis.com\/index.php\/wp-json\/wp\/v2\/posts"}],"about":[{"href":"https:\/\/bihavadis.com\/index.php\/wp-json\/wp\/v2\/types\/post"}],"author":[{"embeddable":true,"href":"https:\/\/bihavadis.com\/index.php\/wp-json\/wp\/v2\/users\/1"}],"replies":[{"embeddable":true,"href":"https:\/\/bihavadis.com\/index.php\/wp-json\/wp\/v2\/comments?post=66252"}],"version-history":[{"count":1,"href":"https:\/\/bihavadis.com\/index.php\/wp-json\/wp\/v2\/posts\/66252\/revisions"}],"predecessor-version":[{"id":66254,"href":"https:\/\/bihavadis.com\/index.php\/wp-json\/wp\/v2\/posts\/66252\/revisions\/66254"}],"wp:featuredmedia":[{"embeddable":true,"href":"https:\/\/bihavadis.com\/index.php\/wp-json\/wp\/v2\/media\/66253"}],"wp:attachment":[{"href":"https:\/\/bihavadis.com\/index.php\/wp-json\/wp\/v2\/media?parent=66252"}],"wp:term":[{"taxonomy":"category","embeddable":true,"href":"https:\/\/bihavadis.com\/index.php\/wp-json\/wp\/v2\/categories?post=66252"},{"taxonomy":"post_tag","embeddable":true,"href":"https:\/\/bihavadis.com\/index.php\/wp-json\/wp\/v2\/tags?post=66252"}],"curies":[{"name":"wp","href":"https:\/\/api.w.org\/{rel}","templated":true}]}}