{"id":66276,"date":"2026-03-08T15:09:08","date_gmt":"2026-03-08T15:09:08","guid":{"rendered":"https:\/\/bihavadis.com\/?p=66276"},"modified":"2026-03-08T15:09:08","modified_gmt":"2026-03-08T15:09:08","slug":"bella-hadid-tedavi-surecini-anlatti-kendimi-harcanabilir-hissettim","status":"publish","type":"post","link":"https:\/\/bihavadis.com\/index.php\/2026\/03\/08\/bella-hadid-tedavi-surecini-anlatti-kendimi-harcanabilir-hissettim\/","title":{"rendered":"Bella Hadid tedavi s\u00fcrecini anlatt\u0131: Kendimi harcanabilir hissettim"},"content":{"rendered":"<p>29 ya\u015f\u0131ndaki d\u00fcnyaca \u00fcnl\u00fc model Bella Hadid, 14 y\u0131ld\u0131r m\u00fccadele etti\u011fi Lyme hastal\u0131\u011f\u0131 nedeniyle kariyerine ara vermek zorunda kald\u0131\u011f\u0131n\u0131 a\u00e7\u0131klad\u0131.<\/p>\n<p>\u00dcnl\u00fc model, neredeyse bir y\u0131l boyunca t\u00fcm i\u015f tekliflerini geri \u00e7evirdi\u011fini ve bu s\u00fcre\u00e7te \u00e7ok y\u0131prand\u0131\u011f\u0131n\u0131 anlatt\u0131.<\/p>\n<p><strong>&#8220;S\u00dcRD\u00dcR\u00dcLEB\u0130L\u0130R DE\u011e\u0130L&#8221;<\/strong><\/p>\n<p>Vogue Italia dergisine r\u00f6portaj veren Bella Hadid <b><em>\u201cUzun y\u0131llar \u00e7al\u0131\u015fma \u015feklim s\u00fcrd\u00fcr\u00fclebilir de\u011fildi. COVID d\u00f6neminde bile \u00e7al\u0131\u015fmaya devam ettim.\u201d <\/em><\/b>dedi.<\/p>\n<p>Lyme hastal\u0131\u011f\u0131 tedavisi g\u00f6rd\u00fc\u011f\u00fc s\u00fcre\u00e7te neredeyse bir y\u0131l boyunca t\u00fcm projeleri geri \u00e7evirdi\u011fini belirten Hadid, o d\u00f6nemi \u015fu s\u00f6zlerle anlatt\u0131:<\/p>\n<p><img decoding=\"async\" src=\"https:\/\/bihavadis.com\/wp-content\/uploads\/2026\/03\/bella-hadid-tedavi-surecini-anlatti-kendimi-harcanabilir-hissettim-0-4cf1ismG.jpg\"\/><\/p>\n<p><strong>&#8220;\u00c7OK DUYGUSALDIM&#8221;<\/strong><\/p>\n<p><b><em>\u201cGe\u00e7en y\u0131l tedavi s\u00fcrecimdeyken neredeyse bir y\u0131l boyunca her i\u015fi reddetmek zorunda kald\u0131m. Bu y\u00fczden a\u011flad\u0131m. \u00c7ok duygusald\u0131m \u00e7\u00fcnk\u00fc kendinizi harcanabilir hissediyorsunuz.&#8221; <\/em><\/b><\/p>\n<p>Teksas\u2019ta atlar\u0131 ve k\u00f6pe\u011fiyle zaman ge\u00e7irmenin kendisine iyi geldi\u011fini s\u00f6yleyen Bella Hadid, i\u015f ve \u00f6zel hayat dengesini kurman\u0131n mutlulu\u011funu ya\u015fad\u0131\u011f\u0131n\u0131 belirtti ve<b><em> \u201cTeksas\u2019ta atlar\u0131m ve k\u00f6pe\u011fimle ger\u00e7ek bir hayat ya\u015famak, sonra i\u015fe d\u00f6nmek her \u015feyi daha anlaml\u0131 k\u0131l\u0131yor.\u201d <\/em><\/b>dedi.<\/p>\n<p><img decoding=\"async\" src=\"https:\/\/bihavadis.com\/wp-content\/uploads\/2026\/03\/bella-hadid-tedavi-surecini-anlatti-kendimi-harcanabilir-hissettim-1-9EtJFSTx.jpg\"\/><\/p>\n<p><img decoding=\"async\" src=\"https:\/\/bihavadis.com\/wp-content\/uploads\/2026\/03\/bella-hadid-tedavi-surecini-anlatti-kendimi-harcanabilir-hissettim-2-jDU4MXq7.jpg\"\/> <\/p>\n<div> <span><strong>Kaynak:<\/strong> Ensonhaber Haber Merkezi<\/span> <\/div>\n","protected":false},"excerpt":{"rendered":"<p>29 ya\u015f\u0131ndaki d\u00fcnyaca \u00fcnl\u00fc model Bella Hadid, 14 y\u0131ld\u0131r m\u00fccadele etti\u011fi Lyme hastal\u0131\u011f\u0131 nedeniyle kariyerine ara vermek zorunda kald\u0131\u011f\u0131n\u0131 a\u00e7\u0131klad\u0131. \u00dcnl\u00fc model, neredeyse bir y\u0131l boyunca t\u00fcm i\u015f tekliflerini geri \u00e7evirdi\u011fini ve bu s\u00fcre\u00e7te \u00e7ok &#8230;<\/p>\n","protected":false},"author":1,"featured_media":66277,"comment_status":"open","ping_status":"open","sticky":false,"template":"","format":"standard","meta":{"footnotes":""},"categories":[1],"tags":[],"class_list":["post-66276","post","type-post","status-publish","format-standard","has-post-thumbnail","hentry","category-uncategorized"],"_links":{"self":[{"href":"https:\/\/bihavadis.com\/index.php\/wp-json\/wp\/v2\/posts\/66276","targetHints":{"allow":["GET"]}}],"collection":[{"href":"https:\/\/bihavadis.com\/index.php\/wp-json\/wp\/v2\/posts"}],"about":[{"href":"https:\/\/bihavadis.com\/index.php\/wp-json\/wp\/v2\/types\/post"}],"author":[{"embeddable":true,"href":"https:\/\/bihavadis.com\/index.php\/wp-json\/wp\/v2\/users\/1"}],"replies":[{"embeddable":true,"href":"https:\/\/bihavadis.com\/index.php\/wp-json\/wp\/v2\/comments?post=66276"}],"version-history":[{"count":1,"href":"https:\/\/bihavadis.com\/index.php\/wp-json\/wp\/v2\/posts\/66276\/revisions"}],"predecessor-version":[{"id":66281,"href":"https:\/\/bihavadis.com\/index.php\/wp-json\/wp\/v2\/posts\/66276\/revisions\/66281"}],"wp:featuredmedia":[{"embeddable":true,"href":"https:\/\/bihavadis.com\/index.php\/wp-json\/wp\/v2\/media\/66277"}],"wp:attachment":[{"href":"https:\/\/bihavadis.com\/index.php\/wp-json\/wp\/v2\/media?parent=66276"}],"wp:term":[{"taxonomy":"category","embeddable":true,"href":"https:\/\/bihavadis.com\/index.php\/wp-json\/wp\/v2\/categories?post=66276"},{"taxonomy":"post_tag","embeddable":true,"href":"https:\/\/bihavadis.com\/index.php\/wp-json\/wp\/v2\/tags?post=66276"}],"curies":[{"name":"wp","href":"https:\/\/api.w.org\/{rel}","templated":true}]}}