{"id":66330,"date":"2026-03-08T15:30:10","date_gmt":"2026-03-08T15:30:10","guid":{"rendered":"https:\/\/bihavadis.com\/?p=66330"},"modified":"2026-03-08T15:30:10","modified_gmt":"2026-03-08T15:30:10","slug":"sanatla-direnis-80-yasindaki-ressamin-hikayesi","status":"publish","type":"post","link":"https:\/\/bihavadis.com\/index.php\/2026\/03\/08\/sanatla-direnis-80-yasindaki-ressamin-hikayesi\/","title":{"rendered":"Sanatla Direni\u015f: 80 Ya\u015f\u0131ndaki Ressam\u0131n Hikayesi"},"content":{"rendered":"<p> \u0130srail&#8217;in Gazze \u015eeridi&#8217;ne y\u00f6nelik sald\u0131r\u0131lar\u0131nda 3 o\u011flunu kaybeden ve aya\u011f\u0131ndan yaralanan 80 ya\u015f\u0131ndaki Filistinli ressam Muhammed Abd\u00fclcelil Zemlut, ya\u015fad\u0131\u011f\u0131 b\u00fcy\u00fck kay\u0131plara ra\u011fmen sanatla ayakta kalmaya \u00e7al\u0131\u015f\u0131yor.<\/p>\n<p>Gazze&#8217;nin kuzeyinden sald\u0131r\u0131lar nedeniyle g\u00f6\u00e7 etmek zorunda kalan Zemlut, hayatta kalan aile fertleriyle Gazze \u015eeridi&#8217;nin orta kesimindeki Bureyc M\u00fclteci Kamp\u0131&#8217;na s\u0131\u011f\u0131nd\u0131.<\/p>\n<p>\u00d6mr\u00fcn\u00fcn 30 y\u0131l\u0131n\u0131 e\u011fitime ve sanata adayan Filistinli ressam, kald\u0131\u011f\u0131 \u00e7ad\u0131rda Filistin halk\u0131n\u0131n ac\u0131lar\u0131n\u0131, ge\u00e7mi\u015fteki mutlu g\u00fcnlerini ve sald\u0131r\u0131lar\u0131n b\u0131rakt\u0131\u011f\u0131 derin izleri resimlerine yans\u0131t\u0131yor.<\/p>\n<p>AA muhabirine konu\u015fan Zemlut, \u0130srail sald\u0131r\u0131lar\u0131nda o\u011fullar\u0131 \u015eadi, Ali ve Abdullah&#8217;\u0131 kaybetti\u011fini belirterek, ya\u015fad\u0131\u011f\u0131 ac\u0131y\u0131 sanatla hafifletmeye \u00e7al\u0131\u015ft\u0131\u011f\u0131n\u0131 s\u00f6yledi.<\/p>\n<p>Aya\u011f\u0131ndan yaral\u0131 oldu\u011funu ve temel ya\u015fam ko\u015fullar\u0131ndan yoksun bulundu\u011funu aktaran Zemlut, sanat\u0131n kendisi i\u00e7in bir diren\u00e7 ve ifade arac\u0131 oldu\u011funu vurgulad\u0131.<\/p>\n<p>Bir \u00f6m\u00fcr sanatla ge\u00e7ti<\/p>\n<p>Kahire G\u00fczel Sanatlar Fak\u00fcltesinden 1970 y\u0131l\u0131nda mezun oldu\u011funu belirten Zemlut, L\u00fcbnan ve Suudi Arabistan&#8217;da uzun y\u0131llar sanat e\u011fitimi verdi\u011fini, 1995&#8217;te Filistin&#8217;e d\u00f6nd\u00fckten sonra da sanatsal \u00e7al\u0131\u015fmalar\u0131n\u0131 s\u00fcrd\u00fcrd\u00fc\u011f\u00fcn\u00fc s\u00f6yledi.<\/p>\n<p>&#8220;Seksen ya\u015f\u0131nday\u0131m ve bu sava\u015fta halk\u0131mla birlikte ben de b\u00fcy\u00fck ac\u0131lar ya\u015fad\u0131m.&#8221; diyen Zemlut, sald\u0131r\u0131lar\u0131n ard\u0131ndan sanata daha fazla sar\u0131ld\u0131\u011f\u0131n\u0131, resim yaparken i\u00e7indeki ac\u0131y\u0131 tuvallere aktard\u0131\u011f\u0131n\u0131 belirtti.<\/p>\n<p>\u00c7izdi\u011fi eserlerle d\u00fcnyaya Gazze&#8217;de ya\u015fananlar\u0131 anlatmak istedi\u011fini dile getiren Zelmut, &#8220;\u00dc\u00e7 \u00e7ocu\u011fum \u0130srail sald\u0131r\u0131lar\u0131nda \u015fehit oldu. Resim yaparak ya\u015fama tutunmaya \u00e7al\u0131\u015f\u0131yorum.&#8221; dedi.<\/p>\n<p>Zemlut, resimlerinde yaln\u0131zca &#8220;sald\u0131r\u0131lar\u0131n ac\u0131 y\u00fcz\u00fcn\u00fc&#8221; de\u011fil, Filistinlilerin sald\u0131r\u0131lardan \u00f6nceki ya\u015fam\u0131n\u0131, sevin\u00e7lerini ve k\u00fclt\u00fcr\u00fcn\u00fc de aktard\u0131\u011f\u0131n\u0131 vurgulayarak, &#8220;Yapt\u0131\u011f\u0131m resimlerle d\u00fcnyaya ya\u015fad\u0131\u011f\u0131m\u0131z sava\u015f\u0131, ac\u0131lar\u0131 ve sava\u015ftan \u00f6nceki mutlu g\u00fcnlerimizi yans\u0131t\u0131yorum.&#8221; ifadelerini kulland\u0131.<\/p>\n<p>&#8220;Resim yaparken kalbimdeki ac\u0131y\u0131 tuvallere d\u00f6k\u00fcyorum&#8221;<\/p>\n<p>Sanatla duygular\u0131n\u0131 yans\u0131tt\u0131\u011f\u0131n\u0131 belirten Zemlut, resim yaparken i\u00e7indeki ac\u0131y\u0131 ve ya\u015fad\u0131klar\u0131n\u0131 tuvallere aktard\u0131\u011f\u0131n\u0131 s\u00f6yledi.<\/p>\n<p>&#8220;Bir sanat\u00e7\u0131 olarak resim yaparken kalbimdeki b\u00fct\u00fcn duygular\u0131 bu \u00e7izimlerle d\u0131\u015fa vuruyorum. \u015eehitleri \u00e7iziyorum, \u015fehit annesini \u00e7iziyorum; o\u011flunu nas\u0131l kar\u015f\u0131lad\u0131\u011f\u0131n\u0131, nas\u0131l u\u011furlad\u0131\u011f\u0131n\u0131 resmediyorum.&#8221; diyen Zemlut, zihninde canland\u0131rd\u0131\u011f\u0131 sahneleri tablolar\u0131na aksettirdi\u011fini anlatt\u0131.<\/p>\n<p>\u015eehit annesi ve k\u0131z karde\u015flerinin ba\u015flar\u0131n\u0131n \u00fczerinde g\u00fcvercinler \u00e7izdi\u011fini payla\u015fan Zemlut, &#8220;O manzaray\u0131 hayal ediyorum ve resmediyorum.&#8221; dedi.<\/p>\n<p>\u00c7ad\u0131rda ya\u015fam\u0131n son derece zor oldu\u011funu dile getiren Zemlut, &#8220;\u00c7ad\u0131rda ya\u015f\u0131yorum ve \u00e7ekti\u011fim s\u0131k\u0131nt\u0131lar \u00e7ok a\u011f\u0131r. \u0130nsanlar\u0131n dayanamayaca\u011f\u0131 pek \u00e7ok \u015fey var.&#8221; ifadelerini kulland\u0131.<\/p>\n<p>Zemlut, zaman zaman \u00e7ad\u0131r\u0131n kap\u0131s\u0131na \u00e7\u0131kt\u0131\u011f\u0131n\u0131 ve \u00e7evreye bakt\u0131\u011f\u0131n\u0131 belirterek, &#8220;A\u011fa\u00e7lara bak\u0131yorum. Dimdik ayakta duran bir a\u011fa\u00e7 g\u00f6r\u00fcyorum ve Allah&#8217;tan beni de o a\u011fa\u00e7 gibi g\u00fc\u00e7l\u00fc k\u0131lmas\u0131n\u0131 diliyorum. O a\u011fa\u00e7lar\u0131 \u00e7iziyorum, ya\u015fad\u0131\u011f\u0131m ac\u0131lar\u0131 \u00e7iziyorum, hayat\u0131m\u0131 \u00e7iziyorum ve b\u00fct\u00fcn d\u00fc\u015f\u00fcncelerimi bu tablolara aktar\u0131yorum.&#8221; diye konu\u015ftu.<\/p>\n<p>\u00c7ad\u0131rda \u00e7izilen ac\u0131 ve umut<\/p>\n<p>Bureyc M\u00fclteci Kamp\u0131&#8217;ndaki \u00e7ad\u0131r\u0131nda zor \u015fartlar alt\u0131nda ya\u015fam\u0131n\u0131 s\u00fcrd\u00fcren Zemlut, \u00f6zellikle \u00e7ocuklar\u0131n\u0131n kay\u0131plar\u0131n\u0131 konu alan bir tablosunun kendisi ve g\u00f6renler i\u00e7in \u00e7ok sars\u0131c\u0131 oldu\u011funu anlatt\u0131.<\/p>\n<p>&#8220;O tabloda, ya\u015fl\u0131 bir baban\u0131n \u015fehit olan o\u011fullar\u0131n\u0131n ba\u015f\u0131nda duru\u015funu \u00e7izdim. Ben o resme bak\u0131nca a\u011fl\u0131yorum, g\u00f6renler de a\u011fl\u0131yor.&#8221; diyen Zemlut, eserlerinin Gazze&#8217;de ya\u015fanan insanl\u0131k dram\u0131n\u0131n sessiz tan\u0131klar\u0131 oldu\u011funu s\u00f6yledi.<\/p>\n<p>Zemlut, &#8220;Bu resimlerle d\u00fcnyaya sesleniyorum. Sanat\u00e7\u0131lara, \u00f6zellikle benim gibi ya\u015fl\u0131 olanlara sahip \u00e7\u0131k\u0131ls\u0131n. Benim ve Filistin halk\u0131n\u0131n ya\u015fad\u0131\u011f\u0131 bu ac\u0131lar unutulmas\u0131n.&#8221; diyerek uluslararas\u0131 topluma yard\u0131m \u00e7a\u011fr\u0131s\u0131nda bulundu.<\/p>\n","protected":false},"excerpt":{"rendered":"<p>\u0130srail&#8217;in Gazze \u015eeridi&#8217;ne y\u00f6nelik sald\u0131r\u0131lar\u0131nda 3 o\u011flunu kaybeden ve aya\u011f\u0131ndan yaralanan 80 ya\u015f\u0131ndaki Filistinli ressam Muhammed Abd\u00fclcelil Zemlut, ya\u015fad\u0131\u011f\u0131 b\u00fcy\u00fck kay\u0131plara ra\u011fmen sanatla ayakta kalmaya \u00e7al\u0131\u015f\u0131yor.<\/p>\n","protected":false},"author":1,"featured_media":66331,"comment_status":"open","ping_status":"open","sticky":false,"template":"","format":"standard","meta":{"footnotes":""},"categories":[9,4,13],"tags":[3497,414,337,3088,1258],"class_list":["post-66330","post","type-post","status-publish","format-standard","has-post-thumbnail","hentry","category-genel","category-gundem","category-son-dakika","tag-aci","tag-filistin","tag-resim","tag-saldirilar","tag-sanat"],"_links":{"self":[{"href":"https:\/\/bihavadis.com\/index.php\/wp-json\/wp\/v2\/posts\/66330","targetHints":{"allow":["GET"]}}],"collection":[{"href":"https:\/\/bihavadis.com\/index.php\/wp-json\/wp\/v2\/posts"}],"about":[{"href":"https:\/\/bihavadis.com\/index.php\/wp-json\/wp\/v2\/types\/post"}],"author":[{"embeddable":true,"href":"https:\/\/bihavadis.com\/index.php\/wp-json\/wp\/v2\/users\/1"}],"replies":[{"embeddable":true,"href":"https:\/\/bihavadis.com\/index.php\/wp-json\/wp\/v2\/comments?post=66330"}],"version-history":[{"count":1,"href":"https:\/\/bihavadis.com\/index.php\/wp-json\/wp\/v2\/posts\/66330\/revisions"}],"predecessor-version":[{"id":66332,"href":"https:\/\/bihavadis.com\/index.php\/wp-json\/wp\/v2\/posts\/66330\/revisions\/66332"}],"wp:featuredmedia":[{"embeddable":true,"href":"https:\/\/bihavadis.com\/index.php\/wp-json\/wp\/v2\/media\/66331"}],"wp:attachment":[{"href":"https:\/\/bihavadis.com\/index.php\/wp-json\/wp\/v2\/media?parent=66330"}],"wp:term":[{"taxonomy":"category","embeddable":true,"href":"https:\/\/bihavadis.com\/index.php\/wp-json\/wp\/v2\/categories?post=66330"},{"taxonomy":"post_tag","embeddable":true,"href":"https:\/\/bihavadis.com\/index.php\/wp-json\/wp\/v2\/tags?post=66330"}],"curies":[{"name":"wp","href":"https:\/\/api.w.org\/{rel}","templated":true}]}}