{"id":66379,"date":"2026-03-08T16:12:09","date_gmt":"2026-03-08T16:12:09","guid":{"rendered":"https:\/\/bihavadis.com\/?p=66379"},"modified":"2026-03-08T16:12:09","modified_gmt":"2026-03-08T16:12:09","slug":"kezban-ozsahinin-engel-tanimayan-mucadelesi","status":"publish","type":"post","link":"https:\/\/bihavadis.com\/index.php\/2026\/03\/08\/kezban-ozsahinin-engel-tanimayan-mucadelesi\/","title":{"rendered":"Kezban \u00d6z\u015fahin&#8217;in Engel Tan\u0131mayan M\u00fccadelesi"},"content":{"rendered":"<p> \u00c7orum&#8217;da ya\u015fayan 58 ya\u015f\u0131ndaki Kezban \u00d6z\u015fahin, zihinsel ve bedensel engelli o\u011flu Burak&#8217;\u0131n bak\u0131m\u0131n\u0131 25 y\u0131ld\u0131r tek ba\u015f\u0131na ger\u00e7ekle\u015ftiriyor.<\/p>\n<p>K\u00fc\u00e7\u00fck ya\u015flarda g\u00f6t\u00fcr\u00fcld\u00fc\u011f\u00fc hastanede gev\u015fek kas sendromu te\u015fhisi konulan 27 ya\u015f\u0131ndaki Burak \u00d6z\u015fahin, annesi Kezban \u00d6z\u015fahin&#8217;in \u00f6zverisiyle hayata tutunuyor.<\/p>\n<p>Anne \u00d6z\u015fahin, ayn\u0131 zamanda zihinsel engelli olan o\u011flunun e\u011fitimi, tedavisi ve bak\u0131m\u0131 i\u00e7in b\u00fcy\u00fck \u00e7aba g\u00f6steriyor.<\/p>\n<p>G\u00fcnd\u00fczleri o\u011flunun gereksinimlerini yerine getiren \u00d6z\u015fahin, ak\u015famlar\u0131 da 3 y\u0131l \u00f6nce Alzheimer hastas\u0131 olan e\u015finin bak\u0131m\u0131 ile ev i\u015flerini yap\u0131yor.<\/p>\n<p>Burak \u00d6z\u015fahin, \u00c7orum Belediyesi ekiplerince her g\u00fcn \u00f6zel ara\u00e7la evinden al\u0131narak Engelli E\u011fitim ve Rehabilitasyon Merkezine g\u00f6t\u00fcr\u00fcl\u00fcyor.<\/p>\n<p>Burada \u00e7e\u015fitli kurslara kat\u0131lan Burak, ki\u015fisel becerilerini geli\u015ftiriyor.<\/p>\n<p>Anne Kezban \u00d6z\u015fahin, AA muhabirine, kar\u015f\u0131la\u015ft\u0131\u011f\u0131 zorluklara ra\u011fmen o\u011fluna ve e\u015fine bakman\u0131n kendisi i\u00e7in en b\u00fcy\u00fck sorumluluk oldu\u011funu s\u00f6yledi.<\/p>\n<p>O\u011flunu 2 ya\u015f\u0131na gelmesine ra\u011fmen emekleyememesi \u00fczerine hastaneye g\u00f6t\u00fcrd\u00fc\u011f\u00fcn\u00fc, burada gev\u015fek kas sendromu te\u015fhisi konuldu\u011funu belirten \u00d6z\u015fahin, birka\u00e7 kez ameliyat edildi\u011fini anlatt\u0131.<\/p>\n<p>O\u011flunu 14 y\u0131l s\u0131rt\u0131nda ta\u015f\u0131yarak okula, 25 y\u0131ld\u0131r da fizik tedaviye g\u00f6t\u00fcrd\u00fc\u011f\u00fcn\u00fc dile getiren \u00d6z\u015fahin, &#8220;G\u00fcc\u00fcm yetmiyor art\u0131k diyene kadar g\u00f6t\u00fcrece\u011fim. Burak oralara \u00e7ok hevesli, heyecanl\u0131 gidiyor. Ben onun hevesini nas\u0131l k\u0131ray\u0131m da evde b\u0131rakay\u0131m.&#8221; dedi.<\/p>\n<p>O\u011flunun \u00f6\u011frenmeye \u00e7ok hevesli oldu\u011funu vurgulayan \u00d6z\u015fahin, &#8220;Burak \u00e7ok azimli. Ben de onun hem eli hem aya\u011f\u0131y\u0131m. Onun azmini ben yerde koyamam. Burak&#8217;\u0131n ba\u015f\u0131na ge\u00e7erken, &#8216;Allah&#8217;\u0131m, sen verdin, senin emanetin, ben bir \u00e7oban\u0131m. \u00d6mr\u00fcm\u00fcn sonuna kadar o\u011fluma hizmet ederim&#8217; diyorum.&#8221; ifadesini kulland\u0131.<\/p>\n<p>O\u011fluyla ilgilenirken hi\u00e7 yorulmad\u0131\u011f\u0131n\u0131 anlatan \u00d6z\u015fahin, \u015funlar\u0131 kaydetti: <\/p>\n<p>&#8220;\u00c7anakkale&#8217;de harp ederken Seyit Onba\u015f\u0131 250 kiloyu kendisi kald\u0131rmad\u0131, peygamberler onun elinden tuttu. Benim elimden de tutuyorlar. Burak 77 kilo, 10 kiloyu kald\u0131r\u0131rken zorlan\u0131yorum ama Burak&#8217;\u0131 kald\u0131r\u0131rken hi\u00e7 zorlanm\u0131yorum, kald\u0131r\u0131yorum, s\u0131rt\u0131ma al\u0131yorum. Ben 58 ya\u015f\u0131nday\u0131m, 108 ya\u015f\u0131nda da olsam ayn\u0131 m\u00fccadeleyi, ayn\u0131 davran\u0131\u015f\u0131 yine yapar\u0131m. O\u011flumdan \u00f6mr\u00fcm\u00fcn sonuna kadar vazge\u00e7mem.&#8221;<\/p>\n<p>\u00d6z\u015fahin, engelli bireylerin d\u00f6rt duvar aras\u0131nda kalmamas\u0131 gerekti\u011fini s\u00f6zlerine ekledi.<\/p>\n<p>&#8220;Burak&#8217;a g\u00f6z\u00fcm\u00fcz gibi bak\u0131yoruz&#8221;<\/p>\n<p>Burak \u00d6z\u015fahin&#8217;e \u00c7orum Belediyesi Engelli E\u011fitim ve Rehabilitasyon Merkezinde bilgisayar e\u011fitimi veren bilgisayar \u00f6\u011fretmeni Emine Do\u011fan ise \u00d6z\u015fahin&#8217;in merkezlerinde \u00f6z g\u00fcvenli bir bireye d\u00f6n\u00fc\u015ft\u00fc\u011f\u00fcn\u00fc s\u00f6yledi.<\/p>\n<p>Burak \u00d6z\u015fahin&#8217;in e\u011fitim s\u00fcrecinde g\u00f6sterdi\u011fi geli\u015fime dikkati \u00e7eken Do\u011fan, &#8220;Burak i\u00e7in bilgisayar sadece teknoloji olmad\u0131. \u0130lk geldi\u011finde bu kadar \u00f6z g\u00fcvenli de\u011fildi. \u015eu an herkesle kendini e\u015fit g\u00f6r\u00fcyor. Hak arama konusundan tutun da bilgiye eri\u015fim konusunda b\u00fct\u00fcn arkada\u015flar\u0131n\u0131 ge\u00e7meye ba\u015flad\u0131.&#8221; diye konu\u015ftu.<\/p>\n<p>Anne Kezban \u00d6z\u015fahin&#8217;in b\u00fct\u00fcn engelli ailelere \u00f6rnek olacak bir ki\u015fi oldu\u011funun alt\u0131n\u0131 \u00e7izen Do\u011fan, s\u00f6zlerini \u015f\u00f6yle s\u00fcrd\u00fcrd\u00fc: <\/p>\n<p>&#8220;Bizimle hi\u00e7bir zaman ileti\u015fimini kesmedi. Gidebildi\u011fi yere kadar g\u00f6t\u00fcr\u00fclmesini istedi. Bize, &#8216;O\u011flumun emaneti sizde. Ona g\u00f6z\u00fcn\u00fcz gibi bak\u0131n&#8217; dedi. Biz de Burak&#8217;a g\u00f6z\u00fcm\u00fcz gibi bak\u0131yoruz. Burak bir i\u015fe girmi\u015f olsa, normal bir bireyin yapabilece\u011fi b\u00fct\u00fcn i\u015flemleri bilgisayarda ger\u00e7ekle\u015ftirebilecek potansiyele geldi. Ne fiziksel ne de bedensel, \u00f6\u011frenmek i\u00e7in hi\u00e7bir engel yok.&#8221;<\/p>\n","protected":false},"excerpt":{"rendered":"<p>\u00c7orum&#8217;da 25 y\u0131ld\u0131r zihinsel ve bedensel engelli o\u011flu Burak&#8217;a bakan Kezban \u00d6z\u015fahin, sevgiyle m\u00fccadele ediyor.<\/p>\n","protected":false},"author":1,"featured_media":0,"comment_status":"open","ping_status":"open","sticky":false,"template":"","format":"standard","meta":{"footnotes":""},"categories":[9,4,13],"tags":[2232,233,648,254],"class_list":["post-66379","post","type-post","status-publish","format-standard","hentry","category-genel","category-gundem","category-son-dakika","tag-burak","tag-egitim","tag-engelli","tag-oglu"],"_links":{"self":[{"href":"https:\/\/bihavadis.com\/index.php\/wp-json\/wp\/v2\/posts\/66379","targetHints":{"allow":["GET"]}}],"collection":[{"href":"https:\/\/bihavadis.com\/index.php\/wp-json\/wp\/v2\/posts"}],"about":[{"href":"https:\/\/bihavadis.com\/index.php\/wp-json\/wp\/v2\/types\/post"}],"author":[{"embeddable":true,"href":"https:\/\/bihavadis.com\/index.php\/wp-json\/wp\/v2\/users\/1"}],"replies":[{"embeddable":true,"href":"https:\/\/bihavadis.com\/index.php\/wp-json\/wp\/v2\/comments?post=66379"}],"version-history":[{"count":1,"href":"https:\/\/bihavadis.com\/index.php\/wp-json\/wp\/v2\/posts\/66379\/revisions"}],"predecessor-version":[{"id":66380,"href":"https:\/\/bihavadis.com\/index.php\/wp-json\/wp\/v2\/posts\/66379\/revisions\/66380"}],"wp:attachment":[{"href":"https:\/\/bihavadis.com\/index.php\/wp-json\/wp\/v2\/media?parent=66379"}],"wp:term":[{"taxonomy":"category","embeddable":true,"href":"https:\/\/bihavadis.com\/index.php\/wp-json\/wp\/v2\/categories?post=66379"},{"taxonomy":"post_tag","embeddable":true,"href":"https:\/\/bihavadis.com\/index.php\/wp-json\/wp\/v2\/tags?post=66379"}],"curies":[{"name":"wp","href":"https:\/\/api.w.org\/{rel}","templated":true}]}}