{"id":66403,"date":"2026-03-08T16:33:10","date_gmt":"2026-03-08T16:33:10","guid":{"rendered":"https:\/\/bihavadis.com\/?p=66403"},"modified":"2026-03-08T16:33:10","modified_gmt":"2026-03-08T16:33:10","slug":"van-ve-musta-kar-nedeniyle-yollar-kapandi","status":"publish","type":"post","link":"https:\/\/bihavadis.com\/index.php\/2026\/03\/08\/van-ve-musta-kar-nedeniyle-yollar-kapandi\/","title":{"rendered":"Van ve Mu\u015f&#8217;ta Kar Nedeniyle Yollar Kapand\u0131"},"content":{"rendered":"<p> Van ve Mu\u015f&#8217;ta olumsuz hava ko\u015fullar\u0131 nedeniyle 68 yerle\u015fim biriminin yolu ula\u015f\u0131ma kapand\u0131.<\/p>\n<p>Van B\u00fcy\u00fck\u015fehir Belediyesinden yap\u0131lan a\u00e7\u0131klamaya g\u00f6re, kar ve tipi nedeniyle kent genelinde 5 yerle\u015fim yerine ula\u015f\u0131m sa\u011flanam\u0131yor.<\/p>\n<p>Kapal\u0131 yollar\u0131n a\u00e7\u0131lmas\u0131 i\u00e7in karla m\u00fccadele ekipleri, \u00e7al\u0131\u015fmalar\u0131n\u0131 s\u00fcrd\u00fcr\u00fcyor.<\/p>\n<p>Mu\u015f<\/p>\n<p>Kentte gece etkili olan kar nedeniyle 63 k\u00f6ye ula\u015f\u0131m sa\u011flanam\u0131yor.<\/p>\n<p>\u0130l \u00d6zel \u0130daresi ekipleri kapanan yollar\u0131n a\u00e7\u0131lmas\u0131 i\u00e7in \u00e7al\u0131\u015fma ba\u015flatt\u0131.<\/p>\n<p>\u0130l \u00d6zel \u0130daresi Genel Sekteri \u015eeyhmus Yent\u00fcr, ula\u015f\u0131m\u0131n aksamamas\u0131 i\u00e7in yo\u011fun bir \u00e7al\u0131\u015fma y\u00fcr\u00fctt\u00fcklerini belirtti.<\/p>\n<p>Baz\u0131 k\u00f6y yollar\u0131n\u0131n ula\u015f\u0131ma a\u00e7\u0131ld\u0131\u011f\u0131n\u0131 belirten Yent\u00fcr, &#8220;Kapal\u0131 bulunan g\u00fczergahlarda yollar\u0131n a\u00e7\u0131lmas\u0131 i\u00e7in gayret g\u00f6steriyoruz. Kar ya\u011f\u0131\u015f\u0131 ve f\u0131rt\u0131na nedeniyle kapanan 63 k\u00f6y yolunu en k\u0131sa zamanda ula\u015f\u0131ma a\u00e7aca\u011f\u0131z.&#8221; dedi.<\/p>\n<p>Hakkari<\/p>\n<p>Kentte sabah hafif kar ya\u011f\u0131\u015f\u0131 ve sis etkili oldu.<\/p>\n<p>\u0130l \u00d6zel \u0130daresinden al\u0131nan bilgiye g\u00f6re, kar nedeniyle kapanan 1 k\u00f6y ve mezra yolu, ekiplerin \u00e7abalar\u0131 sonucu a\u00e7\u0131ld\u0131.<\/p>\n<p>Derecik il\u00e7esinde de yo\u011fun sis nedeniyle g\u00f6r\u00fc\u015f mesafesi d\u00fc\u015ft\u00fc, s\u00fcr\u00fcc\u00fcler ilerlemekte g\u00fc\u00e7l\u00fck ya\u015fad\u0131.<\/p>\n<p>\u0130l\u00e7ede ve da\u011f eteklerinde etkisini art\u0131ran sis dron ile g\u00f6r\u00fcnt\u00fclendi.<\/p>\n","protected":false},"excerpt":{"rendered":"<p>Van ve Mu\u015f&#8217;ta kar ve tipi nedeniyle 68 yerle\u015fim biriminin yolu ula\u015f\u0131ma kapand\u0131, ekipler \u00e7al\u0131\u015f\u0131yor.<\/p>\n","protected":false},"author":1,"featured_media":66404,"comment_status":"open","ping_status":"open","sticky":false,"template":"","format":"standard","meta":{"footnotes":""},"categories":[9,4,13],"tags":[297,701],"class_list":["post-66403","post","type-post","status-publish","format-standard","has-post-thumbnail","hentry","category-genel","category-gundem","category-son-dakika","tag-kar","tag-ulasim"],"_links":{"self":[{"href":"https:\/\/bihavadis.com\/index.php\/wp-json\/wp\/v2\/posts\/66403","targetHints":{"allow":["GET"]}}],"collection":[{"href":"https:\/\/bihavadis.com\/index.php\/wp-json\/wp\/v2\/posts"}],"about":[{"href":"https:\/\/bihavadis.com\/index.php\/wp-json\/wp\/v2\/types\/post"}],"author":[{"embeddable":true,"href":"https:\/\/bihavadis.com\/index.php\/wp-json\/wp\/v2\/users\/1"}],"replies":[{"embeddable":true,"href":"https:\/\/bihavadis.com\/index.php\/wp-json\/wp\/v2\/comments?post=66403"}],"version-history":[{"count":1,"href":"https:\/\/bihavadis.com\/index.php\/wp-json\/wp\/v2\/posts\/66403\/revisions"}],"predecessor-version":[{"id":66405,"href":"https:\/\/bihavadis.com\/index.php\/wp-json\/wp\/v2\/posts\/66403\/revisions\/66405"}],"wp:featuredmedia":[{"embeddable":true,"href":"https:\/\/bihavadis.com\/index.php\/wp-json\/wp\/v2\/media\/66404"}],"wp:attachment":[{"href":"https:\/\/bihavadis.com\/index.php\/wp-json\/wp\/v2\/media?parent=66403"}],"wp:term":[{"taxonomy":"category","embeddable":true,"href":"https:\/\/bihavadis.com\/index.php\/wp-json\/wp\/v2\/categories?post=66403"},{"taxonomy":"post_tag","embeddable":true,"href":"https:\/\/bihavadis.com\/index.php\/wp-json\/wp\/v2\/tags?post=66403"}],"curies":[{"name":"wp","href":"https:\/\/api.w.org\/{rel}","templated":true}]}}