{"id":66480,"date":"2026-03-08T17:18:08","date_gmt":"2026-03-08T17:18:08","guid":{"rendered":"https:\/\/bihavadis.com\/?p=66480"},"modified":"2026-03-08T17:18:08","modified_gmt":"2026-03-08T17:18:08","slug":"vladimir-zelensky-uclu-muzakerelerin-bir-sonraki-turu-martin-basinda-yapilabilir","status":"publish","type":"post","link":"https:\/\/bihavadis.com\/index.php\/2026\/03\/08\/vladimir-zelensky-uclu-muzakerelerin-bir-sonraki-turu-martin-basinda-yapilabilir\/","title":{"rendered":"Vladimir Zelensky: \u00dc\u00e7l\u00fc m\u00fczakerelerin bir sonraki turu Mart&#8217;\u0131n ba\u015f\u0131nda yap\u0131labilir"},"content":{"rendered":"<p>Ukrayna ile Rusya aras\u0131ndaki sava\u015f devam ederken diplomatik \u00e7al\u0131\u015fmalar da s\u00fcr\u00fcyor.\u00a0<\/p>\n<p>Rusya-Ukrayna Sava\u015f\u0131n\u0131n sona erdirilmesi amac\u0131yla Ukrayna, Rusya ve ABD aras\u0131ndaki \u00fc\u00e7l\u00fc m\u00fczakerelerin son turu \u0130svi\u00e7re&#8217;nin Cenevre kentinde ger\u00e7ekle\u015ftirildi.<\/p>\n<p>Ukrayna Devlet Ba\u015fkan\u0131 Vladimir Zelensky, m\u00fczakerelere ili\u015fkin yeni bir a\u00e7\u0131klama yapt\u0131.\u00a0<\/p>\n<p><strong>MART BA\u015eINI \u0130\u015eARET ETT\u0130<\/strong><\/p>\n<p>Ukraynal\u0131 lider, bir sonraki turun Mart ay\u0131n\u0131n ba\u015flar\u0131nda yap\u0131lmas\u0131n\u0131n planland\u0131\u011f\u0131n\u0131 s\u00f6yledi.<\/p>\n<p><em><b>&#8220;Bir sonraki g\u00f6r\u00fc\u015fme Mart ay\u0131 ba\u015f\u0131nda ger\u00e7ekle\u015febilir&#8221; <\/b><\/em>diyen Zelensky, yar\u0131n Cenevre&#8217;de Ukrayna Ulusal G\u00fcvenlik ve Savunma Konseyi Sekreteri R\u00fcstem Umerov ile ABD Ba\u015fkan\u0131 Donald Trump&#8217;\u0131n Orta Do\u011fu \u00d6zel Temsilcisi Steve Witkoff aras\u0131nda bir toplant\u0131 d\u00fczenlenece\u011fini de s\u00f6zlerine ekledi.<\/p>\n<p><img decoding=\"async\" src=\"https:\/\/bihavadis.com\/wp-content\/uploads\/2026\/03\/vladimir-zelensky-uclu-muzakerelerin-bir-sonraki-turu-martin-basinda-yapilabilir-0-4gfR7BSD.jpg\"\/><\/p>\n<p><strong>&#8220;UKRAYNA&#8217;NIN YEN\u0130DEN YAPILANDIRILMASI PAKET\u0130 B\u0130R\u0130NC\u0130 G\u00dcNDEM&#8221;<\/strong><\/p>\n<p>Zelenskiy,<b><em> &#8220;Ukrayna&#8217;n\u0131n yeniden yap\u0131land\u0131r\u0131lmas\u0131 paketinin ayr\u0131nt\u0131lar\u0131n\u0131 birinci g\u00fcndem maddesi olarak g\u00f6r\u00fc\u015fecekler. <\/em><\/b><\/p>\n<p><b><em>\u00dc\u00e7l\u00fc toplant\u0131 i\u00e7in gerekli d\u00fczenlemeler g\u00fcndemin bir sonraki maddesi olacak.<\/em><\/b><\/p>\n<p><b><em> Umerov ise \u00fc\u00e7\u00fcnc\u00fc g\u00fcndem maddesi olarak takas\u0131n ayr\u0131nt\u0131lar\u0131n\u0131 g\u00f6r\u00fc\u015fecek&#8221; <\/em><\/b>dedi.<\/p>\n<p><img decoding=\"async\" src=\"https:\/\/bihavadis.com\/wp-content\/uploads\/2026\/03\/vladimir-zelensky-uclu-muzakerelerin-bir-sonraki-turu-martin-basinda-yapilabilir-1-xiytVJr7.jpg\"\/><\/p>\n<p><strong>\u00dc\u00c7L\u00dc M\u00dcZAKERELER<\/strong><\/p>\n<p>Rusya ve Ukrayna aras\u0131nda ABD arabuluculu\u011funda ger\u00e7ekle\u015ftirilen do\u011frudan m\u00fczakerelerin ilk iki turu, 23-24 Ocak ile 4-5 \u015eubat tarihlerinde Birle\u015fik Arap Emirlikleri&#8217;nin ba\u015fkenti Abu Dabi&#8217;de ger\u00e7ekle\u015ftirilmi\u015fti.<\/p>\n<p>\u00dc\u00e7\u00fcnc\u00fc tur g\u00f6r\u00fc\u015fmeler ise 17-18 \u015eubat&#8217;ta Cenevre&#8217;de yap\u0131lm\u0131\u015ft\u0131.<\/p>\n<div> <span><strong>Kaynak:<\/strong> \u0130hlas Haber Ajans\u0131 (\u0130HA)<\/span> <\/div>\n","protected":false},"excerpt":{"rendered":"<p>Ukrayna ile Rusya aras\u0131ndaki sava\u015f devam ederken diplomatik \u00e7al\u0131\u015fmalar da s\u00fcr\u00fcyor.\u00a0 Rusya-Ukrayna Sava\u015f\u0131n\u0131n sona erdirilmesi amac\u0131yla Ukrayna, Rusya ve ABD aras\u0131ndaki \u00fc\u00e7l\u00fc m\u00fczakerelerin son turu \u0130svi\u00e7re&#8217;nin Cenevre kentinde ger\u00e7ekle\u015ftirildi. Ukrayna &#8230;<\/p>\n","protected":false},"author":1,"featured_media":66481,"comment_status":"open","ping_status":"open","sticky":false,"template":"","format":"standard","meta":{"footnotes":""},"categories":[6],"tags":[198],"class_list":["post-66480","post","type-post","status-publish","format-standard","has-post-thumbnail","hentry","category-dunya","tag-ukrayna"],"_links":{"self":[{"href":"https:\/\/bihavadis.com\/index.php\/wp-json\/wp\/v2\/posts\/66480","targetHints":{"allow":["GET"]}}],"collection":[{"href":"https:\/\/bihavadis.com\/index.php\/wp-json\/wp\/v2\/posts"}],"about":[{"href":"https:\/\/bihavadis.com\/index.php\/wp-json\/wp\/v2\/types\/post"}],"author":[{"embeddable":true,"href":"https:\/\/bihavadis.com\/index.php\/wp-json\/wp\/v2\/users\/1"}],"replies":[{"embeddable":true,"href":"https:\/\/bihavadis.com\/index.php\/wp-json\/wp\/v2\/comments?post=66480"}],"version-history":[{"count":1,"href":"https:\/\/bihavadis.com\/index.php\/wp-json\/wp\/v2\/posts\/66480\/revisions"}],"predecessor-version":[{"id":66484,"href":"https:\/\/bihavadis.com\/index.php\/wp-json\/wp\/v2\/posts\/66480\/revisions\/66484"}],"wp:featuredmedia":[{"embeddable":true,"href":"https:\/\/bihavadis.com\/index.php\/wp-json\/wp\/v2\/media\/66481"}],"wp:attachment":[{"href":"https:\/\/bihavadis.com\/index.php\/wp-json\/wp\/v2\/media?parent=66480"}],"wp:term":[{"taxonomy":"category","embeddable":true,"href":"https:\/\/bihavadis.com\/index.php\/wp-json\/wp\/v2\/categories?post=66480"},{"taxonomy":"post_tag","embeddable":true,"href":"https:\/\/bihavadis.com\/index.php\/wp-json\/wp\/v2\/tags?post=66480"}],"curies":[{"name":"wp","href":"https:\/\/api.w.org\/{rel}","templated":true}]}}