{"id":66504,"date":"2026-03-08T17:33:09","date_gmt":"2026-03-08T17:33:09","guid":{"rendered":"https:\/\/bihavadis.com\/?p=66504"},"modified":"2026-03-08T17:33:09","modified_gmt":"2026-03-08T17:33:09","slug":"berivanin-olumu-uzerine-baba-yurek-yakti","status":"publish","type":"post","link":"https:\/\/bihavadis.com\/index.php\/2026\/03\/08\/berivanin-olumu-uzerine-baba-yurek-yakti\/","title":{"rendered":"Berivan&#8217;\u0131n \u00d6l\u00fcm\u00fc \u00dczerine Baba Y\u00fcrek Yakt\u0131"},"content":{"rendered":"<p>\n<p>\u0130ZM\u0130R&#8217;in Torbal\u0131 il\u00e7esinde girdi\u011fi derede ak\u0131nt\u0131ya kap\u0131l\u0131p hayat\u0131n\u0131 kaybeden Berivan Bozan&#8217;\u0131n (9) babas\u0131 Hamed Bozan, &#8220;Belediyenin oraya bir tel \u00e7ekmesi laz\u0131md\u0131. Bug\u00fcn benim k\u0131z\u0131m gitti, can\u0131m yand\u0131. Ba\u015fkalar\u0131n\u0131n can\u0131 yanmas\u0131n&#8221; dedi.<\/p>\n<p>Olay, d\u00fcn saat 17.30 s\u0131ralar\u0131nda \u00c7ayba\u015f\u0131 Mahallesi Fetrek Deresi&#8217;nde meydana geldi. Berivan Bozan, girdi\u011fi derede ak\u0131nt\u0131ya kap\u0131l\u0131p, g\u00f6zden kayboldu. \u0130hbar \u00fczerine b\u00f6lgeye AFAD ekipleri sevk edildi. Ekipler, Bozan i\u00e7in arama kurtarma \u00e7al\u0131\u015fmas\u0131 ba\u015flatt\u0131. Bozan&#8217;\u0131n suya kap\u0131ld\u0131\u011f\u0131 yer yakla\u015f\u0131k 4 kilometre mesafede cans\u0131z bedenine ula\u015f\u0131ld\u0131. Bozan&#8217;\u0131n cans\u0131z bedeni, olay yerinde yap\u0131lan incelemenin ard\u0131ndan otopsi i\u00e7in Adli T\u0131p Kurumu&#8217;na kald\u0131r\u0131ld\u0131.<\/p>\n<p>O ANLAR KAMERADA<\/p>\n<p>Berivan&#8217;\u0131n suya kap\u0131ld\u0131\u011f\u0131 anlar da cep telefonuyla kaydedildi. G\u00f6r\u00fcnt\u00fclerde Bozan&#8217;\u0131n, di\u011fer \u00e7ocuklarla birlikte suya girip \u00e7\u0131kt\u0131\u011f\u0131 anlar yer ald\u0131. G\u00f6r\u00fcnt\u00fclerde, Bozan&#8217;\u0131n tek ba\u015f\u0131na derenin ortas\u0131na gitti\u011fi ve s\u0131\u011f oldu\u011fu g\u00f6r\u00fclen yerde bir anda \u00e7amura saplan\u0131p, ak\u0131nt\u0131ya kap\u0131larak suda kayboldu\u011fu g\u00f6r\u00fcld\u00fc.<\/p>\n<p>&#8216;ALLAH K\u0130MSEYE B\u00d6YLE ACI VERMES\u0130N&#8217;<\/p>\n<p>Berivan&#8217;\u0131n, 16 y\u0131l \u00f6nce sava\u015ftan dolay\u0131 Suriye&#8217;den T\u00fcrkiye&#8217;ye g\u00f6\u00e7 eden Bozan ailesinin 4 \u00e7ocu\u011fundan en b\u00fcy\u00fc\u011f\u00fc ve 2&#8217;nci s\u0131n\u0131f \u00f6\u011frencisi oldu\u011fu bildirildi. K\u0131z\u0131n\u0131n cenazesini almak i\u00e7in Adli T\u0131p Kurumu&#8217;na gelen in\u015faat i\u015f\u00e7isi Hamed Bozan, g\u00f6zya\u015f\u0131 d\u00f6kt\u00fc. Bozan, &#8220;Belediyenin oraya bir tel \u00e7ekmesi laz\u0131md\u0131. Bug\u00fcn benim k\u0131z\u0131m gitti, can\u0131m yand\u0131. Ba\u015fkalar\u0131n\u0131n can\u0131 yanmas\u0131n. Biz oraya girmemeyi biliriz ama \u00e7ocuk bilmez. \u00c7ocuk oyun oynamay\u0131 bilir. Oraya acil bir \u015fekilde \u00e7are bulsunlar. Her k\u0131\u015f orada ayn\u0131 g\u00f6r\u00fcnt\u00fcler oluyor. Allah kimseye b\u00f6yle ac\u0131 g\u00f6stermesin&#8221; dedi.<\/p>\n<p>&#8216;\u0130STED\u0130\u011e\u0130 K\u00dcPELER\u0130 B\u0130R HAFTA TAKAB\u0130LD\u0130&#8217;<\/p>\n<p>K\u0131z\u0131na ald\u0131\u011f\u0131 k\u00fcpeleri g\u00f6steren Bozan, &#8220;K\u0131z\u0131m benden k\u00fcpe istemi\u015fti. Ben de bir hafta \u00f6nce ona k\u00fcpe alm\u0131\u015ft\u0131m. Sadece bir hafta takabildi. K\u0131smetimiz b\u00f6yleymi\u015f. Allah verdi, Allah ald\u0131. Orada bir tel olsayd\u0131, bunlar olmazd\u0131. Bana her g\u00fcn kahve yapard\u0131. Bundan sonra kahve bana zehir olsun. Art\u0131k i\u00e7meyece\u011fim&#8221; diye konu\u015ftu. <\/p>\n","protected":false},"excerpt":{"rendered":"<p>\u0130zmir&#8217;de dereye kap\u0131larak hayat\u0131n\u0131 kaybeden 9 ya\u015f\u0131ndaki Berivan&#8217;\u0131n babas\u0131, g\u00fcvenlik \u00f6nlemlerine dikkat \u00e7ekti.<\/p>\n","protected":false},"author":1,"featured_media":66505,"comment_status":"open","ping_status":"open","sticky":false,"template":"","format":"standard","meta":{"footnotes":""},"categories":[9,4,13],"tags":[4418],"class_list":["post-66504","post","type-post","status-publish","format-standard","has-post-thumbnail","hentry","category-genel","category-gundem","category-son-dakika","tag-bozan"],"_links":{"self":[{"href":"https:\/\/bihavadis.com\/index.php\/wp-json\/wp\/v2\/posts\/66504","targetHints":{"allow":["GET"]}}],"collection":[{"href":"https:\/\/bihavadis.com\/index.php\/wp-json\/wp\/v2\/posts"}],"about":[{"href":"https:\/\/bihavadis.com\/index.php\/wp-json\/wp\/v2\/types\/post"}],"author":[{"embeddable":true,"href":"https:\/\/bihavadis.com\/index.php\/wp-json\/wp\/v2\/users\/1"}],"replies":[{"embeddable":true,"href":"https:\/\/bihavadis.com\/index.php\/wp-json\/wp\/v2\/comments?post=66504"}],"version-history":[{"count":1,"href":"https:\/\/bihavadis.com\/index.php\/wp-json\/wp\/v2\/posts\/66504\/revisions"}],"predecessor-version":[{"id":66506,"href":"https:\/\/bihavadis.com\/index.php\/wp-json\/wp\/v2\/posts\/66504\/revisions\/66506"}],"wp:featuredmedia":[{"embeddable":true,"href":"https:\/\/bihavadis.com\/index.php\/wp-json\/wp\/v2\/media\/66505"}],"wp:attachment":[{"href":"https:\/\/bihavadis.com\/index.php\/wp-json\/wp\/v2\/media?parent=66504"}],"wp:term":[{"taxonomy":"category","embeddable":true,"href":"https:\/\/bihavadis.com\/index.php\/wp-json\/wp\/v2\/categories?post=66504"},{"taxonomy":"post_tag","embeddable":true,"href":"https:\/\/bihavadis.com\/index.php\/wp-json\/wp\/v2\/tags?post=66504"}],"curies":[{"name":"wp","href":"https:\/\/api.w.org\/{rel}","templated":true}]}}