{"id":66516,"date":"2026-03-08T21:00:13","date_gmt":"2026-03-08T21:00:13","guid":{"rendered":"https:\/\/bihavadis.com\/?p=66516"},"modified":"2026-03-08T21:00:13","modified_gmt":"2026-03-08T21:00:13","slug":"antalyada-ilhani-20-yerinden-bicaklayip-olduren-sahis-telefonu-da-foseptige-atti","status":"publish","type":"post","link":"https:\/\/bihavadis.com\/index.php\/2026\/03\/08\/antalyada-ilhani-20-yerinden-bicaklayip-olduren-sahis-telefonu-da-foseptige-atti\/","title":{"rendered":"Antalya&#8217;da \u0130lhan&#8217;\u0131 20 yerinden b\u0131\u00e7aklay\u0131p \u00f6ld\u00fcren \u015fah\u0131s telefonu da fosepti\u011fe att\u0131"},"content":{"rendered":"<p>Antalya\u2019n\u0131n Konyaalt\u0131 il\u00e7esi Toros Mahallesi 846. Sokak\u2019ta bulunan 4 katl\u0131 bir apartman\u0131n 3\u2019\u00fcnc\u00fc kat\u0131nda ya\u015fayan \u0130lhan \u00c7obano\u011flu&#8217;ndan, arkada\u015flar\u0131 uzun s\u00fcre haber alamay\u0131nca, \u00e7ilingir yard\u0131m\u0131yla girildi.<\/p>\n<p>Girilen evde \u00c7obano\u011flu&#8217;nun cans\u0131z bedeni ile kar\u015f\u0131la\u015fd\u0131l\u0131.<\/p>\n<p>V\u00fccudunda 20\u2019ye yak\u0131n b\u0131\u00e7ak yaras\u0131 tespit edilen \u00c7obano\u011flu\u2019nun \u00f6l\u00fcm\u00fc \u00fczerine, \u0130l Emniyet M\u00fcd\u00fcrl\u00fc\u011f\u00fc Asayi\u015f \u015eube M\u00fcd\u00fcrl\u00fc\u011f\u00fc Cinayet B\u00fcro Amirli\u011fi ekipleri geni\u015f \u00e7apl\u0131 soru\u015fturma ba\u015flatt\u0131.<\/p>\n<p>Binan\u0131n g\u00fcvenlik kameralar\u0131n\u0131 inceleyen ekipler, \u015f\u00fcpheli Yusuf E.\u00c7.\u2019yi olaydan yakla\u015f\u0131k 2 saat sonra Aksu il\u00e7esinde yakalad\u0131.<\/p>\n<p><strong>&#8220;KASTEN \u00d6LD\u00dcRME&#8221; SU\u00c7LAMASIYLA TUTUKLANDI<\/strong><\/p>\n<p>G\u00f6zalt\u0131na al\u0131nan zanl\u0131, emniyetteki i\u015flemlerinin ard\u0131ndan adliyeye sevk edildi.<\/p>\n<p>Cumhuriyet savc\u0131s\u0131na ifade veren Yusuf E.\u00c7., n\u00f6bet\u00e7i sulh ceza hakimli\u011fince<b><em> \u201ckasten \u00f6ld\u00fcrme\u201d <\/em><\/b>su\u00e7lamas\u0131yla tutuklanarak cezaevine g\u00f6nderildi.<\/p>\n<p><img decoding=\"async\" src=\"https:\/\/bihavadis.com\/wp-content\/uploads\/2026\/03\/antalyada-ilhani-20-yerinden-bicaklayip-olduren-sahis-telefonu-da-foseptige-atti-0-qcaO3ypk.jpg\"\/><\/p>\n<p><strong>EVDE ZORLAMA \u0130Z\u0130 YOK<\/strong><\/p>\n<p>Soru\u015fturma kapsam\u0131nda yap\u0131lan incelemelerde, daire kap\u0131s\u0131nda herhangi bir zorlama izine rastlanmad\u0131\u011f\u0131 ve anahtar\u0131n i\u00e7eriden tak\u0131l\u0131 oldu\u011fu belirlendi. Ev i\u00e7erisinde ise \u0130lhan \u00c7obano\u011flu\u2019na ait cep telefonu, c\u00fczdan ve de\u011ferli e\u015fyalar\u0131n bulunmad\u0131\u011f\u0131 tespit edildi.<\/p>\n<p><img decoding=\"async\" src=\"https:\/\/bihavadis.com\/wp-content\/uploads\/2026\/03\/antalyada-ilhani-20-yerinden-bicaklayip-olduren-sahis-telefonu-da-foseptige-atti-1-THcKwTky.jpg\"\/><\/p>\n<p><strong>TELEFONU FOSEPT\u0130K \u00c7UKURUNA ATMI\u015e<\/strong><\/p>\n<p>Zanl\u0131n\u0131n ifadesinde, \u0130lhan \u00c7obano\u011flu ile sosyal medya \u00fczerinden tan\u0131\u015ft\u0131\u011f\u0131n\u0131 ve olay g\u00fcn\u00fc evine gitti\u011fini s\u00f6yledi\u011fi \u00f6\u011frenildi. \u0130kili aras\u0131nda \u00e7\u0131kan tart\u0131\u015fman\u0131n kavgaya d\u00f6n\u00fc\u015ft\u00fc\u011f\u00fcn\u00fc \u00f6ne s\u00fcren zanl\u0131n\u0131n, olay sonras\u0131 \u00c7obano\u011flu\u2019nun cep telefonunu alarak ka\u00e7t\u0131\u011f\u0131n\u0131 ve Kepez il\u00e7esinde bir foseptik \u00e7ukuruna att\u0131\u011f\u0131n\u0131 beyan etti\u011fi belirtildi.<\/p>\n<p>Olayla ilgili soru\u015fturma s\u00fcr\u00fcyor.<\/p>\n<p><img decoding=\"async\" src=\"https:\/\/bihavadis.com\/wp-content\/uploads\/2026\/03\/antalyada-ilhani-20-yerinden-bicaklayip-olduren-sahis-telefonu-da-foseptige-atti-2-BEQ6sSLN.jpg\"\/><\/p>\n<p><img decoding=\"async\" src=\"https:\/\/bihavadis.com\/wp-content\/uploads\/2026\/03\/antalyada-ilhani-20-yerinden-bicaklayip-olduren-sahis-telefonu-da-foseptige-atti-3-E2Zar9yz.jpg\"\/> <\/p>\n<div> <span><strong>Kaynak:<\/strong> \u0130hlas Haber Ajans\u0131 (\u0130HA)<\/span> <\/div>\n","protected":false},"excerpt":{"rendered":"<p>Antalya\u2019n\u0131n Konyaalt\u0131 il\u00e7esi Toros Mahallesi 846. Sokak\u2019ta bulunan 4 katl\u0131 bir apartman\u0131n 3\u2019\u00fcnc\u00fc kat\u0131nda ya\u015fayan \u0130lhan \u00c7obano\u011flu&#8217;ndan, arkada\u015flar\u0131 uzun s\u00fcre haber alamay\u0131nca, \u00e7ilingir yard\u0131m\u0131yla girildi. Girilen evde \u00c7obano\u011flu&#8217;nun cans\u0131z bedeni ile &#8230;<\/p>\n","protected":false},"author":1,"featured_media":66517,"comment_status":"open","ping_status":"open","sticky":false,"template":"","format":"standard","meta":{"footnotes":""},"categories":[4,13],"tags":[5109],"class_list":["post-66516","post","type-post","status-publish","format-standard","has-post-thumbnail","hentry","category-gundem","category-son-dakika","tag-cobanoglu"],"_links":{"self":[{"href":"https:\/\/bihavadis.com\/index.php\/wp-json\/wp\/v2\/posts\/66516","targetHints":{"allow":["GET"]}}],"collection":[{"href":"https:\/\/bihavadis.com\/index.php\/wp-json\/wp\/v2\/posts"}],"about":[{"href":"https:\/\/bihavadis.com\/index.php\/wp-json\/wp\/v2\/types\/post"}],"author":[{"embeddable":true,"href":"https:\/\/bihavadis.com\/index.php\/wp-json\/wp\/v2\/users\/1"}],"replies":[{"embeddable":true,"href":"https:\/\/bihavadis.com\/index.php\/wp-json\/wp\/v2\/comments?post=66516"}],"version-history":[{"count":1,"href":"https:\/\/bihavadis.com\/index.php\/wp-json\/wp\/v2\/posts\/66516\/revisions"}],"predecessor-version":[{"id":66522,"href":"https:\/\/bihavadis.com\/index.php\/wp-json\/wp\/v2\/posts\/66516\/revisions\/66522"}],"wp:featuredmedia":[{"embeddable":true,"href":"https:\/\/bihavadis.com\/index.php\/wp-json\/wp\/v2\/media\/66517"}],"wp:attachment":[{"href":"https:\/\/bihavadis.com\/index.php\/wp-json\/wp\/v2\/media?parent=66516"}],"wp:term":[{"taxonomy":"category","embeddable":true,"href":"https:\/\/bihavadis.com\/index.php\/wp-json\/wp\/v2\/categories?post=66516"},{"taxonomy":"post_tag","embeddable":true,"href":"https:\/\/bihavadis.com\/index.php\/wp-json\/wp\/v2\/tags?post=66516"}],"curies":[{"name":"wp","href":"https:\/\/api.w.org\/{rel}","templated":true}]}}