{"id":66578,"date":"2026-03-08T21:39:37","date_gmt":"2026-03-08T21:39:37","guid":{"rendered":"https:\/\/bihavadis.com\/?p=66578"},"modified":"2026-03-08T21:39:37","modified_gmt":"2026-03-08T21:39:37","slug":"elif-akcicekin-avrupa-hedefi","status":"publish","type":"post","link":"https:\/\/bihavadis.com\/index.php\/2026\/03\/08\/elif-akcicekin-avrupa-hedefi\/","title":{"rendered":"Elif Ak\u00e7i\u00e7ek&#8217;in Avrupa Hedefi"},"content":{"rendered":"<p> T\u00fcrkiye rekorunu 4 ayda 2 kere k\u0131ran milli atlet Elif Ak\u00e7i\u00e7ek, Portekiz&#8217;de d\u00fczenlenecek Avrupa Kul\u00fcpler Kros \u015eampiyonas\u0131&#8217;ndan madalyayla d\u00f6nmek istiyor.<\/p>\n<p> Mu\u015f&#8217;un Varto \u0130l\u00e7esine ba\u011fl\u0131 Boyal\u0131 k\u00f6y\u00fcnde ya\u015fayan 17 ya\u015f\u0131ndaki Fenerbah\u00e7e Spor Kul\u00fcb\u00fc sporcusu Elif Ak\u00e7i\u00e7ek, ge\u00e7en y\u0131l 30-31 A\u011fustos&#8217;ta \u0130zmir&#8217;de d\u00fczenlenen 20 Ya\u015f Alt\u0131 Kul\u00fcpler T\u00fcrkiye \u015eampiyonas\u0131&#8217;nda 2 bin metre engelli ko\u015fuda 6.35.83&#8217;lik derecesiyle y\u0131ld\u0131zlarda 24 y\u0131ll\u0131k T\u00fcrkiye rekorunu k\u0131rd\u0131.<\/p>\n<p>\u0130stanbul Atak\u00f6y Atletizm Salonu&#8217;nda 28 Aral\u0131k&#8217;ta d\u00fczenlenen Salon Rekor Deneme Yar\u0131\u015fmas\u0131&#8217;nda 18 Ya\u015f Alt\u0131 Y\u0131ld\u0131z K\u0131zlar Kategorisi&#8217;nde de 3 bin metrede 9.34.43&#8217;l\u00fck derecesiyle 8 y\u0131ll\u0131k T\u00fcrkiye rekorunu k\u0131rmay\u0131 ba\u015faran Elif, ba\u015far\u0131lar\u0131na yenilerini eklemek istiyor.<\/p>\n<p>Mu\u015f Atletizm Pisti&#8217;nde g\u00fcnde \u00e7ift antrenmala yar\u0131\u015flara haz\u0131rlanan ba\u015far\u0131l\u0131 atlet, Portekiz&#8217;deki Avrupa Kul\u00fcpler Kros \u015eampiyonas\u0131&#8217;nda madalya almay\u0131 hedefliyor.<\/p>\n<p>&#8220;Sezonu \u00e7ok yo\u011fun ge\u00e7irdik&#8221;<\/p>\n<p>Milli atlet Elif, AA muhabirine, 5 y\u0131ld\u0131r atletizm bran\u015f\u0131yla aktif ilgilendi\u011fini s\u00f6yledi.<\/p>\n<p>D\u00f6rt ayda iki T\u00fcrkiye rekoru k\u0131rd\u0131\u011f\u0131n\u0131 belirten Elif, &#8220;Portekiz&#8217;de d\u00fczenlenecek Avrupa Kul\u00fcpler Kros Yar\u0131\u015fmas\u0131&#8217;nda \u00fclkemi ve kul\u00fcb\u00fcm\u00fc en iyi \u015fekilde temsil etmek istiyorum. Hedefim Portekiz&#8217;de k\u00fcrs\u00fc yapmak. Sezonu \u00e7ok yo\u011fun ge\u00e7irdik. Yar\u0131\u015fmadan sonra a\u011fustosta Amerika&#8217;da d\u00fczenlenecek 20 Ya\u015f Alt\u0131 D\u00fcnya \u015eampiyonas\u0131&#8217;nda ilimi ve \u00fclkemi en iyi \u015fekilde temsil etmek istiyorum. 3 bin metre engelli kategorisinde birinci olmak istiyorum. Sabah ve ak\u015fam \u00e7ift antrenman yap\u0131yoruz. Tak\u0131m arkada\u015f\u0131m Derya Kunur ile antrenman yap\u0131yorum. Emeklerinden dolay\u0131 antren\u00f6r\u00fcm Naim Ko\u00e7lardan&#8217;a \u00e7ok te\u015fekk\u00fcr ediyorum.&#8221; dedi.<\/p>\n<p>Elif&#8217;in antren\u00f6r\u00fc Naim Ko\u00e7lardan, &#8220;Elif Ak\u00e7i\u00e7ek ilimizin milli gururu. Bu y\u0131l liseyi bitirip \u00fcniversite hayat\u0131na ba\u015flad\u0131. Kendisi \u00e7ok ba\u015far\u0131l\u0131 bir sporcu. K\u0131sa zamanda milli tak\u0131ma se\u00e7ilip g\u00fczel dereceler ald\u0131. Hedefler bitmiyor. Portekiz&#8217;den \u00fclkemize birincilik kupas\u0131n\u0131 getirece\u011fiz.&#8221; diye konu\u015ftu.<\/p>\n<p>Mu\u015f Atlezim Pisti&#8217;nde sporcular\u0131 ziyaret eden Gen\u00e7lik ve Spor \u0130l M\u00fcd\u00fcr\u00fc Yusuf K\u0131l\u0131\u00e7 da Elif&#8217;in 2024&#8217;te atletizm milli tak\u0131m kadrosuna girdi\u011fini ve milli sporcunun ba\u015far\u0131lar\u0131n\u0131 Portekiz&#8217;de de devam ettirece\u011fine inand\u0131\u011f\u0131n\u0131 dile getirdi.<\/p>\n","protected":false},"excerpt":{"rendered":"<p>Mili atlet Elif Ak\u00e7i\u00e7ek, Portekiz&#8217;deki Avrupa Kros \u015eampiyonas\u0131&#8217;nda madalya kazanmay\u0131 hedefliyor.<\/p>\n","protected":false},"author":1,"featured_media":66579,"comment_status":"open","ping_status":"open","sticky":false,"template":"","format":"standard","meta":{"footnotes":""},"categories":[14],"tags":[4658,7559,1907,7560,440],"class_list":["post-66578","post","type-post","status-publish","format-standard","has-post-thumbnail","hentry","category-spor","tag-atlet","tag-elif","tag-milli","tag-portekizde","tag-spor"],"_links":{"self":[{"href":"https:\/\/bihavadis.com\/index.php\/wp-json\/wp\/v2\/posts\/66578","targetHints":{"allow":["GET"]}}],"collection":[{"href":"https:\/\/bihavadis.com\/index.php\/wp-json\/wp\/v2\/posts"}],"about":[{"href":"https:\/\/bihavadis.com\/index.php\/wp-json\/wp\/v2\/types\/post"}],"author":[{"embeddable":true,"href":"https:\/\/bihavadis.com\/index.php\/wp-json\/wp\/v2\/users\/1"}],"replies":[{"embeddable":true,"href":"https:\/\/bihavadis.com\/index.php\/wp-json\/wp\/v2\/comments?post=66578"}],"version-history":[{"count":1,"href":"https:\/\/bihavadis.com\/index.php\/wp-json\/wp\/v2\/posts\/66578\/revisions"}],"predecessor-version":[{"id":66580,"href":"https:\/\/bihavadis.com\/index.php\/wp-json\/wp\/v2\/posts\/66578\/revisions\/66580"}],"wp:featuredmedia":[{"embeddable":true,"href":"https:\/\/bihavadis.com\/index.php\/wp-json\/wp\/v2\/media\/66579"}],"wp:attachment":[{"href":"https:\/\/bihavadis.com\/index.php\/wp-json\/wp\/v2\/media?parent=66578"}],"wp:term":[{"taxonomy":"category","embeddable":true,"href":"https:\/\/bihavadis.com\/index.php\/wp-json\/wp\/v2\/categories?post=66578"},{"taxonomy":"post_tag","embeddable":true,"href":"https:\/\/bihavadis.com\/index.php\/wp-json\/wp\/v2\/tags?post=66578"}],"curies":[{"name":"wp","href":"https:\/\/api.w.org\/{rel}","templated":true}]}}