{"id":66586,"date":"2026-03-08T21:45:07","date_gmt":"2026-03-08T21:45:07","guid":{"rendered":"https:\/\/bihavadis.com\/?p=66586"},"modified":"2026-03-08T21:45:07","modified_gmt":"2026-03-08T21:45:07","slug":"menajer-george-gardi-isyan-etti-yasal-islem-baslatacagim","status":"publish","type":"post","link":"https:\/\/bihavadis.com\/index.php\/2026\/03\/08\/menajer-george-gardi-isyan-etti-yasal-islem-baslatacagim\/","title":{"rendered":"Menajer George Gardi isyan etti: Yasal i\u015flem ba\u015flataca\u011f\u0131m"},"content":{"rendered":"<p> Galatasaray&#8217;\u0131n son d\u00f6nemde ger\u00e7ekle\u015ftirdi\u011fi transferlerde ad\u0131 s\u0131k\u00e7a g\u00fcndeme gelen menajer George Gardi, hakk\u0131nda ortaya at\u0131lan iddialara sert s\u00f6zlerle yan\u0131t verdi. Gardi, T\u00fcrk medyas\u0131nda \u00e7\u0131kan haberlerin ger\u00e7e\u011fi yans\u0131tmad\u0131\u011f\u0131n\u0131 belirterek hukuki s\u00fcre\u00e7 ba\u015flataca\u011f\u0131n\u0131 a\u00e7\u0131klad\u0131.<\/p>\n<p><b>&#8220;KARALAMA VE MAN\u0130P\u00dcLASYON VAR&#8221;<\/b><\/p>\n<p>Sar\u0131-k\u0131rm\u0131z\u0131l\u0131 kul\u00fcb\u00fcn transferlerinde tek yetkili menajer olmak istedi\u011fi y\u00f6n\u00fcndeki iddialara tepki g\u00f6steren George Gardi, kamuoyuna yans\u0131yan haberlerin tamam\u0131n\u0131n as\u0131ls\u0131z oldu\u011funu savundu. Gardi, ad\u0131n\u0131n bilin\u00e7li \u015fekilde karalama amac\u0131yla kullan\u0131ld\u0131\u011f\u0131n\u0131 ifade etti.<\/p>\n<p><b>&#8220;AVUKATIMA TAM YETK\u0130 VERD\u0130M&#8221;<\/b><\/p>\n<p>George Gardi a\u00e7\u0131klamas\u0131nda \u015fu ifadelere yer verdi:<\/p>\n<p>&#8220;Son zamanlarda T\u00fcrk medyas\u0131nda ad\u0131m\u0131n ge\u00e7ti\u011fi \u00e7ok say\u0131da haberi a\u00e7\u0131kl\u0131\u011fa kavu\u015fturma ihtiyac\u0131 hissediyorum. Ne yaz\u0131k ki verilen bilgilerin hi\u00e7birinde en ufak bir do\u011fruluk pay\u0131 yok. Ad\u0131m yaln\u0131zca karalama amac\u0131yla kullan\u0131lmaktad\u0131r. Kamuoyunu manip\u00fcle eden ve ad\u0131m\u0131 bu \u015fekilde kullanan herkese kar\u015f\u0131 yasal i\u015flem ba\u015flatmas\u0131 i\u00e7in avukat\u0131ma tam yetki verdim.&#8221;<\/p>\n","protected":false},"excerpt":{"rendered":"<p>Galatasaray&#8217;\u0131n transferlerinde ad\u0131 s\u0131k\u00e7a an\u0131lan menajer George Gardi, hakk\u0131nda \u00e7\u0131kan iddialar\u0131n ger\u00e7e\u011fi yans\u0131tmad\u0131\u011f\u0131n\u0131 ve bu durumun bilin\u00e7li bir karalama kampanyas\u0131 oldu\u011funu belirtti. Gardi, bu duruma kar\u015f\u0131 hukuki s\u00fcre\u00e7 ba\u015flataca\u011f\u0131n\u0131 a\u00e7\u0131klad\u0131 ve ad\u0131n\u0131 karalayan t\u00fcm ki\u015filere kar\u015f\u0131 yasal i\u015flem ba\u015flatmas\u0131 i\u00e7in avukat\u0131na tam yetki verdi\u011fini duyurdu.<\/p>\n","protected":false},"author":1,"featured_media":66587,"comment_status":"open","ping_status":"open","sticky":false,"template":"","format":"standard","meta":{"footnotes":""},"categories":[14],"tags":[3434,7562],"class_list":["post-66586","post","type-post","status-publish","format-standard","has-post-thumbnail","hentry","category-spor","tag-adi","tag-gardi"],"_links":{"self":[{"href":"https:\/\/bihavadis.com\/index.php\/wp-json\/wp\/v2\/posts\/66586","targetHints":{"allow":["GET"]}}],"collection":[{"href":"https:\/\/bihavadis.com\/index.php\/wp-json\/wp\/v2\/posts"}],"about":[{"href":"https:\/\/bihavadis.com\/index.php\/wp-json\/wp\/v2\/types\/post"}],"author":[{"embeddable":true,"href":"https:\/\/bihavadis.com\/index.php\/wp-json\/wp\/v2\/users\/1"}],"replies":[{"embeddable":true,"href":"https:\/\/bihavadis.com\/index.php\/wp-json\/wp\/v2\/comments?post=66586"}],"version-history":[{"count":1,"href":"https:\/\/bihavadis.com\/index.php\/wp-json\/wp\/v2\/posts\/66586\/revisions"}],"predecessor-version":[{"id":66588,"href":"https:\/\/bihavadis.com\/index.php\/wp-json\/wp\/v2\/posts\/66586\/revisions\/66588"}],"wp:featuredmedia":[{"embeddable":true,"href":"https:\/\/bihavadis.com\/index.php\/wp-json\/wp\/v2\/media\/66587"}],"wp:attachment":[{"href":"https:\/\/bihavadis.com\/index.php\/wp-json\/wp\/v2\/media?parent=66586"}],"wp:term":[{"taxonomy":"category","embeddable":true,"href":"https:\/\/bihavadis.com\/index.php\/wp-json\/wp\/v2\/categories?post=66586"},{"taxonomy":"post_tag","embeddable":true,"href":"https:\/\/bihavadis.com\/index.php\/wp-json\/wp\/v2\/tags?post=66586"}],"curies":[{"name":"wp","href":"https:\/\/api.w.org\/{rel}","templated":true}]}}