{"id":6660,"date":"2026-01-30T18:27:05","date_gmt":"2026-01-30T18:27:05","guid":{"rendered":"https:\/\/bihavadis.com\/?p=6660"},"modified":"2026-01-30T18:27:05","modified_gmt":"2026-01-30T18:27:05","slug":"ali-sahin-turkiye-latin-amerika-ve-karayiplerde-kalici-bir-ortak","status":"publish","type":"post","link":"https:\/\/bihavadis.com\/index.php\/2026\/01\/30\/ali-sahin-turkiye-latin-amerika-ve-karayiplerde-kalici-bir-ortak\/","title":{"rendered":"Ali \u015eahin: T\u00fcrkiye, Latin Amerika ve Karayipler&#8217;de kal\u0131c\u0131 bir ortak"},"content":{"rendered":"<p>AK Parti Gaziantep Milletvekili ve TBMM Latin Amerika ve Karayipler Parlamentosu (PARLATINO) T\u00fcrk Delegasyonu Ba\u015fkan\u0131 Ali \u015eahin, Latin Amerika ve Karayipler Parlamentosu (PARLATINO) D\u00f6nem Ba\u015fkan\u0131 Rolando Gonzales ile Panama&#8217;da bir g\u00f6r\u00fc\u015fme ger\u00e7ekle\u015ftirdi.<\/p>\n<p>G\u00f6r\u00fc\u015fmede, k\u00fcresel sistemde ya\u015fanan d\u00f6n\u00fc\u015f\u00fcm s\u00fcreci, T\u00fcrkiye ile Latin Amerika ve Karayipler b\u00f6lgesi aras\u0131ndaki ili\u015fkiler ile Venezuela ba\u015fta olmak \u00fczere b\u00f6lgesel geli\u015fmeler kapsaml\u0131 \u015fekilde ele al\u0131nd\u0131. Parlamenter diplomasi \u00e7er\u00e7evesinde kar\u015f\u0131l\u0131kl\u0131 g\u00f6r\u00fc\u015f al\u0131\u015fveri\u015finde bulunulan toplant\u0131da, T\u00fcrkiye&#8217;nin b\u00f6lgeye y\u00f6nelik artan siyasi, ekonomik ve kurumsal a\u00e7\u0131l\u0131mlar\u0131na dikkat \u00e7ekildi.<\/p>\n<div>\n<figure><img decoding=\"async\" src=\"https:\/\/bihavadis.com\/wp-content\/uploads\/2026\/01\/ali-sahin-turkiye-latin-amerika-ve-karayiplerde-kalici-bir-ortak-0-KdD1ThOm.jpg\"\/><\/figure>\n<\/div>\n<p><b>T\u00dcRK\u0130YE&#8217;N\u0130N B\u00d6LGEYE Y\u00d6NEL\u0130K \u0130HRACATI 15 M\u0130LYAR DOLAR <\/b><\/p>\n<p>T\u00fcrkiye&#8217;nin PARLATINO&#8217;da g\u00f6zlemci \u00fcye stat\u00fcs\u00fcyle yer almas\u0131n\u0131n, b\u00f6lge parlamentolar\u0131 ile ili\u015fkilerin g\u00fc\u00e7lendirilmesine \u00f6nemli katk\u0131 sa\u011flad\u0131\u011f\u0131n\u0131 belirten \u015eahin, son y\u0131llarda Latin Amerika ve Karayipler \u00fclkeleriyle ili\u015fkilerde kaydedilen somut ilerlemelere vurgu yapt\u0131. Bu kapsamda, T\u00fcrkiye&#8217;nin b\u00f6lgeye y\u00f6nelik ihracat\u0131n\u0131n yakla\u015f\u0131k 15 milyar dolar seviyesine ula\u015ft\u0131\u011f\u0131, T\u00fcrk Hava Yollar\u0131&#8217;n\u0131n Latin Amerika ve Karayipler&#8217;de 8 \u00fclkede 9 noktaya do\u011frudan u\u00e7u\u015f ger\u00e7ekle\u015ftirdi\u011fi ifade edildi.<\/p>\n<div>\n<figure><img decoding=\"async\" src=\"https:\/\/bihavadis.com\/wp-content\/uploads\/2026\/01\/ali-sahin-turkiye-latin-amerika-ve-karayiplerde-kalici-bir-ortak-1-SZfOQslB.jpg\"\/><\/figure>\n<\/div>\n<p><b>LAT\u0130N AMER\u0130KA VE KARAY\u0130PLER B\u00d6LGES\u0130NDE 19 \u00dcLKEN\u0130N BA\u015eKENT\u0130NDE B\u00dcY\u00dcKEL\u00c7\u0130L\u0130K A\u00c7ILDI<\/b><\/p>\n<p>Ayr\u0131ca, T\u00fcrkiye&#8217;nin b\u00f6lgeyle diplomatik ili\u015fkilerini kurumsal d\u00fczeyde derinle\u015ftirmek amac\u0131yla Latin Amerika ve Karayipler b\u00f6lgesindeki 19 \u00fclkenin ba\u015fkentinde b\u00fcy\u00fckel\u00e7ilik a\u00e7t\u0131\u011f\u0131, bunun T\u00fcrkiye&#8217;nin \u00e7ok boyutlu ve dengeli d\u0131\u015f politika vizyonunun \u00f6nemli bir g\u00f6stergesi oldu\u011fu kaydedildi.<\/p>\n<p>G\u00f6r\u00fc\u015fmede taraflar, T\u00fcrkiye ile Latin Amerika ve Karayipler \u00fclkeleri aras\u0131nda siyasi diyalogun, ekonomik i\u015f birli\u011finin ve parlamentolar aras\u0131 temaslar\u0131n daha da geli\u015ftirilmesi konusunda mutab\u0131k kald\u0131. B\u00f6lgesel istikrar, kar\u015f\u0131l\u0131kl\u0131 anlay\u0131\u015f ve uluslararas\u0131 i\u015f birli\u011finin g\u00fc\u00e7lendirilmesinin \u00f6nemine vurgu yap\u0131ld\u0131.<\/p>\n","protected":false},"excerpt":{"rendered":"<p>AK Parti Gaziantep Milletvekili ve TBMM Latin Amerika ve Karayipler Parlamentosu (PARLATINO) T\u00fcrk Delegasyonu Ba\u015fkan\u0131 Ali \u015eahin, Panama&#8217;da PARLATINO D\u00f6nem Ba\u015fkan\u0131 Rolando Gonzales ile bir g\u00f6r\u00fc\u015fme ger\u00e7ekle\u015ftirdi. G\u00f6r\u00fc\u015fmede, T\u00fcrkiye ve Latin Amerika ve Karayipler b\u00f6lgesi aras\u0131ndaki ili\u015fkiler ve b\u00f6lgesel geli\u015fmeler ele al\u0131nd\u0131.<\/p>\n","protected":false},"author":1,"featured_media":6661,"comment_status":"open","ping_status":"open","sticky":false,"template":"","format":"standard","meta":{"footnotes":""},"categories":[12],"tags":[510,517],"class_list":["post-6660","post","type-post","status-publish","format-standard","has-post-thumbnail","hentry","category-siyaset","tag-bolge","tag-turk"],"_links":{"self":[{"href":"https:\/\/bihavadis.com\/index.php\/wp-json\/wp\/v2\/posts\/6660","targetHints":{"allow":["GET"]}}],"collection":[{"href":"https:\/\/bihavadis.com\/index.php\/wp-json\/wp\/v2\/posts"}],"about":[{"href":"https:\/\/bihavadis.com\/index.php\/wp-json\/wp\/v2\/types\/post"}],"author":[{"embeddable":true,"href":"https:\/\/bihavadis.com\/index.php\/wp-json\/wp\/v2\/users\/1"}],"replies":[{"embeddable":true,"href":"https:\/\/bihavadis.com\/index.php\/wp-json\/wp\/v2\/comments?post=6660"}],"version-history":[{"count":1,"href":"https:\/\/bihavadis.com\/index.php\/wp-json\/wp\/v2\/posts\/6660\/revisions"}],"predecessor-version":[{"id":6664,"href":"https:\/\/bihavadis.com\/index.php\/wp-json\/wp\/v2\/posts\/6660\/revisions\/6664"}],"wp:featuredmedia":[{"embeddable":true,"href":"https:\/\/bihavadis.com\/index.php\/wp-json\/wp\/v2\/media\/6661"}],"wp:attachment":[{"href":"https:\/\/bihavadis.com\/index.php\/wp-json\/wp\/v2\/media?parent=6660"}],"wp:term":[{"taxonomy":"category","embeddable":true,"href":"https:\/\/bihavadis.com\/index.php\/wp-json\/wp\/v2\/categories?post=6660"},{"taxonomy":"post_tag","embeddable":true,"href":"https:\/\/bihavadis.com\/index.php\/wp-json\/wp\/v2\/tags?post=6660"}],"curies":[{"name":"wp","href":"https:\/\/api.w.org\/{rel}","templated":true}]}}