{"id":66607,"date":"2026-03-08T22:00:08","date_gmt":"2026-03-08T22:00:08","guid":{"rendered":"https:\/\/bihavadis.com\/?p=66607"},"modified":"2026-03-08T22:00:08","modified_gmt":"2026-03-08T22:00:08","slug":"fenerbahcenin-nottingham-forest-maci-kadrosunda-9-eksik","status":"publish","type":"post","link":"https:\/\/bihavadis.com\/index.php\/2026\/03\/08\/fenerbahcenin-nottingham-forest-maci-kadrosunda-9-eksik\/","title":{"rendered":"Fenerbah\u00e7e&#8217;nin Nottingham Forest ma\u00e7\u0131 kadrosunda 9 eksik"},"content":{"rendered":"<p>UEFA Avrupa Ligi son 16 play-off turu r\u00f6van\u015f\u0131nda yar\u0131n \u0130ngiltere&#8217;nin Nottingham Forest tak\u0131m\u0131na konuk olacak Fenerbah\u00e7e&#8217;nin kamp kadrosu belli oldu.<\/p>\n<p>\u0130ngiltere&#8217;ye gidecek kadroda sakatl\u0131klar\u0131 bulunan kaleci Ederson, savunma oyuncular\u0131 Jayden Oosterwolde, Milan Skriniar ve \u00c7a\u011flar S\u00f6y\u00fcnc\u00fc, orta saha oyuncular\u0131 Edson Alvarez, Anderson Talisca, cezal\u0131 Fred ile UEFA listesinde ad\u0131 olmayan Mert G\u00fcnok ve Anthony Musaba yer almad\u0131.<\/p>\n<p><strong>\u0130\u015eTE FENERBAH\u00c7E&#8217;N\u0130N NOTTINGHAM KADROSU<\/strong><\/p>\n<p>Fenerbah\u00e7e&#8217;nin Nottingham Forest ma\u00e7\u0131 kamp kadrosu \u015f\u00f6yle:<\/p>\n<p>Tar\u0131k \u00c7etin, Engin Can Biterge, Hulusi Efe Ceylan, Nelson Semedo, Mert M\u00fcld\u00fcr, Levent Mercan, Archie Brown, Yi\u011fit Efe Demir, Kamil Efe \u00dcregen, \u0130smail Y\u00fcksek, Matteo Guendouzi, N&#8217;Golo Kante, Marco Asensio, Kerem Akt\u00fcrko\u011flu, Alaettin Ekici, O\u011fuz Ayd\u0131n, Dorgeles Nene, Sidiki Cherif.<\/p>\n<p><img decoding=\"async\" src=\"https:\/\/bihavadis.com\/wp-content\/uploads\/2026\/03\/fenerbahcenin-nottingham-forest-maci-kadrosunda-9-eksik-0-pERv6gFa.jpg\"\/> <\/p>\n<div> <span><strong>Kaynak:<\/strong> Ensonhaber Haber Merkezi<\/span> <\/div>\n","protected":false},"excerpt":{"rendered":"<p>UEFA Avrupa Ligi son 16 play-off turu r\u00f6van\u015f\u0131nda yar\u0131n \u0130ngiltere&#8217;nin Nottingham Forest tak\u0131m\u0131na konuk olacak Fenerbah\u00e7e&#8217;nin kamp kadrosu belli oldu. \u0130ngiltere&#8217;ye gidecek kadroda sakatl\u0131klar\u0131 bulunan kaleci Ederson, savunma oyuncular\u0131 Jayden &#8230;<\/p>\n","protected":false},"author":1,"featured_media":66608,"comment_status":"open","ping_status":"open","sticky":false,"template":"","format":"standard","meta":{"footnotes":""},"categories":[14],"tags":[],"class_list":["post-66607","post","type-post","status-publish","format-standard","has-post-thumbnail","hentry","category-spor"],"_links":{"self":[{"href":"https:\/\/bihavadis.com\/index.php\/wp-json\/wp\/v2\/posts\/66607","targetHints":{"allow":["GET"]}}],"collection":[{"href":"https:\/\/bihavadis.com\/index.php\/wp-json\/wp\/v2\/posts"}],"about":[{"href":"https:\/\/bihavadis.com\/index.php\/wp-json\/wp\/v2\/types\/post"}],"author":[{"embeddable":true,"href":"https:\/\/bihavadis.com\/index.php\/wp-json\/wp\/v2\/users\/1"}],"replies":[{"embeddable":true,"href":"https:\/\/bihavadis.com\/index.php\/wp-json\/wp\/v2\/comments?post=66607"}],"version-history":[{"count":1,"href":"https:\/\/bihavadis.com\/index.php\/wp-json\/wp\/v2\/posts\/66607\/revisions"}],"predecessor-version":[{"id":66610,"href":"https:\/\/bihavadis.com\/index.php\/wp-json\/wp\/v2\/posts\/66607\/revisions\/66610"}],"wp:featuredmedia":[{"embeddable":true,"href":"https:\/\/bihavadis.com\/index.php\/wp-json\/wp\/v2\/media\/66608"}],"wp:attachment":[{"href":"https:\/\/bihavadis.com\/index.php\/wp-json\/wp\/v2\/media?parent=66607"}],"wp:term":[{"taxonomy":"category","embeddable":true,"href":"https:\/\/bihavadis.com\/index.php\/wp-json\/wp\/v2\/categories?post=66607"},{"taxonomy":"post_tag","embeddable":true,"href":"https:\/\/bihavadis.com\/index.php\/wp-json\/wp\/v2\/tags?post=66607"}],"curies":[{"name":"wp","href":"https:\/\/api.w.org\/{rel}","templated":true}]}}