{"id":66640,"date":"2026-03-08T22:24:09","date_gmt":"2026-03-08T22:24:09","guid":{"rendered":"https:\/\/bihavadis.com\/?p=66640"},"modified":"2026-03-08T22:24:09","modified_gmt":"2026-03-08T22:24:09","slug":"diyarbakirda-84-yasindaki-yasli-adamdan-haber-yok","status":"publish","type":"post","link":"https:\/\/bihavadis.com\/index.php\/2026\/03\/08\/diyarbakirda-84-yasindaki-yasli-adamdan-haber-yok\/","title":{"rendered":"Diyarbak\u0131r&#8217;da 84 ya\u015f\u0131ndaki ya\u015fl\u0131 adamdan haber yok"},"content":{"rendered":"<p>Diyarbak\u0131r&#8217;\u0131n Kulp il\u00e7esinde ya\u015fayan ya\u015fl\u0131 adamdan haber yok&#8230;<\/p>\n<p>K\u0131rsal \u00c7a\u011flayan Mahallesi&#8217;nde ya\u015fayan zihinsel engelli Salih Erta\u015f, 8 \u015eubat&#8217;ta Dereboyu mezras\u0131na misafirli\u011fe gitmek i\u00e7in evden ayr\u0131ld\u0131 ancak kendisinden bir daha haber al\u0131namad\u0131.<\/p>\n<p><strong>ARAMA \u00c7ALI\u015eMASI BA\u015eLATILDI<\/strong><\/p>\n<p>Erta\u015f&#8217;a ula\u015famayan ailesi, durumu 11 \u015eubat ak\u015fam\u0131 112 Acil \u00c7a\u011fr\u0131 Merkezi&#8217;ne bildirdi.<\/p>\n<p>\u0130hbarla b\u00f6lgeye y\u00f6nlendirilen ekipler, arama \u00e7al\u0131\u015fmas\u0131 ba\u015flatt\u0131.<\/p>\n<p><strong>160 K\u0130\u015e\u0130L\u0130K EK\u0130P ARIYOR<\/strong><\/p>\n<p>AFAD, Kulp Belediyesi, Kayap\u0131nar Belediyesi, B\u00fcy\u00fck\u015fehir Belediyesi ve Karayollar\u0131 B\u00f6lge M\u00fcd\u00fcrl\u00fc\u011f\u00fc arama kurtarma ekipleri, polis ve jandarma ekiplerinden olu\u015fan 160 ki\u015filik personel, 23 ara\u00e7, 1 kadavra k\u00f6pe\u011fi ve 3 drone ile Salih Erta\u015f&#8217;\u0131 ar\u0131yor.<\/p>\n<p>Ekipler, Erta\u015f&#8217;\u0131n eviyle, Sarum \u00c7ay\u0131 etraf\u0131 ve Bing\u00f6l il s\u0131n\u0131r\u0131na do\u011fru aramalar\u0131n\u0131 geni\u015fletti.\u00a0<\/p>\n<p><img decoding=\"async\" src=\"https:\/\/bihavadis.com\/wp-content\/uploads\/2026\/03\/diyarbakirda-84-yasindaki-yasli-adamdan-haber-yok-0-Cz3Ij9BG.jpg\"\/><\/p>\n<p><img decoding=\"async\" src=\"https:\/\/bihavadis.com\/wp-content\/uploads\/2026\/03\/diyarbakirda-84-yasindaki-yasli-adamdan-haber-yok-1-UlRdfXid.jpg\"\/><\/p>\n<p><img decoding=\"async\" src=\"https:\/\/bihavadis.com\/wp-content\/uploads\/2026\/03\/diyarbakirda-84-yasindaki-yasli-adamdan-haber-yok-2-WdklUXpk.jpg\"\/><\/p>\n<p><img decoding=\"async\" src=\"https:\/\/bihavadis.com\/wp-content\/uploads\/2026\/03\/diyarbakirda-84-yasindaki-yasli-adamdan-haber-yok-3-uPG7hVXz.jpg\"\/><\/p>\n<p><img decoding=\"async\" src=\"https:\/\/bihavadis.com\/wp-content\/uploads\/2026\/03\/diyarbakirda-84-yasindaki-yasli-adamdan-haber-yok-4-FvVeML92.jpg\"\/> <\/p>\n<div> <span><strong>Kaynak:<\/strong> Demir\u00f6ren Haber Ajans\u0131 (DHA)<\/span> <\/div>\n","protected":false},"excerpt":{"rendered":"<p>Diyarbak\u0131r&#8217;\u0131n Kulp il\u00e7esinde ya\u015fayan ya\u015fl\u0131 adamdan haber yok&#8230; K\u0131rsal \u00c7a\u011flayan Mahallesi&#8217;nde ya\u015fayan zihinsel engelli Salih Erta\u015f, 8 \u015eubat&#8217;ta Dereboyu mezras\u0131na misafirli\u011fe gitmek i\u00e7in evden ayr\u0131ld\u0131 ancak kendisinden bir daha haber al\u0131namad\u0131. ARAMA &#8230;<\/p>\n","protected":false},"author":1,"featured_media":66641,"comment_status":"open","ping_status":"open","sticky":false,"template":"","format":"standard","meta":{"footnotes":""},"categories":[4,13],"tags":[2404],"class_list":["post-66640","post","type-post","status-publish","format-standard","has-post-thumbnail","hentry","category-gundem","category-son-dakika","tag-ekip"],"_links":{"self":[{"href":"https:\/\/bihavadis.com\/index.php\/wp-json\/wp\/v2\/posts\/66640","targetHints":{"allow":["GET"]}}],"collection":[{"href":"https:\/\/bihavadis.com\/index.php\/wp-json\/wp\/v2\/posts"}],"about":[{"href":"https:\/\/bihavadis.com\/index.php\/wp-json\/wp\/v2\/types\/post"}],"author":[{"embeddable":true,"href":"https:\/\/bihavadis.com\/index.php\/wp-json\/wp\/v2\/users\/1"}],"replies":[{"embeddable":true,"href":"https:\/\/bihavadis.com\/index.php\/wp-json\/wp\/v2\/comments?post=66640"}],"version-history":[{"count":1,"href":"https:\/\/bihavadis.com\/index.php\/wp-json\/wp\/v2\/posts\/66640\/revisions"}],"predecessor-version":[{"id":66647,"href":"https:\/\/bihavadis.com\/index.php\/wp-json\/wp\/v2\/posts\/66640\/revisions\/66647"}],"wp:featuredmedia":[{"embeddable":true,"href":"https:\/\/bihavadis.com\/index.php\/wp-json\/wp\/v2\/media\/66641"}],"wp:attachment":[{"href":"https:\/\/bihavadis.com\/index.php\/wp-json\/wp\/v2\/media?parent=66640"}],"wp:term":[{"taxonomy":"category","embeddable":true,"href":"https:\/\/bihavadis.com\/index.php\/wp-json\/wp\/v2\/categories?post=66640"},{"taxonomy":"post_tag","embeddable":true,"href":"https:\/\/bihavadis.com\/index.php\/wp-json\/wp\/v2\/tags?post=66640"}],"curies":[{"name":"wp","href":"https:\/\/api.w.org\/{rel}","templated":true}]}}