{"id":66692,"date":"2026-03-08T22:51:06","date_gmt":"2026-03-08T22:51:06","guid":{"rendered":"https:\/\/bihavadis.com\/?p=66692"},"modified":"2026-03-08T22:51:06","modified_gmt":"2026-03-08T22:51:06","slug":"gercekler-ortaya-cikti-iste-jhon-duranin-fenerden-neden-yollandigi","status":"publish","type":"post","link":"https:\/\/bihavadis.com\/index.php\/2026\/03\/08\/gercekler-ortaya-cikti-iste-jhon-duranin-fenerden-neden-yollandigi\/","title":{"rendered":"Ger\u00e7ekler ortaya \u00e7\u0131kt\u0131! \u0130\u015fte Jhon Duran&#8217;\u0131n Fener&#8217;den neden yolland\u0131\u011f\u0131"},"content":{"rendered":"<p> Fenerbah\u00e7e&#8217;de Youssef En-Nesyri&#8217;nin vedas\u0131n\u0131n hemen ard\u0131ndan kiral\u0131k s\u00f6zle\u015fmesi feshedilen Jhon Duran, Rusya&#8217;n\u0131n Zenit kul\u00fcb\u00fcne imza att\u0131. Sar\u0131-lacivertli kul\u00fcpte b\u00fcy\u00fck beklentilerle kadroya kat\u0131lan Kolombiyal\u0131 golc\u00fcn\u00fcn ayr\u0131l\u0131\u011f\u0131, ya\u015fanan sorunlar\u0131n ard\u0131ndan ka\u00e7\u0131n\u0131lmaz hale geldi.<\/p>\n<p><b>RUSYA YOLU A\u00c7ILDI<\/b><\/p>\n<p>Sezon ba\u015f\u0131nda Suudi Arabistan&#8217;dan transfer edilen Jhon Duran, k\u0131sa s\u00fcrede performans\u0131ndan \u00e7ok saha d\u0131\u015f\u0131 davran\u0131\u015flar\u0131yla g\u00fcndeme geldi. Disiplinsiz tav\u0131rlar\u0131 nedeniyle kul\u00fcp i\u00e7inde huzursuzluk yaratan gen\u00e7 oyuncunun bileti kesildi ve yollar ayr\u0131ld\u0131. Duran, s\u00f6zle\u015fmesinin feshedilmesinin ard\u0131ndan Zenit&#8217;e transfer oldu.<\/p>\n<p><b>\u015eIMARIK VE \u0130STEKS\u0130Z TAVIRLAR<\/b><\/p>\n<p>Kul\u00fcp kaynaklar\u0131na g\u00f6re Jhon Duran&#8217;\u0131n \u015f\u0131mar\u0131k ve a\u015f\u0131r\u0131 rahat davran\u0131\u015flar\u0131 tak\u0131m i\u00e7inde ciddi rahats\u0131zl\u0131k yaratt\u0131. \u00d6zellikle son bir ayda antrenmanlara isteksiz \u00e7\u0131kmas\u0131, teknik heyetin tepkisini \u00e7ekti. Oyuncunun sahaya ve \u00e7al\u0131\u015fmalara olan ilgisinin azalmas\u0131, s\u00fcrecin h\u0131zlanmas\u0131na neden oldu.<\/p>\n<p><b>KUL\u00dcP \u0130\u00c7\u0130NDE GERG\u0130NL\u0130K<\/b><\/p>\n<p>Duran&#8217;\u0131n zaman zaman tak\u0131m arkada\u015flar\u0131na ve kul\u00fcp personeline kar\u015f\u0131 sergiledi\u011fi so\u011fuk ve olumsuz tav\u0131rlar, kul\u00fcp i\u00e7inde huzursuzlu\u011fu art\u0131rd\u0131. Bu davran\u0131\u015flar\u0131n devam etmesi, oyuncunun tak\u0131ma uyum sa\u011flamas\u0131n\u0131 imk\u00e2ns\u0131z hale getirdi.<\/p>\n<p><b>SARAN&#8217;IN \u00c7ABASI YETMED\u0130<\/b><\/p>\n<p>Ba\u015fkan Sadettin Saran, yeteneklerine inand\u0131\u011f\u0131 Jhon Duran&#8217;\u0131 kazanmak i\u00e7in yo\u011fun \u00e7aba harcad\u0131. Oyuncunun T\u00fcrkiye&#8217;ye geli\u015finde ya\u015fad\u0131\u011f\u0131 ev krizini \u00e7\u00f6zen Saran, Duran&#8217;la s\u0131k s\u0131k g\u00f6r\u00fc\u015ferek moral vermeye \u00e7al\u0131\u015ft\u0131. Ancak yap\u0131lan t\u00fcm giri\u015fimler sonu\u00e7suz kald\u0131.<\/p>\n<p><b>KIRILMA NOKTASI KONYASPOR MA\u00c7I<\/b><\/p>\n<p>Gen\u00e7 golc\u00fcn\u00fcn umursamaz tav\u0131rlar\u0131, teknik direkt\u00f6r Domenico Tedesco&#8217;yu da pes ettirdi. \u00d6zellikle Konyaspor ma\u00e7\u0131nda oyundan al\u0131nd\u0131\u011f\u0131 s\u0131rada hocas\u0131na y\u00f6nelik yapt\u0131\u011f\u0131 el ve kol hareketleri, ayr\u0131l\u0131k karar\u0131nda kritik bir k\u0131r\u0131lma noktas\u0131 oldu.<\/p>\n<p><b>TAKIMDAN VETO GELD\u0130<\/b><\/p>\n<p>Tak\u0131m arkada\u015flar\u0131n\u0131n b\u00fcy\u00fck bir b\u00f6l\u00fcm\u00fcn\u00fcn, Jhon Duran&#8217;\u0131n tak\u0131mda kalmas\u0131n\u0131 istemedi\u011fi \u00f6\u011frenildi. Genel pozitif havay\u0131 bozdu\u011fu d\u00fc\u015f\u00fcn\u00fclen oyuncu i\u00e7in y\u00f6netim ve teknik heyet ortak kararla ayr\u0131l\u0131k yolunu se\u00e7ti.<\/p>\n","protected":false},"excerpt":{"rendered":"<p>Fenerbah\u00e7e&#8217;de Jhon Duran, disiplinsiz ve umursamaz tav\u0131rlar\u0131, tak\u0131m i\u00e7indeki huzursuzluk ve Konyaspor ma\u00e7\u0131nda ya\u015fananlar sonras\u0131 Zenit&#8217;e transfer olarak sar\u0131-lacivertli kul\u00fcple yollar\u0131n\u0131 ay\u0131rd\u0131.<\/p>\n","protected":false},"author":1,"featured_media":66693,"comment_status":"open","ping_status":"open","sticky":false,"template":"","format":"standard","meta":{"footnotes":""},"categories":[14],"tags":[7570,1449,1728,366],"class_list":["post-66692","post","type-post","status-publish","format-standard","has-post-thumbnail","hentry","category-spor","tag-jhon","tag-kulup","tag-oyuncu","tag-takim"],"_links":{"self":[{"href":"https:\/\/bihavadis.com\/index.php\/wp-json\/wp\/v2\/posts\/66692","targetHints":{"allow":["GET"]}}],"collection":[{"href":"https:\/\/bihavadis.com\/index.php\/wp-json\/wp\/v2\/posts"}],"about":[{"href":"https:\/\/bihavadis.com\/index.php\/wp-json\/wp\/v2\/types\/post"}],"author":[{"embeddable":true,"href":"https:\/\/bihavadis.com\/index.php\/wp-json\/wp\/v2\/users\/1"}],"replies":[{"embeddable":true,"href":"https:\/\/bihavadis.com\/index.php\/wp-json\/wp\/v2\/comments?post=66692"}],"version-history":[{"count":1,"href":"https:\/\/bihavadis.com\/index.php\/wp-json\/wp\/v2\/posts\/66692\/revisions"}],"predecessor-version":[{"id":66694,"href":"https:\/\/bihavadis.com\/index.php\/wp-json\/wp\/v2\/posts\/66692\/revisions\/66694"}],"wp:featuredmedia":[{"embeddable":true,"href":"https:\/\/bihavadis.com\/index.php\/wp-json\/wp\/v2\/media\/66693"}],"wp:attachment":[{"href":"https:\/\/bihavadis.com\/index.php\/wp-json\/wp\/v2\/media?parent=66692"}],"wp:term":[{"taxonomy":"category","embeddable":true,"href":"https:\/\/bihavadis.com\/index.php\/wp-json\/wp\/v2\/categories?post=66692"},{"taxonomy":"post_tag","embeddable":true,"href":"https:\/\/bihavadis.com\/index.php\/wp-json\/wp\/v2\/tags?post=66692"}],"curies":[{"name":"wp","href":"https:\/\/api.w.org\/{rel}","templated":true}]}}