{"id":66719,"date":"2026-03-08T23:15:07","date_gmt":"2026-03-08T23:15:07","guid":{"rendered":"https:\/\/bihavadis.com\/?p=66719"},"modified":"2026-03-08T23:15:07","modified_gmt":"2026-03-08T23:15:07","slug":"baskan-tugay-ataturkun-sozuyle-kadinlar-gununu-kutladi","status":"publish","type":"post","link":"https:\/\/bihavadis.com\/index.php\/2026\/03\/08\/baskan-tugay-ataturkun-sozuyle-kadinlar-gununu-kutladi\/","title":{"rendered":"Ba\u015fkan Tugay, Atat\u00fcrk&#8217;\u00fcn s\u00f6z\u00fcyle kad\u0131nlar g\u00fcn\u00fcn\u00fc kutlad\u0131"},"content":{"rendered":"<p>\u0130zmir B\u00fcy\u00fck\u015fehir Belediye Ba\u015fkan\u0131 Dr. Cemil Tugay, 8 Mart D\u00fcnya Emek\u00e7i Kad\u0131nlar G\u00fcn\u00fc&#8217;nde K\u00fclt\u00fcrpark&#8217;ta ger\u00e7ekle\u015ftirilen etkinlikte hem duygusal anlar ya\u015fad\u0131 hem de \u00fcretici kad\u0131nlar\u0131 destekledi. Ba\u015fkan Tugay, Atat\u00fcrk&#8217;\u00fcn &#8220;Yery\u00fcz\u00fcnde g\u00f6rd\u00fc\u011f\u00fcm\u00fcz her \u015fey kad\u0131n\u0131n eseridir&#8221; s\u00f6z\u00fcn\u00fc hat\u0131rlatarak, kad\u0131nlar\u0131n emeklerine duydu\u011fu sayg\u0131y\u0131 bir kez daha vurgulad\u0131.\u00a0<\/p>\n<p>\u0130zmir B\u00fcy\u00fck\u015fehir Belediyesi, 8 Mart D\u00fcnya Emek\u00e7i Kad\u0131nlar G\u00fcn\u00fc\u2019n\u00fc \u201cAram\u0131zda E\u015fitlik Var\u201d temas\u0131yla \u00fc\u00e7 g\u00fcn s\u00fcren etkinliklerle kar\u015f\u0131lad\u0131. K\u00fclt\u00fcrpark\u2019tan il\u00e7elere uzanan etkinliklerde kad\u0131n eme\u011fi ve dayan\u0131\u015fma \u00f6n plana \u00e7\u0131kt\u0131. \u0130zmir B\u00fcy\u00fck\u015fehir Belediye Ba\u015fkan\u0131 Dr. Cemil Tugay, 8 Mart D\u00fcnya Emek\u00e7i Kad\u0131nlar G\u00fcn\u00fc&#8217;nde K\u00fclt\u00fcrpark&#8217;taki stantlar\u0131 ziyaret ederek \u00fcretici kad\u0131nlarla bulu\u015ftu. Ba\u015fkan Tugay, sivil toplum kurulu\u015flar\u0131, dernekler ve vak\u0131flar\u0131n temsilcileriyle sohbet etti, \u00e7ocuklarla foto\u011fraf \u00e7ektirdi ve gen\u00e7lerin taleplerini dinleyerek ihtiya\u00e7lar\u0131 not ald\u0131. Etkinlikte binlerce \u0130zmirli, kad\u0131nlar\u0131n g\u00fcc\u00fcn\u00fc kutlamak i\u00e7in bir araya geldi.\u00a0<\/p>\n<p><strong>Atat\u00fcrk\u2019\u00fcn s\u00f6z\u00fcyle kad\u0131nlar g\u00fcn\u00fcn\u00fc kutlad\u0131<\/strong><\/p>\n<p>\u0130zmir B\u00fcy\u00fck\u015fehir Belediye Ba\u015fkan\u0131 Dr. Cemil Tugay, 8 Mart D\u00fcnya Kad\u0131nlar G\u00fcn\u00fc&#8217;n\u00fc, Ulu \u00d6nder Mustafa Kemal Atat\u00fcrk&#8217;\u00fcn &#8220;Yery\u00fcz\u00fcnde g\u00f6rd\u00fc\u011f\u00fcm\u00fcz her \u015fey kad\u0131n\u0131n eseridir&#8221; s\u00f6z\u00fcn\u00fc yaz\u0131ya d\u00f6kerek kutlad\u0131. Ba\u015fkan Tugay, \u0130zmir&#8217;de yedi y\u0131l \u00f6nce kurulan ilk ba\u011f\u0131ms\u0131z FRC robotik tak\u0131m\u0131 8056 Laissez Faire \u00fcyelerinin kendisine hediye etti\u011fi 8 Mart rozetini takarak stant ziyaretlerini ger\u00e7ekle\u015ftirdi.\u00a0 Ba\u015fkan Tugay alanda \u0130zmir Kent Konseyi Kad\u0131n Meclisi\u2019nin temsilcileriyle de selamla\u015ft\u0131.\u00a0<\/p>\n<p><strong>Ba\u015fkan Tugay\u2019\u0131 duyguland\u0131ran anlaml\u0131 s\u00fcrpriz<\/strong><\/p>\n<p>SMYRNA G\u00fc\u00e7l\u00fc Kad\u0131nlar Yard\u0131mla\u015fma ve K\u00fclt\u00fcr Derne\u011fi stand\u0131nda, Ba\u015fkan Dr. Cemil Tugay\u2019\u0131 duyguland\u0131ran anlaml\u0131 bir s\u00fcrpriz ya\u015fand\u0131. \u015eirin Y\u00fccel, Ba\u015fkan Tugay\u2019\u0131n Kar\u015f\u0131yaka Belediye Ba\u015fkanl\u0131\u011f\u0131 d\u00f6neminde ya\u015fad\u0131klar\u0131 \u00f6zel bir an\u0131y\u0131 hat\u0131rlatt\u0131. Y\u00fccel, bir etkinlik s\u0131ras\u0131nda son kalan limonatay\u0131 Ba\u015fkan Tugay\u2019\u0131n almayarak kendisine ikram etti\u011fini ve &#8220;\u00d6nce kad\u0131nlar&#8221; dedi\u011fini belirtti. Y\u00fccel, o an\u0131y\u0131 unutmayarak y\u0131llarca bekledi\u011fi bir hediyeyi, o limonatan\u0131n barda\u011f\u0131n\u0131 Ba\u015fkan Tugay\u2019a takdim etti. Beklenmedik bu s\u00fcrpriz kar\u015f\u0131s\u0131nda te\u015fekk\u00fcrlerini ileten Ba\u015fkan Tugay, duygusal anlar ya\u015fayarak g\u00f6zya\u015flar\u0131n\u0131 tutamad\u0131.\u00a0<\/p>\n<p><strong>Renkli g\u00f6r\u00fcnt\u00fcler ve s\u0131cak temaslar<\/strong><\/p>\n<p>\u0130zmirli sekiz ya\u015f\u0131ndaki Aymira Aslan, stant ziyaretleri s\u0131ras\u0131nda Ba\u015fkan Dr. Cemil Tugay i\u00e7in haz\u0131rlad\u0131\u011f\u0131 \u00f6zel jimnastik g\u00f6sterisini sergiledi. Ba\u015fkan Tugay ayr\u0131ca Sa\u011fl\u0131kl\u0131 Ya\u015fam Derne\u011fi&#8217;ni ziyaret etti\u011fi s\u0131rada k\u0131sa bir meditasyon ve ayd\u0131nlanma program\u0131 deneyimi ya\u015fad\u0131. Etkinlikte, sporcu gen\u00e7ler de Ba\u015fkan Tugay\u2019dan malzeme deste\u011fi talep etti. Ba\u015fkan Tugay, &#8220;Gen\u00e7leri ve \u00e7ocuklar\u0131 \u00e7ok \u00f6nemsiyorum. Taleplerinin yerine getirilmesi i\u00e7in \u00e7al\u0131\u015f\u0131yoruz. Bir aksilik \u00e7\u0131ks\u0131n istemiyorum. Direkt telefon numaram\u0131 vereyim, sizden de birinin telefon numaras\u0131n\u0131 alay\u0131m, b\u00f6ylece ileti\u015fimde kalal\u0131m&#8221; diyerek gen\u00e7lerin ihtiya\u00e7lar\u0131na duydu\u011fu hassasiyeti dile getirdi.\u00a0<\/p>\n<p><strong>K\u0131rsal destekler i\u00e7in \u00f6zel te\u015fekk\u00fcr<\/strong><\/p>\n<p>Ba\u015fkan Dr. Cemil Tugay, k\u0131rsal \u00fcretim yapan \u0130zmirli kad\u0131nlar\u0131n stantlar\u0131n\u0131 ziyaret ederek dayan\u0131\u015fma i\u00e7inde emek veren \u00fcreticilerle bir araya geldi. \u00dcreticilere, herhangi bir talepleri olup olmad\u0131\u011f\u0131n\u0131 soran Ba\u015fkan Tugay, \u0130zmir B\u00fcy\u00fck\u015fehir Belediyesi\u2019nin k\u0131rsal destekleri ve hamleleri konusunda memnuniyetlerini dinledi. Al\u0131\u015fveri\u015f yapt\u0131\u011f\u0131 s\u0131rada Menderes Yenik\u00f6y Kad\u0131n Kooperatifi&#8217;nin stand\u0131nda, salep \u00fcretimine sa\u011flanan destekler i\u00e7in te\u015fekk\u00fcrler ald\u0131.<\/p>\n<p>Kaynak: (BYZHA) Beyaz Haber Ajans\u0131<\/p>\n","protected":false},"excerpt":{"rendered":"<p>\u0130zmir B\u00fcy\u00fck\u015fehir Belediye Ba\u015fkan\u0131 Dr. Cemil Tugay, 8 Mart D\u00fcnya Emek\u00e7i Kad\u0131nlar G\u00fcn\u00fc&#8217;nde K\u00fclt\u00fcrpark&#8217;ta ger\u00e7ekle\u015ftirilen etkinlikte hem duygusal anlar ya\u015fad\u0131 hem de \u00fcretici kad\u0131nlar\u0131 destekledi.<\/p>\n","protected":false},"author":1,"featured_media":66720,"comment_status":"open","ping_status":"open","sticky":false,"template":"","format":"standard","meta":{"footnotes":""},"categories":[4],"tags":[516,979,236,978,1614],"class_list":["post-66719","post","type-post","status-publish","format-standard","has-post-thumbnail","hentry","category-gundem","tag-baskan","tag-etkinlik","tag-gun","tag-izmir","tag-kadinlar"],"_links":{"self":[{"href":"https:\/\/bihavadis.com\/index.php\/wp-json\/wp\/v2\/posts\/66719","targetHints":{"allow":["GET"]}}],"collection":[{"href":"https:\/\/bihavadis.com\/index.php\/wp-json\/wp\/v2\/posts"}],"about":[{"href":"https:\/\/bihavadis.com\/index.php\/wp-json\/wp\/v2\/types\/post"}],"author":[{"embeddable":true,"href":"https:\/\/bihavadis.com\/index.php\/wp-json\/wp\/v2\/users\/1"}],"replies":[{"embeddable":true,"href":"https:\/\/bihavadis.com\/index.php\/wp-json\/wp\/v2\/comments?post=66719"}],"version-history":[{"count":1,"href":"https:\/\/bihavadis.com\/index.php\/wp-json\/wp\/v2\/posts\/66719\/revisions"}],"predecessor-version":[{"id":66721,"href":"https:\/\/bihavadis.com\/index.php\/wp-json\/wp\/v2\/posts\/66719\/revisions\/66721"}],"wp:featuredmedia":[{"embeddable":true,"href":"https:\/\/bihavadis.com\/index.php\/wp-json\/wp\/v2\/media\/66720"}],"wp:attachment":[{"href":"https:\/\/bihavadis.com\/index.php\/wp-json\/wp\/v2\/media?parent=66719"}],"wp:term":[{"taxonomy":"category","embeddable":true,"href":"https:\/\/bihavadis.com\/index.php\/wp-json\/wp\/v2\/categories?post=66719"},{"taxonomy":"post_tag","embeddable":true,"href":"https:\/\/bihavadis.com\/index.php\/wp-json\/wp\/v2\/tags?post=66719"}],"curies":[{"name":"wp","href":"https:\/\/api.w.org\/{rel}","templated":true}]}}