{"id":66825,"date":"2026-03-09T00:36:11","date_gmt":"2026-03-09T00:36:11","guid":{"rendered":"https:\/\/bihavadis.com\/?p=66825"},"modified":"2026-03-09T00:36:11","modified_gmt":"2026-03-09T00:36:11","slug":"meclis-baskani-numan-kurtulmustan-siyasi-partilere-surec-ziyareti","status":"publish","type":"post","link":"https:\/\/bihavadis.com\/index.php\/2026\/03\/09\/meclis-baskani-numan-kurtulmustan-siyasi-partilere-surec-ziyareti\/","title":{"rendered":"Meclis Ba\u015fkan\u0131 Numan Kurtulmu\u015f&#8217;tan siyasi partilere &#8220;s\u00fcre\u00e7&#8221; ziyareti"},"content":{"rendered":"<p>TBMM Ba\u015fkan\u0131 Numan Kurtulmu\u015f, s\u00fcre\u00e7 komisyonu raporunun ge\u00e7en hafta kabul edilmesinin ard\u0131ndan ba\u015flad\u0131\u011f\u0131 siyasi parti turu kapsam\u0131nda, bug\u00fcn AK Parti ve Yeni Yol TBMM Grubu&#8217;nu ziyaret etti.<\/p>\n<p>Kurtulmu\u015f&#8217;un AK Parti&#8217;ye ger\u00e7ekle\u015ftirdi\u011fi ziyarete, AK Parti&#8217;den Efkan Ala ve Abdullah G\u00fcler e\u015flik etti.<\/p>\n<p><strong>&#8220;TER\u00d6R MESELES\u0130 T\u00dcRK\u0130YE&#8217;N\u0130N G\u00dcNDEM\u0130NDEN KALDIRILACAK&#8221;<\/strong><\/p>\n<p>Kurtulmu\u015f burada bas\u0131n mensuplar\u0131na yapt\u0131\u011f\u0131 a\u00e7\u0131klamada; <em><b>&#8220;T\u00fcrkiye&#8217;nin en zor meselesi, Cumhuriyet tarihimizin ilk asr\u0131n\u0131n yar\u0131s\u0131n\u0131n neredeyse heba edildi\u011fi, b\u00fcy\u00fck bedeller \u00f6dedi\u011fimiz, a\u011f\u0131r faturalar \u00f6dedi\u011fimiz \u015fiddet ve ter\u00f6r meselesi \u00fcmit ediyorum ki bu \u00e7al\u0131\u015fmayla birlikte yoluna girecek ve T\u00fcrkiye&#8217;nin g\u00fcndeminden kald\u0131r\u0131lacakt\u0131r.&#8221;<\/b><\/em> ifadelerine yer verdi.<\/p>\n<p><img decoding=\"async\" src=\"https:\/\/bihavadis.com\/wp-content\/uploads\/2026\/03\/meclis-baskani-numan-kurtulmustan-siyasi-partilere-surec-ziyareti-0-4UkhdsqP.jpg\"\/><\/p>\n<p><strong>B\u0130R TE\u015eEKK\u00dcR Z\u0130YARET\u0130 DE YEN\u0130 YOL GRUBUNA<\/strong><\/p>\n<p>Yeni Yol Partisinin TBMM grubunda, Yeni Yol Partisi Grup Ba\u015fkan\u0131 Mehmet Emin Ekmen, grup ba\u015fkanvekilleri B\u00fclent Kaya ve Sel\u00e7uk \u00d6zda\u011f ile \u0130zmir Milletvekili Mustafa Bilici&#8217;nin kat\u0131ld\u0131\u011f\u0131 g\u00f6r\u00fc\u015fme bas\u0131na kapal\u0131 ger\u00e7ekle\u015fti.<\/p>\n<p>Kurtulmu\u015f, g\u00f6r\u00fc\u015fmenin ard\u0131ndan bas\u0131n mensuplar\u0131na yapt\u0131\u011f\u0131 a\u00e7\u0131klamada, Milli Dayan\u0131\u015fma, Karde\u015flik ve Demokrasi Komisyonunun \u00e7al\u0131\u015fmalar\u0131na verdi\u011fi katk\u0131lar i\u00e7in Yeni Yol Partisine te\u015fekk\u00fcr etti.<\/p>\n<p>Komisyonun raporunu tamamlamas\u0131yla s\u00fcrecin belli bir noktaya ta\u015f\u0131nd\u0131\u011f\u0131n\u0131 belirten Kurtulmu\u015f,<b><em> &#8220;Bundan sonra raporda yer alan konular\u0131n hayata ge\u00e7irilmesiyle ilgili \u00fcmit ederim ki siyasi partilerimiz ortak bir anlay\u0131\u015fla, a\u00e7\u0131k fikirlilikle, a\u00e7\u0131k y\u00fcreklilikle \u00e7al\u0131\u015fmalar\u0131n\u0131 s\u00fcrd\u00fcr\u00fcr ve kamuoyumuzun beklemi\u015f oldu\u011fu bu yasal d\u00fczenlemeler ba\u015fta olmak \u00fczere \u00e7e\u015fitli ad\u0131mlar at\u0131l\u0131r. B\u00f6ylece T\u00fcrkiye tarihinin en \u00f6nemli sorununu, Cumhuriyetimizin ilk asr\u0131n\u0131n en a\u011f\u0131r, en b\u00fcy\u00fck bedeller \u00f6dedi\u011fimiz sorununu ilanihaye ortadan kald\u0131racak ad\u0131mlar\u0131 atmak m\u00fcmk\u00fcn olur.&#8221; <\/em><\/b>diye konu\u015ftu.<\/p>\n<p><img decoding=\"async\" src=\"https:\/\/bihavadis.com\/wp-content\/uploads\/2026\/03\/meclis-baskani-numan-kurtulmustan-siyasi-partilere-surec-ziyareti-1-nL8xGOvw.jpg\"\/> <\/p>\n<div> <span><strong>Kaynak:<\/strong> Ensonhaber Haber Merkezi<\/span> <\/div>\n","protected":false},"excerpt":{"rendered":"<p>TBMM Ba\u015fkan\u0131 Numan Kurtulmu\u015f, s\u00fcre\u00e7 komisyonu raporunun ge\u00e7en hafta kabul edilmesinin ard\u0131ndan ba\u015flad\u0131\u011f\u0131 siyasi parti turu kapsam\u0131nda, bug\u00fcn AK Parti ve Yeni Yol TBMM Grubu&#8217;nu ziyaret etti. Kurtulmu\u015f&#8217;un AK Parti&#8217;ye ger\u00e7ekle\u015ftirdi\u011fi ziyarete, AK Parti &#8230;<\/p>\n","protected":false},"author":1,"featured_media":66826,"comment_status":"open","ping_status":"open","sticky":false,"template":"","format":"standard","meta":{"footnotes":""},"categories":[9,13],"tags":[1893,563,7574],"class_list":["post-66825","post","type-post","status-publish","format-standard","has-post-thumbnail","hentry","category-genel","category-son-dakika","tag-kurtulmus","tag-parti","tag-yeni-yol"],"_links":{"self":[{"href":"https:\/\/bihavadis.com\/index.php\/wp-json\/wp\/v2\/posts\/66825","targetHints":{"allow":["GET"]}}],"collection":[{"href":"https:\/\/bihavadis.com\/index.php\/wp-json\/wp\/v2\/posts"}],"about":[{"href":"https:\/\/bihavadis.com\/index.php\/wp-json\/wp\/v2\/types\/post"}],"author":[{"embeddable":true,"href":"https:\/\/bihavadis.com\/index.php\/wp-json\/wp\/v2\/users\/1"}],"replies":[{"embeddable":true,"href":"https:\/\/bihavadis.com\/index.php\/wp-json\/wp\/v2\/comments?post=66825"}],"version-history":[{"count":1,"href":"https:\/\/bihavadis.com\/index.php\/wp-json\/wp\/v2\/posts\/66825\/revisions"}],"predecessor-version":[{"id":66829,"href":"https:\/\/bihavadis.com\/index.php\/wp-json\/wp\/v2\/posts\/66825\/revisions\/66829"}],"wp:featuredmedia":[{"embeddable":true,"href":"https:\/\/bihavadis.com\/index.php\/wp-json\/wp\/v2\/media\/66826"}],"wp:attachment":[{"href":"https:\/\/bihavadis.com\/index.php\/wp-json\/wp\/v2\/media?parent=66825"}],"wp:term":[{"taxonomy":"category","embeddable":true,"href":"https:\/\/bihavadis.com\/index.php\/wp-json\/wp\/v2\/categories?post=66825"},{"taxonomy":"post_tag","embeddable":true,"href":"https:\/\/bihavadis.com\/index.php\/wp-json\/wp\/v2\/tags?post=66825"}],"curies":[{"name":"wp","href":"https:\/\/api.w.org\/{rel}","templated":true}]}}