{"id":6683,"date":"2026-01-30T18:42:06","date_gmt":"2026-01-30T18:42:06","guid":{"rendered":"https:\/\/bihavadis.com\/?p=6683"},"modified":"2026-01-30T18:42:06","modified_gmt":"2026-01-30T18:42:06","slug":"kayseri-mobilyasinda-yeni-projeler","status":"publish","type":"post","link":"https:\/\/bihavadis.com\/index.php\/2026\/01\/30\/kayseri-mobilyasinda-yeni-projeler\/","title":{"rendered":"Kayseri Mobilyas\u0131nda Yeni Projeler"},"content":{"rendered":"<p> Kayseri Mobilyac\u0131lar Odas\u0131 ve Kumsmall AVM Y\u00f6netim Kurulu Ba\u015fkan\u0131 Ercan Sar\u0131kaya, Kayseri mobilyas\u0131na y\u00f6n verecek projeler a\u00e7\u0131klad\u0131. K\u00fcmelenmenin g\u00fcc\u00fcyle birlik beraberlik i\u00e7inde \u00e7ok \u00f6nemli yat\u0131r\u0131mlar\u0131 hayata ge\u00e7irdiklerini ifade eden Ba\u015fkan Sar\u0131kaya, \u00f6n\u00fcm\u00fczdeki g\u00fcnlere y\u00f6nelik &#8216;Ortak ak\u0131l ortak aksiyon&#8217; vurgusu yapt\u0131.<\/p>\n<p>T\u00fcrkiye&#8217;de mobilya sekt\u00f6r\u00fcn\u00fcn zirvesinde yer alan Kayseri&#8217;nin bu \u00f6zelli\u011finin peki\u015fmesi, yeni pazarlarla sekt\u00f6r\u00fcn her alanda b\u00fcy\u00fcmesi i\u00e7in bir dizi projeden olu\u015fan yeni bir vizyon ortaya konuldu. Bu vizyonu kamuoyu ile payla\u015fan Kayseri Mobilyac\u0131lar Odas\u0131 ve Kumsmall AVM Y\u00f6netim Kurulu Ba\u015fkan\u0131 Ercan Sar\u0131kaya, Kayseri mobilyas\u0131n\u0131n bug\u00fcn ula\u015ft\u0131\u011f\u0131 g\u00fc\u00e7l\u00fc ve sayg\u0131n konumun y\u0131llara yay\u0131lan bir eme\u011fin sonucu oldu\u011funu s\u00f6yledi. Kayseri&#8217;de b\u00fcy\u00fcme potansiyeli olan \u00e7ok say\u0131da KOB\u0130&#8217;nin bulundu\u011funu ifade eden Ba\u015fkan Ercan Sar\u0131kaya, &#8220;K\u00fc\u00e7\u00fck sanayi sitesinden OSB&#8217;lere ge\u00e7i\u015f \u00e7ok m\u00fcmk\u00fcn de\u011fil. Sanayi sitesindeki en b\u00fcy\u00fck at\u00f6lyeler 800 metrekare. OSB&#8217;lerde ise en k\u00fc\u00e7\u00fck fabrikalar 5 bin metrekare. KOB\u0130&#8217;lerimizin sa\u011fl\u0131kl\u0131 ve s\u00fcrd\u00fcr\u00fclebilir b\u00fcy\u00fcmesi i\u00e7in \u015fehrimizde orta \u00f6l\u00e7ekli sanayi sitesine ihtiya\u00e7 var. \u0130\u015fte bu nedenle KAYMOBSAN Kooperatifini kurduk. K\u00fc\u00e7\u00fck sanayi sitelerindeki \u00fcreticilerimizi KAYMOBSAN orta \u00f6l\u00e7ekli sanayi sitemize, oradan da OSB&#8217;lere ta\u015f\u0131yacak \u00fcretim alanlar\u0131 olu\u015fturaca\u011f\u0131z. KAYMOBSAN, Kayseri&#8217;nin \u00fcretim g\u00fcc\u00fcn\u00fc omuz omuza vererek b\u00fcy\u00fctecek, planl\u0131 sanayiyi esas alan kolektif bir ba\u015far\u0131 modelidir. Sekt\u00f6re yeni bir ivme kazand\u0131racak olan KAYMOBSAN&#8217;da k\u0131sa zamanda \u00e7ok \u00f6nemli mesafeler kat ettik. Arsam\u0131zla ilgili her t\u00fcrl\u00fc alt ve \u00fcst yap\u0131 \u00e7al\u0131\u015fmalar\u0131m\u0131z devam ediyor. Proje \u00e7al\u0131\u015fmalar\u0131m\u0131zda son a\u015famaya geldik. \u0130\u015f yerlerinin yap\u0131m\u0131 i\u00e7in Sanayi ve Teknoloji Bakanl\u0131\u011f\u0131m\u0131zla g\u00f6r\u00fc\u015f\u00fcyoruz. Bu proje Kayseri sanayisinin g\u00fcc\u00fcn\u00fc yeniden tan\u0131mlayan stratejik bir ad\u0131m ve planl\u0131 sanayile\u015fme vizyonumuzun somut bir g\u00f6stergesidir&#8221; dedi.<\/p>\n<p>De\u011fi\u015fim, d\u00f6n\u00fc\u015f\u00fcm, d\u0131\u015fa a\u00e7\u0131l\u0131m<\/p>\n<p>Mobilya sekt\u00f6r\u00fcn\u00fcn b\u00fcy\u00fcmesi i\u00e7in \u00e7ok \u00f6nemli hedefler koyarak De\u011fi\u015fim, D\u00f6n\u00fc\u015f\u00fcm, D\u0131\u015fa A\u00e7\u0131l\u0131m (3D) ad\u0131n\u0131 verdikleri bir d\u00f6nemi ba\u015flatt\u0131klar\u0131n\u0131 vurgulayan Ba\u015fkan Ercan Sar\u0131kaya, s\u00f6zlerini \u015f\u00f6yle s\u00fcrd\u00fcrd\u00fc;<\/p>\n<p>&#8220;Bug\u00fcne kadar kendi \u00e7abalar\u0131m\u0131zla ve eme\u011fimizle sekt\u00f6r\u00fcm\u00fcz\u00fc bir yerlere getirdik. Art\u0131k d\u00fcnyadaki rekabet hepimizin boyunu a\u015fm\u0131\u015f durumda. Bu y\u00fczden diyoruz ki; de\u011fi\u015fim, d\u00f6n\u00fc\u015f\u00fcm ve d\u0131\u015fa a\u00e7\u0131l\u0131m art\u0131k bir tercih de\u011fil, zorunluluktur. Kayseri mobilyas\u0131n\u0131 sadece bug\u00fcne de\u011fil, yar\u0131na da haz\u0131rlamak zorunday\u0131z. Birlikte hareket ederek b\u00fcy\u00fck bir g\u00fc\u00e7 olu\u015fturabiliriz. Birlikte \u00fcretim, ortak tan\u0131t\u0131m, ortak pazarlama, ortak sat\u0131\u015f gibi konularda her t\u00fcrl\u00fc deste\u011fi verece\u011fiz.&#8221;<\/p>\n<p>Dijital ticarette g\u00fc\u00e7 birli\u011fi: KumsHome<\/p>\n<p>Kayseri Mobilyac\u0131lar Odas\u0131 ve Kumsmall AVM Y\u00f6netim Kurulu Ba\u015fkan\u0131 Ercan Sar\u0131kaya dijital ticaretin k\u00fcresel alanda ve \u00fclkemiz \u00f6zelinde her ge\u00e7en g\u00fcn daha da geli\u015fti\u011fini s\u00f6yledi. Bu alanda Kayseri mobilyas\u0131n\u0131n yeni markas\u0131n\u0131n KumsHome olaca\u011f\u0131n\u0131 ifade eden Sar\u0131kaya; &#8220;Bizler \u00fcretirken, \u00e7ar\u015f\u0131da pazarda iken evimizde iken hatta gece uyurken d\u00fcnyada ve T\u00fcrkiye&#8217;de m\u00fcthi\u015f bir ticaret yap\u0131l\u0131yor. Ma\u011faza yok, \u00e7al\u0131\u015fan yok, nerde kim \u00fcretiyor soran yok, tahsilat derseniz kredi kart\u0131 ile garanti. B\u00f6ylesi \u00f6nemli pazarda s\u00f6z sahibi olacak hamleler yapmal\u0131y\u0131z. KumsHome ile yak\u0131n zamanda e ticaret sisteminde yer alaca\u011f\u0131z. KumsHome, sadece bir e ticaret markas\u0131 olmayacakt\u0131r. Gelecekte \u00e7ok \u00f6nemli sat\u0131\u015f kanallar\u0131nda da s\u00f6z sahibi olmas\u0131n\u0131 hedefliyoruz&#8221; dedi. Fuar maliyetlerinin geldi\u011fi noktan\u0131n \u00e7ok \u00f6nemli bir sorun oldu\u011funu dile getiren Ba\u015fkan Ercan Sar\u0131kaya, &#8220;Ge\u00e7en y\u0131l \u0130stanbul Mobilya Fuar\u0131&#8217;na Kayseri&#8217;den 175 firma kat\u0131ld\u0131, ama bu y\u0131l 100 tanesi yok. Nedeni Fuar maliyetleri. OSB Ba\u015fkan\u0131m\u0131za, Y\u00f6netim Kuruluna ve ayr\u0131ca Say\u0131n Valimize \u00e7ok te\u015fekk\u00fcr ediyorum. 2027 Nisan ay\u0131nda, \u00f6nceli\u011fi daha \u00f6nce hi\u00e7 fuara kat\u0131lmam\u0131\u015f kendi \u00fcyelerimize veren, kendi mobilya fuar\u0131m\u0131z i\u00e7in OSB Fuar alan\u0131 ilk y\u0131l \u00fccretsiz olmak \u00fczere bize tahsis edildi. Fuarc\u0131l\u0131k sekt\u00f6r\u00fcne bamba\u015fka bir proje ile girece\u011fiz. Bu fuar\u0131n sekt\u00f6r\u00fcm\u00fcz\u00fc heyecanland\u0131raca\u011f\u0131n\u0131 ve canland\u0131raca\u011f\u0131n\u0131 d\u00fc\u015f\u00fcn\u00fcyoruz&#8221; diye konu\u015ftu.<\/p>\n<p>Kayseri Mobilyac\u0131lar Odas\u0131 ve Kumsmall AVM Y\u00f6netim Kurulu Ba\u015fkan\u0131 Ercan Sar\u0131kaya, mobilya sekt\u00f6r\u00fcn\u00fcn geli\u015fmesi i\u00e7in bu projelerin yan\u0131 s\u0131ra Tasar\u0131m Yar\u0131\u015fmas\u0131, yurt i\u00e7i ve yurt d\u0131\u015f\u0131 fuarlara toplu kat\u0131l\u0131m, Mobilyac\u0131lar Odas\u0131 g\u00fcvencesiyle sat\u0131\u015f gibi pek \u00e7ok projeyi daha hayata ge\u00e7ireceklerini s\u00f6zlerine ekledi. &#8211; KAYSER\u0130<\/p>\n","protected":false},"excerpt":{"rendered":"<p>Ercan Sar\u0131kaya, Kayseri mobilyas\u0131n\u0131n b\u00fcy\u00fcmesi i\u00e7in yeni projeler ve e-ticaret stratejilerini a\u00e7\u0131klad\u0131.<\/p>\n","protected":false},"author":1,"featured_media":6684,"comment_status":"open","ping_status":"open","sticky":false,"template":"","format":"standard","meta":{"footnotes":""},"categories":[8],"tags":[433,1568,982,237,374],"class_list":["post-6683","post","type-post","status-publish","format-standard","has-post-thumbnail","hentry","category-ekonomi","tag-fuar","tag-kayseri","tag-mobilya","tag-proje","tag-sanayi"],"_links":{"self":[{"href":"https:\/\/bihavadis.com\/index.php\/wp-json\/wp\/v2\/posts\/6683","targetHints":{"allow":["GET"]}}],"collection":[{"href":"https:\/\/bihavadis.com\/index.php\/wp-json\/wp\/v2\/posts"}],"about":[{"href":"https:\/\/bihavadis.com\/index.php\/wp-json\/wp\/v2\/types\/post"}],"author":[{"embeddable":true,"href":"https:\/\/bihavadis.com\/index.php\/wp-json\/wp\/v2\/users\/1"}],"replies":[{"embeddable":true,"href":"https:\/\/bihavadis.com\/index.php\/wp-json\/wp\/v2\/comments?post=6683"}],"version-history":[{"count":1,"href":"https:\/\/bihavadis.com\/index.php\/wp-json\/wp\/v2\/posts\/6683\/revisions"}],"predecessor-version":[{"id":6685,"href":"https:\/\/bihavadis.com\/index.php\/wp-json\/wp\/v2\/posts\/6683\/revisions\/6685"}],"wp:featuredmedia":[{"embeddable":true,"href":"https:\/\/bihavadis.com\/index.php\/wp-json\/wp\/v2\/media\/6684"}],"wp:attachment":[{"href":"https:\/\/bihavadis.com\/index.php\/wp-json\/wp\/v2\/media?parent=6683"}],"wp:term":[{"taxonomy":"category","embeddable":true,"href":"https:\/\/bihavadis.com\/index.php\/wp-json\/wp\/v2\/categories?post=6683"},{"taxonomy":"post_tag","embeddable":true,"href":"https:\/\/bihavadis.com\/index.php\/wp-json\/wp\/v2\/tags?post=6683"}],"curies":[{"name":"wp","href":"https:\/\/api.w.org\/{rel}","templated":true}]}}