{"id":66846,"date":"2026-03-09T00:51:06","date_gmt":"2026-03-09T00:51:06","guid":{"rendered":"https:\/\/bihavadis.com\/?p=66846"},"modified":"2026-03-09T00:51:06","modified_gmt":"2026-03-09T00:51:06","slug":"vi-amorf-dogal-tas-proje-tasarim-yarismasi-basvurulari-basladi","status":"publish","type":"post","link":"https:\/\/bihavadis.com\/index.php\/2026\/03\/09\/vi-amorf-dogal-tas-proje-tasarim-yarismasi-basvurulari-basladi\/","title":{"rendered":"VI. AMORF Do\u011fal Ta\u015f Proje Tasar\u0131m Yar\u0131\u015fmas\u0131 Ba\u015fvurular\u0131 Ba\u015flad\u0131"},"content":{"rendered":"<p>VI. AMORF, Anadolu\u2019nun binlerce y\u0131ll\u0131k ta\u015f i\u015fleme k\u00fclt\u00fcr\u00fcn\u00fc \u00e7a\u011fda\u015f tasar\u0131m anlay\u0131\u015f\u0131yla birle\u015ftirerek, T\u00fcrkiye\u2019nin do\u011fal ta\u015f ihracat\u0131nda katma de\u011ferli bir s\u0131\u00e7rama yaratmay\u0131 hedefliyor.\u00a0<\/p>\n<p>Ege Maden \u0130hracat\u00e7\u0131lar\u0131 Birli\u011fi (EM\u0130B) taraf\u0131ndan d\u00fczenlenen AMORF Do\u011fal Ta\u015f Proje Tasar\u0131m Yar\u0131\u015fmas\u0131\u2019n\u0131n alt\u0131nc\u0131 d\u00f6nemi i\u00e7in ba\u015fvurular 5 Haziran 2026 tarihinde sona erecek.\u00a0<\/p>\n<p>T\u00fcrkiye\u2019nin do\u011fal ta\u015f potansiyelini tasar\u0131m g\u00fcc\u00fcyle bulu\u015fturmay\u0131 hedefleyen yar\u0131\u015fma, bu y\u0131l \u201cTa\u015f\u0131n D\u00f6n\u00fc\u015ft\u00fcr\u00fcc\u00fc ve \u0130yile\u015ftirici Do\u011fas\u0131\u201d temas\u0131yla gen\u00e7 tasar\u0131mc\u0131lar\u0131 \u00fcretilebilir, katma de\u011ferli ve ihracata d\u00f6n\u00fck projeler geli\u015ftirmeye davet ediyor.<\/p>\n<p>Ege Maden \u0130hracat\u00e7\u0131lar\u0131 Birli\u011fi Ba\u015fkan\u0131 \u0130brahim Alimo\u011flu, \u201cBirli\u011fimizin T\u00fcrkiye\u2019nin do\u011fal ta\u015f ihracat\u0131nda tasar\u0131m odakl\u0131 d\u00f6n\u00fc\u015f\u00fcm\u00fc destekleme vizyonuyla hayata ge\u00e7irdi\u011fi AMORF, sekt\u00f6re yeni fikirler kazand\u0131rman\u0131n yan\u0131 s\u0131ra T\u00fcrk do\u011fal ta\u015f\u0131n\u0131n uluslararas\u0131 pazarlardaki rekabet g\u00fcc\u00fcn\u00fc art\u0131rmay\u0131 ama\u00e7l\u0131yor. Yar\u0131\u015fmam\u0131z\u0131n alt\u0131nc\u0131 d\u00f6nemi i\u00e7in ba\u015fvurular ba\u015flad\u0131. Gen\u00e7 tasar\u0131mc\u0131lar\u0131n yenilik\u00e7i fikirleriyle \u015fekillenecek projeler, hem sekt\u00f6r\u00fcn d\u00f6n\u00fc\u015f\u00fcm\u00fcne hem de \u00fclke ekonomisine katk\u0131 sunacak.\u201d dedi.\u00a0<\/p>\n<p><strong>\u00dclkemizin gururu tasar\u0131mc\u0131lar\u0131m\u0131z, yar\u0131\u015fmalar\u0131m\u0131zdan yeti\u015ferek sekt\u00f6re kazand\u0131r\u0131l\u0131yor<\/strong><\/p>\n<p>Her y\u0131l dereceye giren yar\u0131\u015fmac\u0131lar\u0131n tasar\u0131mlar\u0131n\u0131 E\u0130B deste\u011fiyle \u00fcretme f\u0131rsat\u0131 elde etti\u011fini vurgulayan \u0130brahim Alimo\u011flu, \u015fu de\u011ferlendirmede bulundu; \u201cYar\u0131\u015fmac\u0131lar\u0131m\u0131z d\u00fcnyan\u0131n \u00f6nde gelen okullar\u0131nda yurt d\u0131\u015f\u0131 e\u011fitim bursu kazanma \u015fans\u0131 da yakal\u0131yor. Nakdi \u00f6d\u00fcllerin \u00f6tesinde, sa\u011flanan yurt d\u0131\u015f\u0131 e\u011fitim bursu gen\u00e7 tasar\u0131mc\u0131lar\u0131m\u0131z\u0131n gelecekleri a\u00e7\u0131s\u0131ndan b\u00fcy\u00fck \u00f6nem ta\u015f\u0131yor. Bu s\u00fcre\u00e7te elde edilen uluslararas\u0131 deneyim ve tecr\u00fcbe aktar\u0131m\u0131, yar\u0131\u015fmac\u0131lar\u0131n hem networklerini geni\u015fletmelerine hem de kariyerlerinde \u00f6nemli bir s\u0131\u00e7rama yapmalar\u0131na katk\u0131 sa\u011fl\u0131yor. Nitekim bug\u00fcn T\u00fcrkiye\u2019yi uluslararas\u0131 platformlarda ba\u015far\u0131yla temsil eden ve \u00fclkemizin gururu olan pek \u00e7ok tasar\u0131mc\u0131, bu yar\u0131\u015fmalar\u0131m\u0131zdan yeti\u015ferek sekt\u00f6re kazand\u0131r\u0131l\u0131yor.\u201d\u00a0<\/p>\n<p><strong>Do\u011fal ta\u015f, insan\u0131n iyi olma h\u00e2lini destekleyen bir tasar\u0131m bile\u015feni olarak ele al\u0131nacak<\/strong><\/p>\n<p>Projelerin \u00f6zellikle i\u00e7 mek\u00e2n kullan\u0131m senaryolar\u0131 \u00fczerinden; \u00fcretilebilirlik, s\u00fcrd\u00fcr\u00fclebilirlik ve yayg\u0131nla\u015ft\u0131r\u0131labilirlik kriterleri g\u00f6zetilerek geli\u015ftirilmesi \u00f6ng\u00f6r\u00fcld\u00fc\u011f\u00fcn\u00fc s\u00f6yleyen Ba\u015fkan Alimo\u011flu s\u00f6zlerine \u015f\u00f6yle devam etti:<\/p>\n<p>\u201cMilyonlarca y\u0131ll\u0131k olu\u015fum s\u00fcreciyle ta\u015f, yaln\u0131zca bir yap\u0131 malzemesi de\u011fil; zaman\u0131n, dayan\u0131kl\u0131l\u0131\u011f\u0131n ve s\u00fcreklili\u011fin sembol\u00fcd\u00fcr. Bu y\u0131lki tema kapsam\u0131nda yar\u0131\u015fmac\u0131lardan; do\u011fal ta\u015f\u0131 estetik bir y\u00fczey malzemesi olman\u0131n \u00f6tesinde, mek\u00e2nsal, duyusal ve yap\u0131sal \u00f6zellikleriyle insan\u0131n iyi olma h\u00e2lini destekleyen bir tasar\u0131m bile\u015feni olarak ele almalar\u0131 bekleniyor. Do\u011fal ta\u015f\u0131n fiziksel \u00f6zellikleri, y\u00fczey i\u015fleme teknikleri, mek\u00e2nsal potansiyeli ve uzun \u00f6m\u00fcrl\u00fc performans\u0131 tasar\u0131m kararlar\u0131n\u0131n merkezinde yer alacak. Do\u011fal ta\u015f sekt\u00f6r\u00fc, T\u00fcrkiye\u2019nin geleneksel ve g\u00fc\u00e7l\u00fc ihracat kalemlerinden biri olmas\u0131na ra\u011fmen, k\u00fcresel pazarlarda artan rekabet katma de\u011ferli \u00fcr\u00fcn geli\u015ftirmeyi zorunlu k\u0131l\u0131yor.\u201d\u00a0<\/p>\n<p><strong>AMORF sekt\u00f6r\u00fcn gelece\u011fine yat\u0131r\u0131m niteli\u011fi ta\u015f\u0131yor<\/strong><\/p>\n<p>\u0130brahim Alimo\u011flu, AMORF\u2019un tasar\u0131m ve marka de\u011feri y\u00fcksek \u00fcr\u00fcn ihracat\u0131na ge\u00e7i\u015fi te\u015fvik etti\u011finin alt\u0131n\u0131 \u00e7izerek, \u201cGen\u00e7 mimar ve tasar\u0131mc\u0131lar\u0131 sekt\u00f6rle bulu\u015fturarak i\u015f birliklerini g\u00fc\u00e7lendiriyor, Birli\u011fimize \u00fcye olarak ihracata ba\u015fl\u0131yor, \u00fcretilebilir ve ticarile\u015febilir projelerle firmalar\u0131n \u00fcr\u00fcn portf\u00f6y\u00fcn\u00fc geli\u015ftiriyor, s\u00fcrd\u00fcr\u00fclebilirlik, at\u0131k de\u011ferlendirme ve inovasyon odakl\u0131 yakla\u015f\u0131mlarla ye\u015fil d\u00f6n\u00fc\u015f\u00fcme katk\u0131 sa\u011fl\u0131yor, T\u00fcrk do\u011fal ta\u015f\u0131n\u0131n uluslararas\u0131 platformlarda g\u00f6r\u00fcn\u00fcrl\u00fc\u011f\u00fcn\u00fc art\u0131r\u0131yor. Bu y\u00f6n\u00fcyle yar\u0131\u015fma, yaln\u0131zca bir tasar\u0131m platformu de\u011fil; ayn\u0131 zamanda sekt\u00f6r\u00fcn gelece\u011fine yat\u0131r\u0131m niteli\u011fi ta\u015f\u0131yor.\u201d diye konu\u015ftu. \u00a0<\/p>\n<p><strong>VI. AMORF\u2019a Dair T\u00fcm Detaylar<\/strong><\/p>\n<p>Yar\u0131\u015fma; mimarl\u0131k, i\u00e7 mimarl\u0131k, tasar\u0131m ve ilgili disiplinlerden d\u00f6rt y\u0131ll\u0131k lisans mezunlar\u0131 ile y\u00fcksek lisans ve doktora \u00f6\u011frencilerine a\u00e7\u0131k. Kat\u0131l\u0131mc\u0131lar bireysel ya da en fazla \u00fc\u00e7 ki\u015filik ekipler halinde ba\u015fvurabiliyor. Projelerin \u00f6zg\u00fcn, daha \u00f6nce ticari olarak \u00fcretilmemi\u015f ve ba\u015fka bir yar\u0131\u015fmada \u00f6d\u00fcl almam\u0131\u015f olmas\u0131 gerekiyor. Tasar\u0131mlar 0,8 m\u00b3 hacmi ge\u00e7memeli.<\/p>\n<p>Kat\u0131l\u0131mc\u0131lar; simge yap\u0131 (landmark), kent mobilyas\u0131, i\u00e7 ve d\u0131\u015f mek\u00e2n mobilyalar\u0131, b\u00f6l\u00fcc\u00fc elemanlar, kaplama sistemleri, aksesuar tasar\u0131mlar\u0131, mermer art\u0131klar\u0131n\u0131n de\u011ferlendirilmesine y\u00f6nelik projeler ve do\u011fal ta\u015f odakl\u0131 deneysel-s\u00fcrd\u00fcr\u00fclebilir tasar\u0131m \u00e7al\u0131\u015fmalar\u0131 ba\u015fl\u0131klar\u0131nda proje geli\u015ftirebilecek.<\/p>\n<p>Temmuz 2026\u2019da j\u00fcri de\u011ferlendirmesi ger\u00e7ekle\u015ftirilecek; kazanan projeler ise Eyl\u00fcl 2026\u2019da d\u00fczenlenecek \u00f6d\u00fcl gecesinde kamuoyuna a\u00e7\u0131klanacak.<\/p>\n<p>T\u00fcm duyurular ve s\u00fcre\u00e7 bilgilendirmeleri\u00a0amorf.org\u00a0adresi \u00fczerinden payla\u015f\u0131lacak.<\/p>\n<p><strong>\u00d6d\u00fcller<\/strong><\/p>\n<p>Yar\u0131\u015fmada birinciye 300.000 TL, ikinciye 180.000 TL ve \u00fc\u00e7\u00fcnc\u00fcye 120.000 TL para \u00f6d\u00fcl\u00fc verilecek. Bunun yan\u0131 s\u0131ra, finale kalan projeler aras\u0131ndan se\u00e7ilecek tasar\u0131mlar sponsor firma i\u015f birli\u011fiyle \u00fcretilerek ticarile\u015ftirme imk\u00e2n\u0131 bulabilecek. Ticaret Bakanl\u0131\u011f\u0131 onay\u0131 do\u011frultusunda dereceye giren tasar\u0131mc\u0131lara yurt d\u0131\u015f\u0131 e\u011fitim deste\u011fi sa\u011flanabilecek ve finalist projeler EM\u0130B taraf\u0131ndan belirlenecek uluslararas\u0131 fuar ve etkinliklerde tan\u0131t\u0131m hakk\u0131 elde edebilecek.<\/p>\n<p><strong>Se\u00e7ici Kurul<\/strong><\/p>\n<p>Alan\u0131nda uzman mimar, tasar\u0131mc\u0131, akademisyen ve sekt\u00f6r temsilcilerinden olu\u015fan j\u00fcri; projeleri \u00e7ok y\u00f6nl\u00fc bir bak\u0131\u015f a\u00e7\u0131s\u0131yla de\u011ferlendirecek. Se\u00e7ici kurulda; Amorf Yar\u0131\u015fma Komitesi Ba\u015fkan\u0131 Reyhan Sezgin, Deniz Aslan, \u015eebnem Buhara, Hakan Demirel, Kurtul Erkmen, \u0130nan G\u00f6k\u00e7ek, Oben \u0130nceler, Sinan Kafadar, U\u011fur Onur, G\u00fcnnur \u00d6zsoy, Melis Varkal ve Aydan Volkan gibi isimler yer al\u0131rken Heval Zeliha Y\u00fcksel de se\u00e7ici kurulda Dan\u0131\u015fman J\u00fcri olarak yer al\u0131yor.\u00a0<\/p>\n<p>Ba\u015fvurular ve detayl\u0131 \u015fartname i\u00e7in;\u00a0amorf.org<\/p>\n<p>Kaynak: (BYZHA) Beyaz Haber Ajans\u0131<\/p>\n","protected":false},"excerpt":{"rendered":"<p>VI. AMORF, Anadolu\u2019nun binlerce y\u0131ll\u0131k ta\u015f i\u015fleme k\u00fclt\u00fcr\u00fcn\u00fc \u00e7a\u011fda\u015f tasar\u0131m anlay\u0131\u015f\u0131yla birle\u015ftirerek, T\u00fcrkiye\u2019nin do\u011fal ta\u015f ihracat\u0131nda katma de\u011ferli bir s\u0131\u00e7rama yaratmay\u0131 hedefliyor.\u00a0<\/p>\n","protected":false},"author":1,"featured_media":66847,"comment_status":"open","ping_status":"open","sticky":false,"template":"","format":"standard","meta":{"footnotes":""},"categories":[8],"tags":[1215,237,502,981,472],"class_list":["post-66846","post","type-post","status-publish","format-standard","has-post-thumbnail","hentry","category-ekonomi","tag-dogal-tas","tag-proje","tag-sektor","tag-tasarim","tag-yarisma"],"_links":{"self":[{"href":"https:\/\/bihavadis.com\/index.php\/wp-json\/wp\/v2\/posts\/66846","targetHints":{"allow":["GET"]}}],"collection":[{"href":"https:\/\/bihavadis.com\/index.php\/wp-json\/wp\/v2\/posts"}],"about":[{"href":"https:\/\/bihavadis.com\/index.php\/wp-json\/wp\/v2\/types\/post"}],"author":[{"embeddable":true,"href":"https:\/\/bihavadis.com\/index.php\/wp-json\/wp\/v2\/users\/1"}],"replies":[{"embeddable":true,"href":"https:\/\/bihavadis.com\/index.php\/wp-json\/wp\/v2\/comments?post=66846"}],"version-history":[{"count":1,"href":"https:\/\/bihavadis.com\/index.php\/wp-json\/wp\/v2\/posts\/66846\/revisions"}],"predecessor-version":[{"id":66848,"href":"https:\/\/bihavadis.com\/index.php\/wp-json\/wp\/v2\/posts\/66846\/revisions\/66848"}],"wp:featuredmedia":[{"embeddable":true,"href":"https:\/\/bihavadis.com\/index.php\/wp-json\/wp\/v2\/media\/66847"}],"wp:attachment":[{"href":"https:\/\/bihavadis.com\/index.php\/wp-json\/wp\/v2\/media?parent=66846"}],"wp:term":[{"taxonomy":"category","embeddable":true,"href":"https:\/\/bihavadis.com\/index.php\/wp-json\/wp\/v2\/categories?post=66846"},{"taxonomy":"post_tag","embeddable":true,"href":"https:\/\/bihavadis.com\/index.php\/wp-json\/wp\/v2\/tags?post=66846"}],"curies":[{"name":"wp","href":"https:\/\/api.w.org\/{rel}","templated":true}]}}