{"id":66868,"date":"2026-03-09T01:09:09","date_gmt":"2026-03-09T01:09:09","guid":{"rendered":"https:\/\/bihavadis.com\/?p=66868"},"modified":"2026-03-09T01:09:09","modified_gmt":"2026-03-09T01:09:09","slug":"ozlem-cercioglu-yargilandigi-davadan-beraat-etti","status":"publish","type":"post","link":"https:\/\/bihavadis.com\/index.php\/2026\/03\/09\/ozlem-cercioglu-yargilandigi-davadan-beraat-etti\/","title":{"rendered":"\u00d6zlem \u00c7er\u00e7io\u011flu yarg\u0131land\u0131\u011f\u0131 davadan beraat etti"},"content":{"rendered":"<p>Ayd\u0131n B\u00fcy\u00fck\u015fehir Belediye Ba\u015fkan\u0131 \u00d6zlem \u00c7er\u00e7io\u011flu&#8217;na beraat&#8230;\u00a0<\/p>\n<p>2013-2015 y\u0131llar\u0131 aras\u0131nda Ayd\u0131n B\u00fcy\u00fck\u015fehir Belediyesi \u00d6zel Kalem M\u00fcd\u00fcrl\u00fc\u011f\u00fc, Ayd\u0131n B\u00fcy\u00fck\u015fehir Belediyesi Su ve Kanalizasyon \u0130daresi Genel M\u00fcd\u00fcrl\u00fc\u011f\u00fc ve Efeler Belediyesi b\u00fcnyesinde ger\u00e7ekle\u015ftirilen baz\u0131 ihalelere ili\u015fkin soru\u015fturma ba\u015flat\u0131ld\u0131.<\/p>\n<p>Soru\u015fturma kapsam\u0131nda da dava a\u00e7\u0131ld\u0131.\u00a0<\/p>\n<p>\u00a0Cumhuriyet Ba\u015fsavc\u0131l\u0131\u011f\u0131 taraf\u0131ndan haz\u0131rlanan iddianame ile 2016 y\u0131l\u0131nda, 32 san\u0131k hakk\u0131nda<em><b> &#8216;\u0130haleye fesat kar\u0131\u015ft\u0131rma&#8217;,<\/b><\/em> <em><b>&#8216;Edimin ifas\u0131na fesat kar\u0131\u015ft\u0131rma&#8217;, &#8216;G\u00f6revi k\u00f6t\u00fcye kullanma&#8217; ve &#8216;Sahte resmi evrak d\u00fczenleme&#8217; <\/b><\/em>su\u00e7lar\u0131ndan dava a\u00e7\u0131ld\u0131.<\/p>\n<p><strong>DOSYALAR B\u0130RLE\u015eT\u0130R\u0130LD\u0130<\/strong><\/p>\n<p>Daha sonra birle\u015ftirilen dosyalar, Ayd\u0131n 4\u2019\u00fcnc\u00fc Asliye Ceza Mahkemesi&#8217;nde g\u00f6r\u00fcld\u00fc.<\/p>\n<p>Ge\u00e7en duru\u015fmada, \u00d6zlem \u00c7er\u00e7io\u011flu i\u00e7in <em><b>&#8216;Zincirleme \u015fekilde ihaleye fesat kar\u0131\u015ft\u0131rma&#8217;<\/b><\/em> su\u00e7undan yarg\u0131lanmas\u0131na ek olarak su\u00e7 vasf\u0131n\u0131n de\u011fi\u015fmesi talebiyle <em><b>&#8216;Zincirleme \u015fekilde g\u00f6revi k\u00f6t\u00fcye kullanma&#8217; <\/b><\/em>su\u00e7undan 6 y\u0131l hapis cezas\u0131 ve memuriyetten men talep edildi.<\/p>\n<p><img decoding=\"async\" src=\"https:\/\/bihavadis.com\/wp-content\/uploads\/2026\/03\/ozlem-cercioglu-yargilandigi-davadan-beraat-etti-0-y3Rbl19g.jpg\"\/><\/p>\n<p><strong>\u00c7ER\u00c7\u0130O\u011eLU BERAAT ETT\u0130<\/strong><\/p>\n<p>Davan\u0131n karar duru\u015fmas\u0131 bug\u00fcn g\u00f6r\u00fcld\u00fc.<\/p>\n<p>Duru\u015fmaya \u00c7er\u00e7io\u011flu kat\u0131lmazken, tutuksuz yarg\u0131lanan di\u011fer san\u0131klar ile taraf avukatlar\u0131 haz\u0131r bulundu.<\/p>\n<p>Mahkeme, \u00d6zlem \u00c7er\u00e7io\u011flu&#8217;nun &#8216;<em><b>\u0130haleye fesat kar\u0131\u015ft\u0131rma&#8217;<\/b><\/em> ve <em><b>&#8216;G\u00f6revi k\u00f6t\u00fcye kullanma&#8217; <\/b><\/em>su\u00e7lar\u0131ndan su\u00e7un unsurlar\u0131n\u0131n olu\u015fmamas\u0131 gerek\u00e7esiyle beraatine h\u00fckmetti.<\/p>\n<p>Duru\u015fmada ayr\u0131ca 5 san\u0131k hakk\u0131nda \u00e7e\u015fitli hapis cezalar\u0131 verilirken, di\u011fer san\u0131klar beraat etti.<\/p>\n<p><img decoding=\"async\" src=\"https:\/\/bihavadis.com\/wp-content\/uploads\/2026\/03\/ozlem-cercioglu-yargilandigi-davadan-beraat-etti-1-3gCrdi8c.jpg\"\/> <\/p>\n<div> <span><strong>Kaynak:<\/strong> Demir\u00f6ren Haber Ajans\u0131 (DHA)<\/span> <\/div>\n","protected":false},"excerpt":{"rendered":"<p>Ayd\u0131n B\u00fcy\u00fck\u015fehir Belediye Ba\u015fkan\u0131 \u00d6zlem \u00c7er\u00e7io\u011flu&#8217;na beraat&#8230;\u00a0 2013-2015 y\u0131llar\u0131 aras\u0131nda Ayd\u0131n B\u00fcy\u00fck\u015fehir Belediyesi \u00d6zel Kalem M\u00fcd\u00fcrl\u00fc\u011f\u00fc, Ayd\u0131n B\u00fcy\u00fck\u015fehir Belediyesi Su ve Kanalizasyon \u0130daresi Genel M\u00fcd\u00fcrl\u00fc\u011f\u00fc ve Efeler Belediyesi b\u00fcnyesinde &#8230;<\/p>\n","protected":false},"author":1,"featured_media":66869,"comment_status":"open","ping_status":"open","sticky":false,"template":"","format":"standard","meta":{"footnotes":""},"categories":[9,13],"tags":[1845],"class_list":["post-66868","post","type-post","status-publish","format-standard","has-post-thumbnail","hentry","category-genel","category-son-dakika","tag-cercioglu"],"_links":{"self":[{"href":"https:\/\/bihavadis.com\/index.php\/wp-json\/wp\/v2\/posts\/66868","targetHints":{"allow":["GET"]}}],"collection":[{"href":"https:\/\/bihavadis.com\/index.php\/wp-json\/wp\/v2\/posts"}],"about":[{"href":"https:\/\/bihavadis.com\/index.php\/wp-json\/wp\/v2\/types\/post"}],"author":[{"embeddable":true,"href":"https:\/\/bihavadis.com\/index.php\/wp-json\/wp\/v2\/users\/1"}],"replies":[{"embeddable":true,"href":"https:\/\/bihavadis.com\/index.php\/wp-json\/wp\/v2\/comments?post=66868"}],"version-history":[{"count":1,"href":"https:\/\/bihavadis.com\/index.php\/wp-json\/wp\/v2\/posts\/66868\/revisions"}],"predecessor-version":[{"id":66872,"href":"https:\/\/bihavadis.com\/index.php\/wp-json\/wp\/v2\/posts\/66868\/revisions\/66872"}],"wp:featuredmedia":[{"embeddable":true,"href":"https:\/\/bihavadis.com\/index.php\/wp-json\/wp\/v2\/media\/66869"}],"wp:attachment":[{"href":"https:\/\/bihavadis.com\/index.php\/wp-json\/wp\/v2\/media?parent=66868"}],"wp:term":[{"taxonomy":"category","embeddable":true,"href":"https:\/\/bihavadis.com\/index.php\/wp-json\/wp\/v2\/categories?post=66868"},{"taxonomy":"post_tag","embeddable":true,"href":"https:\/\/bihavadis.com\/index.php\/wp-json\/wp\/v2\/tags?post=66868"}],"curies":[{"name":"wp","href":"https:\/\/api.w.org\/{rel}","templated":true}]}}