{"id":66925,"date":"2026-03-09T01:54:13","date_gmt":"2026-03-09T01:54:13","guid":{"rendered":"https:\/\/bihavadis.com\/?p=66925"},"modified":"2026-03-09T01:54:13","modified_gmt":"2026-03-09T01:54:13","slug":"vali-ustaoglu-sindirgida-depremzedeleri-ziyaret-etti","status":"publish","type":"post","link":"https:\/\/bihavadis.com\/index.php\/2026\/03\/09\/vali-ustaoglu-sindirgida-depremzedeleri-ziyaret-etti\/","title":{"rendered":"Vali Ustao\u011flu S\u0131nd\u0131rg\u0131&#8217;da Depremzedeleri Ziyaret Etti"},"content":{"rendered":"<p>Bal\u0131kesir Valisi \u0130smail Ustao\u011flu, depremlerin ya\u015fand\u0131\u011f\u0131 S\u0131nd\u0131rg\u0131 il\u00e7esinde AFAD ve Valilik koordinesinde y\u00fcr\u00fct\u00fclen projeleri yerinde inceledi, vatanda\u015flarla bir araya geldi.<\/p>\n<p>Vali Ustao\u011flu, il\u00e7e ziyareti kapsam\u0131nda ilk olarak S\u0131nd\u0131rg\u0131 Meydan\u0131&#8217;nda AFAD koordinasyonunda ve Bal\u0131kesir Valili\u011fi i\u015fbirli\u011finde hayata ge\u00e7irilen &#8220;S\u0131nd\u0131rg\u0131 Meydan Ge\u00e7ici Ticaret Alan\u0131&#8221;n\u0131 ziyaret etti.<\/p>\n<p>Burada esnafla bir araya gelen Ustao\u011flu, ge\u00e7ici ticaret alan\u0131ndaki \u00e7al\u0131\u015fmalar\u0131n son durumu hakk\u0131nda yetkililerden bilgi ald\u0131.<\/p>\n<p>Ard\u0131ndan Osmanlar Mahallesi&#8217;ne ge\u00e7en Vali Ustao\u011flu, AFAD taraf\u0131ndan kurulan ya\u015fam konteynerlerinde kalan vatanda\u015flar\u0131 ziyaret etti. Konteynerlerde ikamet eden ailelerle bir s\u00fcre g\u00f6r\u00fc\u015ferek talep ve ihtiya\u00e7lar\u0131n\u0131 dinleyen Ustao\u011flu, vatanda\u015flar\u0131n ya\u015fam ko\u015fullar\u0131n\u0131 yerinde inceledi.<\/p>\n<p>Ziyaret program\u0131na B\u00fcy\u00fck\u015fehir Belediye Ba\u015fkan\u0131 Ahmet Ak\u0131n, S\u0131nd\u0131rg\u0131 Kaymakam\u0131 Do\u011fukan Koyuncu, S\u0131nd\u0131rg\u0131 Belediye Ba\u015fkan\u0131 Serkan Sak, AFAD \u0130l M\u00fcd\u00fcr\u00fc Osman Ats\u0131z ve il\u00e7e protokol\u00fc \u00fcyeleri e\u015flik etti.<\/p>\n","protected":false},"excerpt":{"rendered":"<p>Bal\u0131kesir Valisi \u0130smail Ustao\u011flu, S\u0131nd\u0131rg\u0131&#8217;da AFAD projelerini inceledi, depremzedelerle bulu\u015ftu.<\/p>\n","protected":false},"author":1,"featured_media":66926,"comment_status":"open","ping_status":"open","sticky":false,"template":"","format":"standard","meta":{"footnotes":""},"categories":[9,4,13],"tags":[6603,7585,321],"class_list":["post-66925","post","type-post","status-publish","format-standard","has-post-thumbnail","hentry","category-genel","category-gundem","category-son-dakika","tag-sindirgi","tag-ustaoglu","tag-vali"],"_links":{"self":[{"href":"https:\/\/bihavadis.com\/index.php\/wp-json\/wp\/v2\/posts\/66925","targetHints":{"allow":["GET"]}}],"collection":[{"href":"https:\/\/bihavadis.com\/index.php\/wp-json\/wp\/v2\/posts"}],"about":[{"href":"https:\/\/bihavadis.com\/index.php\/wp-json\/wp\/v2\/types\/post"}],"author":[{"embeddable":true,"href":"https:\/\/bihavadis.com\/index.php\/wp-json\/wp\/v2\/users\/1"}],"replies":[{"embeddable":true,"href":"https:\/\/bihavadis.com\/index.php\/wp-json\/wp\/v2\/comments?post=66925"}],"version-history":[{"count":1,"href":"https:\/\/bihavadis.com\/index.php\/wp-json\/wp\/v2\/posts\/66925\/revisions"}],"predecessor-version":[{"id":66927,"href":"https:\/\/bihavadis.com\/index.php\/wp-json\/wp\/v2\/posts\/66925\/revisions\/66927"}],"wp:featuredmedia":[{"embeddable":true,"href":"https:\/\/bihavadis.com\/index.php\/wp-json\/wp\/v2\/media\/66926"}],"wp:attachment":[{"href":"https:\/\/bihavadis.com\/index.php\/wp-json\/wp\/v2\/media?parent=66925"}],"wp:term":[{"taxonomy":"category","embeddable":true,"href":"https:\/\/bihavadis.com\/index.php\/wp-json\/wp\/v2\/categories?post=66925"},{"taxonomy":"post_tag","embeddable":true,"href":"https:\/\/bihavadis.com\/index.php\/wp-json\/wp\/v2\/tags?post=66925"}],"curies":[{"name":"wp","href":"https:\/\/api.w.org\/{rel}","templated":true}]}}