{"id":66928,"date":"2026-03-09T01:57:07","date_gmt":"2026-03-09T01:57:07","guid":{"rendered":"https:\/\/bihavadis.com\/?p=66928"},"modified":"2026-03-09T01:57:07","modified_gmt":"2026-03-09T01:57:07","slug":"kadinla-degisir-dunya","status":"publish","type":"post","link":"https:\/\/bihavadis.com\/index.php\/2026\/03\/09\/kadinla-degisir-dunya\/","title":{"rendered":"Kad\u0131nla De\u011fi\u015fir D\u00fcnya"},"content":{"rendered":"<p>Kocaeli B\u00fcy\u00fck\u015fehir Belediye Ba\u015fkan\u0131 Tahir B\u00fcy\u00fckak\u0131n, 8 Mart D\u00fcnya Kad\u0131nlar G\u00fcn\u00fc kapsam\u0131nda d\u00fczenlenen \u201cKad\u0131nla De\u011fi\u015fir D\u00fcnya\u201d program\u0131na kat\u0131ld\u0131. Ba\u015fkan B\u00fcy\u00fckak\u0131n kad\u0131n ile erke\u011fi birbirinin tamamlay\u0131c\u0131s\u0131 olarak g\u00f6rd\u00fcklerini vurgulad\u0131.<\/p>\n<p><b>PROGRAMA YO\u011eUN KATILIM<\/b><\/p>\n<p>Kocaeli B\u00fcy\u00fck\u015fehir Belediyesi, 8 Mart D\u00fcnya Kad\u0131nlar G\u00fcn\u00fc\u2019n\u00fc \u00f6zel bir programla kutlad\u0131. Kad\u0131n ve Aile Hizmetleri Dairesi Ba\u015fkanl\u0131\u011f\u0131 taraf\u0131ndan d\u00fczenlenen ve \u201cKad\u0131nla De\u011fi\u015fir D\u00fcnya\u201d temas\u0131yla ger\u00e7ekle\u015ftirilen etkinlik sonras\u0131 kad\u0131nlara \u00f6zel aile iftar\u0131 ger\u00e7ekle\u015ftirildi. Kocaeli Kongre Merkezi\u2019ndeki programa Kocaeli B\u00fcy\u00fck\u015fehir Belediye Ba\u015fkan\u0131 Tahir B\u00fcy\u00fckak\u0131n, annesi Semra B\u00fcy\u00fckak\u0131n ve e\u015fi Prof. Dr. Figen B\u00fcy\u00fckak\u0131n ile kat\u0131l\u0131m sa\u011flad\u0131. Ayr\u0131ca; Kocaeli Valisi \u0130lhami Akta\u015f ve e\u015fi Song\u00fcl Akta\u015f, AK Parti Kocaeli Milletvekili Radiye Sezer Kat\u0131rc\u0131o\u011flu, AK Parti \u0130l Ba\u015fkan\u0131 \u015eahin Talus, AK Parti MKYK \u00dcyesi Serpil Y\u0131lmaz ve kad\u0131nlar kat\u0131ld\u0131.<\/p>\n<p><b>\u201cKADIN \u0130LE ERKEK B\u0130RB\u0130R\u0130N\u0130N TAMAMLAYICISI\u201d<\/b><\/p>\n<p>Ba\u015fkan B\u00fcy\u00fckak\u0131n, programda yapt\u0131\u011f\u0131 konu\u015fmada kad\u0131n, aile ve toplum de\u011ferlerine ili\u015fkin de\u011ferlendirmelerde bulundu. Kad\u0131n ve erkek aras\u0131ndaki ili\u015fkinin bir rekabet de\u011fil tamamlay\u0131c\u0131l\u0131k ili\u015fkisi oldu\u011funu vurgulayan B\u00fcy\u00fckak\u0131n, \u201cBizim de\u011fer sistemimizde kad\u0131nla erkek aras\u0131nda kavga yok. Kad\u0131nla erkek birbirinin tamamlay\u0131c\u0131s\u0131. Cennet annelerin ayaklar\u0131n\u0131n alt\u0131nda. Anaya kar\u015f\u0131 asla sayg\u0131s\u0131zl\u0131k yapamayan bir erkek, kad\u0131na kar\u015f\u0131 da sayg\u0131s\u0131zl\u0131k yapamaz \u00e7\u00fcnk\u00fc b\u00fct\u00fcn kad\u0131nlar annedir\u201d ifadelerini kulland\u0131.<\/p>\n<p><b>\u201c8 MART B\u0130R ANMA G\u00dcN\u00dcD\u00dcR\u201d<\/b><\/p>\n<p>8 Mart\u2019\u0131n tarihsel anlam\u0131na da de\u011finen B\u00fcy\u00fckak\u0131n konu\u015fmas\u0131n\u0131 \u015fu s\u00f6zlerle tamamlad\u0131: \u201cBug\u00fcn, 129 kad\u0131n i\u015f\u00e7inin \u00f6ld\u00fcr\u00fcld\u00fc\u011f\u00fc bir g\u00fcn. Kutlanacak, tebrik edilecek bir g\u00fcn de de\u011fil bug\u00fcn. 8 Mart bir anma g\u00fcn\u00fcd\u00fcr. Bu vesileyle kad\u0131nlar\u0131m\u0131z\u0131 kutluyorum, annelerimizin ellerinden \u00f6p\u00fcyorum. Her birinizi sayg\u0131yla, muhabbetle selaml\u0131yorum.\u201d<\/p>\n<p><b>\u201cANNE \u015eEH\u0130R YEN\u0130DEN UMUT OLDU\u201d<\/b><\/p>\n<p>Anne \u015eehir Merkezi G\u00fcnebakan \u00fcyesi Serpil K\u00f6s, kad\u0131nlar ad\u0131na bir konu\u015fma yapt\u0131. K\u00f6s ya\u015fad\u0131\u011f\u0131 zorlu s\u00fcreci ve Anne \u015eehir ile tan\u0131\u015fma hik\u00e2yesini payla\u015ft\u0131. Kanser tedavisinin ard\u0131ndan Anne \u015eehir ile tan\u0131\u015ft\u0131\u011f\u0131n\u0131 belirten K\u00f6s, burada hem hayat\u0131na hem ki\u015fili\u011fine yeni de\u011ferler katt\u0131\u011f\u0131n\u0131 ifade etti. Ya\u015fad\u0131\u011f\u0131 s\u00fcreci kad\u0131nlara umut olmak ad\u0131na bir kitaba d\u00f6n\u00fc\u015ft\u00fcrd\u00fc\u011f\u00fcn\u00fc anlatt\u0131.<\/p>\n<p><b>ANNE \u015eEH\u0130R A\u0130LE \u0130FTARI<\/b><\/p>\n<p>Konu\u015fmalar\u0131n ard\u0131ndan Kocaeli Kongre Merkezi C Salonunda \u201cAnne \u015eehir Aile \u0130ftar\u0131\u201d ger\u00e7ekle\u015ftirildi. \u0130ftara protokol \u00fcyelerinin yan\u0131 s\u0131ra akademisyenler, kad\u0131n kooperatifleri, kad\u0131n muhtarlar, kamu kurulu\u015flar\u0131, Anne \u015eehir Merkezi \u00fcyeleri, farkl\u0131 meslek gruplar\u0131ndan kad\u0131nlar ve STK\u2019lardan olu\u015fan b\u00fcy\u00fck bir kat\u0131l\u0131m ger\u00e7ekle\u015ftirildi. \u0130ftar program\u0131, dualar\u0131n okunmas\u0131 ve Ramazan ay\u0131n\u0131n manevi atmosferi i\u00e7inde ge\u00e7en keyifli sohbetlerle son buldu.<\/p>\n<p>Kaynak: (BYZHA) Beyaz Haber Ajans\u0131<\/p>\n","protected":false},"excerpt":{"rendered":"<p>Kocaeli B\u00fcy\u00fck\u015fehir Belediye Ba\u015fkan\u0131 Tahir B\u00fcy\u00fckak\u0131n, 8 Mart D\u00fcnya Kad\u0131nlar G\u00fcn\u00fc kapsam\u0131nda d\u00fczenlenen \u201cKad\u0131nla De\u011fi\u015fir D\u00fcnya\u201d program\u0131na kat\u0131ld\u0131. Ba\u015fkan B\u00fcy\u00fckak\u0131n kad\u0131n ile erke\u011fi birbirinin tamamlay\u0131c\u0131s\u0131 olarak g\u00f6rd\u00fcklerini vurgulad\u0131.<\/p>\n","protected":false},"author":1,"featured_media":66929,"comment_status":"open","ping_status":"open","sticky":false,"template":"","format":"standard","meta":{"footnotes":""},"categories":[4],"tags":[516,586,236,380,1614],"class_list":["post-66928","post","type-post","status-publish","format-standard","has-post-thumbnail","hentry","category-gundem","tag-baskan","tag-buyukakin","tag-gun","tag-kadin","tag-kadinlar"],"_links":{"self":[{"href":"https:\/\/bihavadis.com\/index.php\/wp-json\/wp\/v2\/posts\/66928","targetHints":{"allow":["GET"]}}],"collection":[{"href":"https:\/\/bihavadis.com\/index.php\/wp-json\/wp\/v2\/posts"}],"about":[{"href":"https:\/\/bihavadis.com\/index.php\/wp-json\/wp\/v2\/types\/post"}],"author":[{"embeddable":true,"href":"https:\/\/bihavadis.com\/index.php\/wp-json\/wp\/v2\/users\/1"}],"replies":[{"embeddable":true,"href":"https:\/\/bihavadis.com\/index.php\/wp-json\/wp\/v2\/comments?post=66928"}],"version-history":[{"count":1,"href":"https:\/\/bihavadis.com\/index.php\/wp-json\/wp\/v2\/posts\/66928\/revisions"}],"predecessor-version":[{"id":66930,"href":"https:\/\/bihavadis.com\/index.php\/wp-json\/wp\/v2\/posts\/66928\/revisions\/66930"}],"wp:featuredmedia":[{"embeddable":true,"href":"https:\/\/bihavadis.com\/index.php\/wp-json\/wp\/v2\/media\/66929"}],"wp:attachment":[{"href":"https:\/\/bihavadis.com\/index.php\/wp-json\/wp\/v2\/media?parent=66928"}],"wp:term":[{"taxonomy":"category","embeddable":true,"href":"https:\/\/bihavadis.com\/index.php\/wp-json\/wp\/v2\/categories?post=66928"},{"taxonomy":"post_tag","embeddable":true,"href":"https:\/\/bihavadis.com\/index.php\/wp-json\/wp\/v2\/tags?post=66928"}],"curies":[{"name":"wp","href":"https:\/\/api.w.org\/{rel}","templated":true}]}}