{"id":66961,"date":"2026-03-09T02:24:08","date_gmt":"2026-03-09T02:24:08","guid":{"rendered":"https:\/\/bihavadis.com\/?p=66961"},"modified":"2026-03-09T02:24:08","modified_gmt":"2026-03-09T02:24:08","slug":"boksta-hedef-2025-yilini-gecmek","status":"publish","type":"post","link":"https:\/\/bihavadis.com\/index.php\/2026\/03\/09\/boksta-hedef-2025-yilini-gecmek\/","title":{"rendered":"Boksta hedef 2025 y\u0131l\u0131n\u0131 ge\u00e7mek"},"content":{"rendered":"<p>Kad\u0131n ve erkek boks milli tak\u0131mlar\u0131, Kocaeli&#8217;de d\u00fczenlenen T\u00fcrkiye Boks \u015eampiyonas\u0131&#8217;n\u0131n ard\u0131ndan Kastamonu&#8217;da \u00e7al\u0131\u015fmalar\u0131na ba\u015flad\u0131.<\/p>\n<p>Kad\u0131n Boks Milli Tak\u0131m\u0131 \u00e7al\u0131\u015fmalar\u0131n\u0131 Kastamonu Olimpiyat Haz\u0131rl\u0131k ve Kamp E\u011fitim Merkezi&#8217;nde, Erkek Boks Milli Tak\u0131m\u0131 ise Kastamonu Kad\u0131da\u011f\u0131 Boks Kamp E\u011fitim Merkezi&#8217;nde ger\u00e7ekle\u015ftiriyor.<\/p>\n<p><strong>&#8220;GE\u00c7EN YIL BA\u015eARILI B\u0130R SENE GE\u00c7\u0130RD\u0130K&#8221;<\/strong><\/p>\n<p>Milli tak\u0131mlar\u0131n kamp\u0131n\u0131 ziyaret eden T\u00fcrkiye Boks Federasyonu Ba\u015fkan\u0131 Suat Hekimo\u011flu, AA muhabirine, kalabal\u0131k \u015fekilde kamplar\u0131n\u0131n devam etti\u011fini s\u00f6yledi.<\/p>\n<p>Ge\u00e7en y\u0131l\u0131n gayet g\u00fczel ge\u00e7ti\u011fini vurgulayan Hekimo\u011flu, <em><b>&#8220;Ge\u00e7en y\u0131l ba\u015far\u0131l\u0131 bir sene ge\u00e7irdik. Bu y\u0131l in\u015fallah \u00e7ocuklar\u0131m\u0131za daha \u00fcst d\u00fczey \u00e7al\u0131\u015fma ortam\u0131 olu\u015fturup \u00fclkemize daha iyi madalyalar kazand\u0131rmak istiyoruz. \u00d6ncelikle Say\u0131n Bakan\u0131ma, Bakan Yard\u0131mc\u0131m Hamza Yerlikaya&#8217;ya \u00e7ok te\u015fekk\u00fcr ediyorum. Her \u015fey bizim i\u00e7in yap\u0131l\u0131yor. Kamp e\u011fitim merkezleri \u00e7ok g\u00fczel, gayet g\u00fczel \u00e7al\u0131\u015fma ortam\u0131 var.&#8221;<\/b><\/em> dedi.<\/p>\n<p><strong>&#8220;2026 ZOR GE\u00c7ECEK&#8221;<\/strong><\/p>\n<p>Bu y\u0131l\u0131n yo\u011fun ge\u00e7ece\u011fine i\u015faret eden Hekimo\u011flu, \u015funlar\u0131 kaydetti:<\/p>\n<p>Tak\u0131m\u0131n bir b\u00f6l\u00fcm\u00fc Brezilya&#8217;ya gidiyor, bir b\u00f6l\u00fcm\u00fc \u00c7in&#8217;e, bir b\u00f6l\u00fcm\u00fc Tayvan&#8217;a gidecek. Kazakistan&#8217;a kampa gidecekler. 2026 zor ge\u00e7ecek. \u0130stanbul&#8217;da Ahmet C\u00f6mert Boks Turnuvas\u0131 var. D\u00f6rt y\u0131ld\u0131r yap\u0131lm\u0131yordu. Yeniden aktif ettik. \u00c7ocuklar\u0131n \u00e7al\u0131\u015fma ortam\u0131 \u00e7ok g\u00fczel, iyi de \u00e7al\u0131\u015f\u0131yorlar. Gayretliler, istekliler, in\u015fallah ba\u015faracaklar. B\u00f6yle imkanlar\u0131 devletimiz sa\u011flad\u0131\u011f\u0131 s\u00fcrece in\u015fallah bu gen\u00e7ler bu i\u015fi ba\u015faracak.<\/p>\n<p><strong>&#8220;G\u00dc\u00c7L\u00dc G\u0130DECE\u011e\u0130Z&#8221;<\/strong><\/p>\n<p>T\u00fcrkiye Boks Federasyonu Teknik Kurul Ba\u015fkan\u0131 ve Olimpik Kadro Y\u00fcksek Performans Direkt\u00f6r\u00fc Naz\u0131m Dalk\u0131ran ise kampa T\u00fcrkiye \u015eampiyonas\u0131&#8217;nda ilk 4&#8217;e giren sporcular\u0131n kat\u0131ld\u0131\u011f\u0131n\u0131 s\u00f6yledi.<\/p>\n<p>\u0130talya&#8217;da yap\u0131lacak Akdeniz Oyunlar\u0131&#8217;n\u0131n 2026 y\u0131l\u0131n\u0131n en \u00f6nemli organizasyonlar\u0131ndan biri oldu\u011funu dile getiren Dalk\u0131ran,<em><b> &#8220;Oraya da g\u00fc\u00e7l\u00fc gidece\u011fiz. Bulgaristan&#8217;da kad\u0131n ve erkeklerin Avrupa \u015eampiyonas\u0131 var. En \u00f6nemlisi 2028 Olimpiyatlar\u0131 olacak. Gen\u00e7 sporcular da tak\u0131m\u0131m\u0131za kat\u0131ld\u0131. \u0130leriye d\u00f6n\u00fck iyi \u00e7ocuklar var. Bunun yan\u0131nda olimpiyatlarda derece yapm\u0131\u015f, ikinci, \u00fc\u00e7\u00fcnc\u00fc olmu\u015f sporcular\u0131m\u0131z var. Ba\u015fkan\u0131m\u0131z\u0131n bize verdi\u011fi yetkiyle, imkanla T\u00fcrk boksunu yukar\u0131lara \u00e7\u0131karmak i\u00e7in elimizden geleni yapaca\u011f\u0131z.&#8221;<\/b><\/em> ifadelerini kulland\u0131.<\/p>\n<p><strong>&#8220;HEDEF\u0130M\u0130Z \u00dcLKEM\u0130Z\u0130 TEMS\u0130L ETMEK&#8221;<\/strong><\/p>\n<p>Milli boks\u00f6r Evin Ergin O\u011fuz, kariyerinde 6 T\u00fcrkiye \u015fampiyonlu\u011fu ile \u0130slami Dayan\u0131\u015fma Oyunlar\u0131&#8217;nda alt\u0131n madalya bulundu\u011funu belirtti.<\/p>\n<p>Kamp\u0131n verimli ge\u00e7ti\u011fini anlatan Evin Ergin,<em><b> &#8220;\u0130n\u015fallah bu y\u0131l i\u00e7indeki turnuvalarda \u00e7ok iyi \u015fekilde \u00fclkemizi temsil etmeyi planl\u0131yoruz. Antrenmanlar\u0131m\u0131za \u00e7ok iyi \u015fekilde devam ediyoruz. Hedefimiz uluslararas\u0131 ma\u00e7larda, Akdeniz Oyunlar\u0131&#8217;nda, Avrupa \u015eampiyonas\u0131&#8217;nda \u00fclkemizi temsil etmek.&#8221;<\/b><\/em> dedi.<\/p>\n<p><strong>&#8220;HERKES\u0130N FORMDA OLDU\u011eUNU D\u00dc\u015e\u00dcN\u00dcYORUM&#8221;<\/strong><\/p>\n<p>Milli sporcu Yi\u011fit Us ise 15 y\u0131ld\u0131r boks yapt\u0131\u011f\u0131na, kariyerinde 16 T\u00fcrkiye \u015fampiyonlu\u011fu bulundu\u011funa dikkati \u00e7ekerek, <em><b>&#8220;Avrupa \u00fc\u00e7\u00fcnc\u00fcl\u00fc\u011f\u00fcm, uluslararas\u0131 m\u00fcsabakalarda derecelerim var. S\u00fcre\u00e7 \u00e7ok g\u00fczel ge\u00e7iyor. \u0130n\u015fallah g\u00fczel sonu\u00e7lar elde edece\u011fiz. Ge\u00e7en y\u0131l g\u00fczel ge\u00e7ti. Bu y\u0131l da \u015fampiyon olarak \u00fclkemi madalyayla ta\u00e7land\u0131rmak istiyorum. Herkesin formda oldu\u011funu d\u00fc\u015f\u00fcn\u00fcyorum.&#8221; <\/b><\/em>a\u00e7\u0131klamas\u0131nda bulundu.<\/p>\n<div> <span><strong>Kaynak:<\/strong> Ensonhaber Haber Merkezi<\/span> <\/div>\n","protected":false},"excerpt":{"rendered":"<p>Kad\u0131n ve erkek boks milli tak\u0131mlar\u0131, Kocaeli&#8217;de d\u00fczenlenen T\u00fcrkiye Boks \u015eampiyonas\u0131&#8217;n\u0131n ard\u0131ndan Kastamonu&#8217;da \u00e7al\u0131\u015fmalar\u0131na ba\u015flad\u0131. Kad\u0131n Boks Milli Tak\u0131m\u0131 \u00e7al\u0131\u015fmalar\u0131n\u0131 Kastamonu Olimpiyat Haz\u0131rl\u0131k ve Kamp E\u011fitim Merkezi&#8217;nde, Erkek Boks Milli &#8230;<\/p>\n","protected":false},"author":1,"featured_media":66962,"comment_status":"open","ping_status":"open","sticky":false,"template":"","format":"standard","meta":{"footnotes":""},"categories":[14],"tags":[2763,1179,2744,493,211],"class_list":["post-66961","post","type-post","status-publish","format-standard","has-post-thumbnail","hentry","category-spor","tag-boks","tag-guzel","tag-kamp","tag-sampiyon","tag-var"],"_links":{"self":[{"href":"https:\/\/bihavadis.com\/index.php\/wp-json\/wp\/v2\/posts\/66961","targetHints":{"allow":["GET"]}}],"collection":[{"href":"https:\/\/bihavadis.com\/index.php\/wp-json\/wp\/v2\/posts"}],"about":[{"href":"https:\/\/bihavadis.com\/index.php\/wp-json\/wp\/v2\/types\/post"}],"author":[{"embeddable":true,"href":"https:\/\/bihavadis.com\/index.php\/wp-json\/wp\/v2\/users\/1"}],"replies":[{"embeddable":true,"href":"https:\/\/bihavadis.com\/index.php\/wp-json\/wp\/v2\/comments?post=66961"}],"version-history":[{"count":1,"href":"https:\/\/bihavadis.com\/index.php\/wp-json\/wp\/v2\/posts\/66961\/revisions"}],"predecessor-version":[{"id":66963,"href":"https:\/\/bihavadis.com\/index.php\/wp-json\/wp\/v2\/posts\/66961\/revisions\/66963"}],"wp:featuredmedia":[{"embeddable":true,"href":"https:\/\/bihavadis.com\/index.php\/wp-json\/wp\/v2\/media\/66962"}],"wp:attachment":[{"href":"https:\/\/bihavadis.com\/index.php\/wp-json\/wp\/v2\/media?parent=66961"}],"wp:term":[{"taxonomy":"category","embeddable":true,"href":"https:\/\/bihavadis.com\/index.php\/wp-json\/wp\/v2\/categories?post=66961"},{"taxonomy":"post_tag","embeddable":true,"href":"https:\/\/bihavadis.com\/index.php\/wp-json\/wp\/v2\/tags?post=66961"}],"curies":[{"name":"wp","href":"https:\/\/api.w.org\/{rel}","templated":true}]}}