{"id":6700,"date":"2026-01-30T18:57:05","date_gmt":"2026-01-30T18:57:05","guid":{"rendered":"https:\/\/bihavadis.com\/?p=6700"},"modified":"2026-01-30T18:57:05","modified_gmt":"2026-01-30T18:57:05","slug":"issizlik-orani-aralikta-77ye-dustu","status":"publish","type":"post","link":"https:\/\/bihavadis.com\/index.php\/2026\/01\/30\/issizlik-orani-aralikta-77ye-dustu\/","title":{"rendered":"\u0130\u015fsizlik Oran\u0131 Aral\u0131k&#8217;ta %7,7&#8217;ye D\u00fc\u015ft\u00fc"},"content":{"rendered":"<p>\n<p>T\u00dcRK\u0130YE \u0130statistik Kurumu (T\u00dc\u0130K), aral\u0131k ay\u0131nda i\u015fsizlik oran\u0131n\u0131n 0,8 puan azalarak y\u00fczde 7,7 seviyesinde ger\u00e7ekle\u015fti\u011fini a\u00e7\u0131klad\u0131.<\/p>\n<p>T\u00dc\u0130K, Aral\u0131k 2025 d\u00f6nemine ili\u015fkin i\u015f g\u00fcc\u00fc istatistiklerini a\u00e7\u0131klad\u0131. Buna g\u00f6re; 15 ve daha yukar\u0131 ya\u015ftaki ki\u015filerde i\u015fsiz say\u0131s\u0131 2025 y\u0131l\u0131 Aral\u0131k ay\u0131nda bir \u00f6nceki aya g\u00f6re 286 bin ki\u015fi azalarak 2 milyon 736 bin ki\u015fi oldu. \u0130\u015fsizlik oran\u0131 ise 0,8 puan azalarak y\u00fczde 7,7 seviyesinde ger\u00e7ekle\u015fti. \u0130\u015fsizlik oran\u0131 erkeklerde y\u00fczde 6,3 iken kad\u0131nlarda y\u00fczde 10,5 olarak ger\u00e7ekle\u015fti. <\/p>\n<p>\u0130stihdam edilenlerin say\u0131s\u0131 2025 y\u0131l\u0131 Aral\u0131k ay\u0131nda bir \u00f6nceki aya g\u00f6re 42 bin ki\u015fi azalarak 32 milyon 685 bin ki\u015fi, istihdam oran\u0131 ise ayn\u0131 seviyede kalarak y\u00fczde 49,1 oldu. Bu oran erkeklerde y\u00fczde 66,8 iken kad\u0131nlarda y\u00fczde 31,7 olarak ger\u00e7ekle\u015fti. \u0130\u015f g\u00fcc\u00fc, 2025 y\u0131l\u0131 Aral\u0131k ay\u0131nda bir \u00f6nceki aya g\u00f6re 328 bin ki\u015fi azalarak 35 milyon 421 bin ki\u015fi, i\u015f g\u00fcc\u00fcne kat\u0131lma oran\u0131 ise 0,5 puan azalarak y\u00fczde 53,2 olarak ger\u00e7ekle\u015fti. \u0130\u015f g\u00fcc\u00fcne kat\u0131lma oran\u0131 erkeklerde y\u00fczde 71,3 iken kad\u0131nlarda y\u00fczde 35,5 oldu.<\/p>\n<p>GEN\u00c7 N\u00dcFUSTA \u0130\u015eS\u0130ZL\u0130K ORANI Y\u00dcZDE 12<\/p>\n<p>15-24 ya\u015f grubunu kapsayan gen\u00e7 n\u00fcfusta i\u015fsizlik oran\u0131 bir \u00f6nceki aya g\u00f6re 1,1 puan azalarak y\u00fczde 14,1 oldu. Bu ya\u015f grubunda i\u015fsizlik oran\u0131; erkeklerde y\u00fczde 12, kad\u0131nlarda ise y\u00fczde 18,2 olarak tahmin edildi. \u0130stihdam edilenlerden referans d\u00f6neminde i\u015fba\u015f\u0131nda olanlar\u0131n, mevsim ve takvim etkilerinden ar\u0131nd\u0131r\u0131lm\u0131\u015f haftal\u0131k ortalama fiili \u00e7al\u0131\u015fma s\u00fcresi 2025 y\u0131l\u0131 Aral\u0131k ay\u0131nda bir \u00f6nceki aya g\u00f6re 0,8 saat artarak 43,1 saat olarak ger\u00e7ekle\u015fti. Zamana ba\u011fl\u0131 eksik istihdam, potansiyel i\u015f g\u00fcc\u00fc ve i\u015fsizlerden olu\u015fan at\u0131l i\u015fg\u00fcc\u00fc oran\u0131 2025 y\u0131l\u0131 Aral\u0131k ay\u0131nda bir \u00f6nceki aya g\u00f6re 0,3 puan azalarak y\u00fczde 28,6 oldu. Zamana ba\u011fl\u0131 eksik istihdam ve i\u015fsizlerin b\u00fct\u00fcnle\u015fik oran\u0131 y\u00fczde 18,1 iken i\u015fsiz ve potansiyel i\u015f g\u00fcc\u00fcn\u00fcn b\u00fct\u00fcnle\u015fik oran\u0131 y\u00fczde 19,5 olarak tahmin edildi. <\/p>\n","protected":false},"excerpt":{"rendered":"<p>T\u00dc\u0130K, Aral\u0131k 2025&#8217;te i\u015fsizlik oran\u0131n\u0131n %7,7&#8217;ye d\u00fc\u015ft\u00fc\u011f\u00fcn\u00fc a\u00e7\u0131klad\u0131. Gen\u00e7lerde ise %14,1.<\/p>\n","protected":false},"author":1,"featured_media":6701,"comment_status":"open","ping_status":"open","sticky":false,"template":"","format":"standard","meta":{"footnotes":""},"categories":[8],"tags":[487,1357,395,1571,817],"class_list":["post-6700","post","type-post","status-publish","format-standard","has-post-thumbnail","hentry","category-ekonomi","tag-487","tag-bin-kisi","tag-is","tag-is-gucu","tag-issizlik-orani"],"_links":{"self":[{"href":"https:\/\/bihavadis.com\/index.php\/wp-json\/wp\/v2\/posts\/6700","targetHints":{"allow":["GET"]}}],"collection":[{"href":"https:\/\/bihavadis.com\/index.php\/wp-json\/wp\/v2\/posts"}],"about":[{"href":"https:\/\/bihavadis.com\/index.php\/wp-json\/wp\/v2\/types\/post"}],"author":[{"embeddable":true,"href":"https:\/\/bihavadis.com\/index.php\/wp-json\/wp\/v2\/users\/1"}],"replies":[{"embeddable":true,"href":"https:\/\/bihavadis.com\/index.php\/wp-json\/wp\/v2\/comments?post=6700"}],"version-history":[{"count":1,"href":"https:\/\/bihavadis.com\/index.php\/wp-json\/wp\/v2\/posts\/6700\/revisions"}],"predecessor-version":[{"id":6702,"href":"https:\/\/bihavadis.com\/index.php\/wp-json\/wp\/v2\/posts\/6700\/revisions\/6702"}],"wp:featuredmedia":[{"embeddable":true,"href":"https:\/\/bihavadis.com\/index.php\/wp-json\/wp\/v2\/media\/6701"}],"wp:attachment":[{"href":"https:\/\/bihavadis.com\/index.php\/wp-json\/wp\/v2\/media?parent=6700"}],"wp:term":[{"taxonomy":"category","embeddable":true,"href":"https:\/\/bihavadis.com\/index.php\/wp-json\/wp\/v2\/categories?post=6700"},{"taxonomy":"post_tag","embeddable":true,"href":"https:\/\/bihavadis.com\/index.php\/wp-json\/wp\/v2\/tags?post=6700"}],"curies":[{"name":"wp","href":"https:\/\/api.w.org\/{rel}","templated":true}]}}