{"id":67037,"date":"2026-03-09T03:33:09","date_gmt":"2026-03-09T03:33:09","guid":{"rendered":"https:\/\/bihavadis.com\/?p=67037"},"modified":"2026-03-09T03:33:09","modified_gmt":"2026-03-09T03:33:09","slug":"savastepede-yangin-1-olu","status":"publish","type":"post","link":"https:\/\/bihavadis.com\/index.php\/2026\/03\/09\/savastepede-yangin-1-olu\/","title":{"rendered":"Sava\u015ftepe&#8217;de Yang\u0131n: 1 \u00d6l\u00fc"},"content":{"rendered":"<p> Bal\u0131kesir&#8217;in Sava\u015ftepe il\u00e7esinde \u00e7\u0131kan ev yang\u0131n\u0131nda 1 ki\u015fi ya\u015fam\u0131n\u0131 yitirdi.<\/p>\n<p>Karacalar Mahallesi&#8217;nde, Bayram Aldemir&#8217;e (87) ait tek katl\u0131 m\u00fcstakil evde soban\u0131n tutu\u015fmas\u0131 nedeniyle yang\u0131n \u00e7\u0131kt\u0131.<\/p>\n<p>Duman\u0131 g\u00f6renlerin 112 Acil \u00c7a\u011fr\u0131 Merkezini aramas\u0131 \u00fczerine olay yerine jandarma, sa\u011fl\u0131k ve itfaiye ekipleri sevk edildi.<\/p>\n<p> \u0130tfaiye ekiplerince s\u00f6nd\u00fcr\u00fclen yang\u0131nda, evde bulunan Aldemir&#8217;in hayat\u0131n\u0131 kaybetti\u011fi belirlendi.<\/p>\n<p>Aldemir&#8217;in cesedi, savc\u0131l\u0131k incelemesinin ard\u0131ndan otopsi i\u00e7in morga g\u00f6t\u00fcr\u00fcld\u00fc.<\/p>\n","protected":false},"excerpt":{"rendered":"<p>Bal\u0131kesir Sava\u015ftepe&#8217;de sobadan \u00e7\u0131kan yang\u0131nda 87 ya\u015f\u0131ndaki Bayram Aldemir hayat\u0131n\u0131 kaybetti.<\/p>\n","protected":false},"author":1,"featured_media":67038,"comment_status":"open","ping_status":"open","sticky":false,"template":"","format":"standard","meta":{"footnotes":""},"categories":[9,4,13],"tags":[],"class_list":["post-67037","post","type-post","status-publish","format-standard","has-post-thumbnail","hentry","category-genel","category-gundem","category-son-dakika"],"_links":{"self":[{"href":"https:\/\/bihavadis.com\/index.php\/wp-json\/wp\/v2\/posts\/67037","targetHints":{"allow":["GET"]}}],"collection":[{"href":"https:\/\/bihavadis.com\/index.php\/wp-json\/wp\/v2\/posts"}],"about":[{"href":"https:\/\/bihavadis.com\/index.php\/wp-json\/wp\/v2\/types\/post"}],"author":[{"embeddable":true,"href":"https:\/\/bihavadis.com\/index.php\/wp-json\/wp\/v2\/users\/1"}],"replies":[{"embeddable":true,"href":"https:\/\/bihavadis.com\/index.php\/wp-json\/wp\/v2\/comments?post=67037"}],"version-history":[{"count":1,"href":"https:\/\/bihavadis.com\/index.php\/wp-json\/wp\/v2\/posts\/67037\/revisions"}],"predecessor-version":[{"id":67039,"href":"https:\/\/bihavadis.com\/index.php\/wp-json\/wp\/v2\/posts\/67037\/revisions\/67039"}],"wp:featuredmedia":[{"embeddable":true,"href":"https:\/\/bihavadis.com\/index.php\/wp-json\/wp\/v2\/media\/67038"}],"wp:attachment":[{"href":"https:\/\/bihavadis.com\/index.php\/wp-json\/wp\/v2\/media?parent=67037"}],"wp:term":[{"taxonomy":"category","embeddable":true,"href":"https:\/\/bihavadis.com\/index.php\/wp-json\/wp\/v2\/categories?post=67037"},{"taxonomy":"post_tag","embeddable":true,"href":"https:\/\/bihavadis.com\/index.php\/wp-json\/wp\/v2\/tags?post=67037"}],"curies":[{"name":"wp","href":"https:\/\/api.w.org\/{rel}","templated":true}]}}