{"id":67102,"date":"2026-03-09T04:27:07","date_gmt":"2026-03-09T04:27:07","guid":{"rendered":"https:\/\/bihavadis.com\/?p=67102"},"modified":"2026-03-09T04:27:07","modified_gmt":"2026-03-09T04:27:07","slug":"bilim-kafe-malatyada-gerceklesti","status":"publish","type":"post","link":"https:\/\/bihavadis.com\/index.php\/2026\/03\/09\/bilim-kafe-malatyada-gerceklesti\/","title":{"rendered":"Bilim Kafe Malatya&#8217;da Ger\u00e7ekle\u015fti"},"content":{"rendered":"<p>Y\u00fcksek\u00f6\u011fretim Kurulu (Y\u00d6K) \u00f6nc\u00fcl\u00fc\u011f\u00fcnde bilimin kamp\u00fcs d\u0131\u015f\u0131nda da konu\u015fulmas\u0131n\u0131 ama\u00e7layan &#8220;Bilim Kafe&#8221; s\u00f6yle\u015fisi, Malatya Turgut \u00d6zal \u00dcniversitesi taraf\u0131ndan Atabey Feribotu&#8217;nda ger\u00e7ekle\u015ftirildi.<\/p>\n<p>Y\u00d6K&#8217;ten yap\u0131lan a\u00e7\u0131klamaya g\u00f6re, &#8220;Bilim Kafe&#8221; s\u00f6yle\u015fisinde bu kez Malatya&#8217;n\u0131n Battalgazi ve Elaz\u0131\u011f&#8217;\u0131n Baskil il\u00e7eleri aras\u0131nda ula\u015f\u0131m sa\u011flayan Atabey Feribotu&#8217;nda d\u00fczenlendi.<\/p>\n<p>Malatya Turgut \u00d6zal \u00dcniversitesi \u00f6\u011fretim \u00fcyeleri, &#8220;Yap\u0131larda Deprem Ger\u00e7e\u011fi: 6 \u015eubat \u00d6rne\u011fi&#8221; ve &#8220;Depremden Zirai Dona Malatya Kay\u0131s\u0131s\u0131nda Riskler ve \u00c7\u00f6z\u00fcm Yollar\u0131&#8221; konulu &#8220;Bilim Kafe&#8221; bulu\u015fmas\u0131nda, vatanda\u015flar\u0131 ve \u00e7ift\u00e7ileri bilgilendirdi.<\/p>\n<p>\u00c7ift\u00e7ilere \u00e7\u00f6z\u00fcm odakl\u0131 bilgi aktar\u0131m\u0131<\/p>\n<p>Etkinlikte konu\u015fan Ziraat Fak\u00fcltesi Dekan\u0131 Prof. Dr. Hakan Y\u0131ld\u0131r\u0131m, deprem sonras\u0131 tar\u0131msal sistemlerin iklim olaylar\u0131na kar\u015f\u0131 daha savunmas\u0131z hale geldi\u011fini belirtti.<\/p>\n<p>\u00dcniversite b\u00fcnyesinde y\u00fcr\u00fct\u00fclen bilimsel \u00e7al\u0131\u015fmalarla \u00e7ift\u00e7ilere \u00e7\u00f6z\u00fcm odakl\u0131 bilgi aktar\u0131m\u0131n\u0131n s\u00fcrd\u00fcr\u00fcld\u00fc\u011f\u00fcn\u00fc kaydeden Y\u0131ld\u0131r\u0131m, Bilim Kafe etkinli\u011finde, depremin y\u0131l d\u00f6n\u00fcm\u00fcnde, bar\u0131nma ve beslenme gibi afetlerde \u00f6ne \u00e7\u0131kan temel konular\u0131 ele ald\u0131klar\u0131n\u0131 anlatt\u0131.<\/p>\n<p>Hem depremi hem de ge\u00e7en sene 11 Nisan&#8217;da ya\u015fanan zirai don afetini birlikte de\u011ferlendirdiklerini belirten Y\u0131ld\u0131r\u0131m, Malatya, kay\u0131s\u0131n\u0131n neredeyse y\u00fczde 100&#8217;e yak\u0131n zarar g\u00f6rd\u00fc\u011f\u00fc illerden biri oldu\u011funu, bu nedenle fak\u00fclte olarak \u00e7ok say\u0131da bilgilendirici program y\u00fcr\u00fctt\u00fcklerini a\u00e7\u0131klad\u0131.<\/p>\n<p>M\u00fchendislik ve Do\u011fa Bilimleri Fak\u00fcltesi \u0130n\u015faat M\u00fchendisli\u011fi B\u00f6l\u00fcm\u00fc \u00d6\u011fretim \u00dcyesi Do\u00e7. Dr. Ceren K\u0131na, 6 \u015eubat depremlerinin ard\u0131ndan y\u00fcr\u00fct\u00fclen saha \u00e7al\u0131\u015fmalar\u0131ndan elde edilen bulgular\u0131 kat\u0131l\u0131mc\u0131larla payla\u015ft\u0131.<\/p>\n<p>Yap\u0131 g\u00fcvenli\u011fi, hasar t\u00fcrleri ve \u00f6zellikle 2000 y\u0131l\u0131 \u00f6ncesi in\u015fa edilen binalar\u0131n deprem performans\u0131na ili\u015fkin de\u011ferlendirmede bulunan K\u0131na, bilimsel analizlerin yap\u0131 dayan\u0131kl\u0131l\u0131\u011f\u0131nda belirleyici rol oynad\u0131\u011f\u0131n\u0131 s\u00f6yledi.<\/p>\n<p>Malatya halk\u0131n\u0131n k\u0131sa s\u00fcre i\u00e7inde hem b\u00fcy\u00fck bir depremi hem de ard\u0131ndan zirai don felaketini ya\u015fad\u0131\u011f\u0131n\u0131 hat\u0131rlatan K\u0131na, depremin yaralar\u0131 hen\u00fcz sar\u0131lmaya \u00e7al\u0131\u015f\u0131l\u0131rken ya\u015fanan don olay\u0131n\u0131n, tar\u0131mla ge\u00e7inen halk\u0131 daha da zorlad\u0131\u011f\u0131n\u0131 ifade etti.<\/p>\n<p>K\u0131na, bu etkinlikte bir araya gelerek vatanda\u015flar\u0131n sorular\u0131n\u0131 yan\u0131tlad\u0131klar\u0131n\u0131 anlatarak, kat\u0131l\u0131m\u0131n y\u00fcksek oldu\u011funu, etkinli\u011fe ilgi g\u00f6sterildi\u011fini s\u00f6yledi.<\/p>\n<p>&#8220;Bilim Kafe, \u00fcniversitelerde \u00fcretilen bilginin topluma aktar\u0131lmas\u0131 a\u00e7\u0131s\u0131ndan son derece \u00f6nemli&#8221;<\/p>\n<p>Malatya Turgut \u00d6zal \u00dcniversitesi Rekt\u00f6r\u00fc Prof. Dr. Recep Bentli ise Y\u00d6K Ba\u015fkan\u0131 Erol \u00d6zvar&#8217;\u0131n vizyonuyla hayata ge\u00e7irilen Bilim Kafe uygulamas\u0131n\u0131n, \u00fcniversitelerde \u00fcretilen bilginin topluma do\u011frudan aktar\u0131lmas\u0131 a\u00e7\u0131s\u0131ndan \u00f6nemli bir model olu\u015fturdu\u011funu bildirdi.<\/p>\n<p>\u00dcniversite olarak \u00fc\u00e7\u00fcnc\u00fc Bilim Kafe etkinli\u011fini ger\u00e7ekle\u015ftirdiklerini kaydeden Bentli, &#8220;6 \u015eubat depremlerinin ard\u0131ndan yap\u0131larda deprem ger\u00e7e\u011fi ve ge\u00e7en y\u0131l ya\u015fanan zirai don felaketinin kay\u0131s\u0131 \u00fcretimine etkilerini, akademisyenlerimiz sahada vatanda\u015flar\u0131m\u0131zla payla\u015f\u0131yor. Bilim Kafe, \u00fcniversitelerde \u00fcretilen bilginin halk\u0131n anlayaca\u011f\u0131 dile \u00e7evrilerek topluma aktar\u0131lmas\u0131 a\u00e7\u0131s\u0131ndan son derece \u00f6nemli.&#8221; de\u011ferlendirmesinde bulundu.<\/p>\n<p>Battalgazi Mahallesi Muhtar\u0131 Mehmet Bo\u011fa, deprem sonras\u0131 yap\u0131 g\u00fcvenli\u011fi, hasar t\u00fcrleri ve binalar\u0131n dayan\u0131kl\u0131l\u0131\u011f\u0131na ili\u015fkin yap\u0131lan bilimsel a\u00e7\u0131klamalar\u0131n hem \u00e7ift\u00e7iler hem de vatanda\u015flar a\u00e7\u0131s\u0131ndan son derece faydal\u0131 oldu\u011funu belirterek, ge\u00e7mi\u015fte yeterli bilgiye sahip olmad\u0131klar\u0131 ancak bir\u00e7ok konuda akademisyenlerin aktard\u0131\u011f\u0131 veriler sayesinde daha bilin\u00e7li hale geldiklerini dile getirdi.<\/p>\n","protected":false},"excerpt":{"rendered":"<p>Y\u00d6K \u00f6nc\u00fcl\u00fc\u011f\u00fcnde Malatya&#8217;da d\u00fczenlenen Bilim Kafe, deprem ve zirai dona dair bilgilendirme yapt\u0131.<\/p>\n","protected":false},"author":1,"featured_media":67103,"comment_status":"open","ping_status":"open","sticky":false,"template":"","format":"standard","meta":{"footnotes":""},"categories":[12],"tags":[527,7596,60,723,587],"class_list":["post-67102","post","type-post","status-publish","format-standard","has-post-thumbnail","hentry","category-siyaset","tag-bilgi","tag-bilim-kafe","tag-deprem","tag-universite","tag-yapi"],"_links":{"self":[{"href":"https:\/\/bihavadis.com\/index.php\/wp-json\/wp\/v2\/posts\/67102","targetHints":{"allow":["GET"]}}],"collection":[{"href":"https:\/\/bihavadis.com\/index.php\/wp-json\/wp\/v2\/posts"}],"about":[{"href":"https:\/\/bihavadis.com\/index.php\/wp-json\/wp\/v2\/types\/post"}],"author":[{"embeddable":true,"href":"https:\/\/bihavadis.com\/index.php\/wp-json\/wp\/v2\/users\/1"}],"replies":[{"embeddable":true,"href":"https:\/\/bihavadis.com\/index.php\/wp-json\/wp\/v2\/comments?post=67102"}],"version-history":[{"count":1,"href":"https:\/\/bihavadis.com\/index.php\/wp-json\/wp\/v2\/posts\/67102\/revisions"}],"predecessor-version":[{"id":67104,"href":"https:\/\/bihavadis.com\/index.php\/wp-json\/wp\/v2\/posts\/67102\/revisions\/67104"}],"wp:featuredmedia":[{"embeddable":true,"href":"https:\/\/bihavadis.com\/index.php\/wp-json\/wp\/v2\/media\/67103"}],"wp:attachment":[{"href":"https:\/\/bihavadis.com\/index.php\/wp-json\/wp\/v2\/media?parent=67102"}],"wp:term":[{"taxonomy":"category","embeddable":true,"href":"https:\/\/bihavadis.com\/index.php\/wp-json\/wp\/v2\/categories?post=67102"},{"taxonomy":"post_tag","embeddable":true,"href":"https:\/\/bihavadis.com\/index.php\/wp-json\/wp\/v2\/tags?post=67102"}],"curies":[{"name":"wp","href":"https:\/\/api.w.org\/{rel}","templated":true}]}}