{"id":67108,"date":"2026-03-09T04:33:09","date_gmt":"2026-03-09T04:33:09","guid":{"rendered":"https:\/\/bihavadis.com\/?p=67108"},"modified":"2026-03-09T04:33:09","modified_gmt":"2026-03-09T04:33:09","slug":"bakan-isikhandan-isverenlere-mujde-sgk-borclarinda-pesinat-zorunlulugu-kaldirildi","status":"publish","type":"post","link":"https:\/\/bihavadis.com\/index.php\/2026\/03\/09\/bakan-isikhandan-isverenlere-mujde-sgk-borclarinda-pesinat-zorunlulugu-kaldirildi\/","title":{"rendered":"Bakan I\u015f\u0131khan&#8217;dan \u0130\u015fverenlere M\u00fcjde: SGK Bor\u00e7lar\u0131nda Pe\u015finat Zorunlulu\u011fu Kald\u0131r\u0131ld\u0131"},"content":{"rendered":"<p>\n<p>\u00c7ALI\u015eMA ve Sosyal G\u00fcvenlik Bakan\u0131 Vedat I\u015f\u0131khan, &#8220;\u0130\u015fverenlerimizi do\u011frudan ilgilendiren, hem i\u015fverenlerimizi do\u011frudan rahatlatacak hem de SGK&#8217;ya olan bor\u00e7lar\u0131n \u00f6denmesini daha da kolayla\u015ft\u0131racak bir ad\u0131m att\u0131k. \u0130\u015fverenlerin SGK bor\u00e7lar\u0131n\u0131 tecil etmeleri i\u00e7in gereken y\u00fczde 10 pe\u015finat zorunlulu\u011funu kald\u0131rd\u0131k&#8221; dedi.<\/p>\n<p>Bir dizi ziyaret kapsam\u0131nda sabah saatlerinde \u015eanl\u0131urfa&#8217;ya gelen \u00c7al\u0131\u015fma ve Sosyal G\u00fcvenlik Bakan\u0131 Vedat I\u015f\u0131khan, ilk olarak \u015eanl\u0131urfa Valili\u011fi ziyaret etti. I\u015f\u0131khan, daha sonra organize sanayi b\u00f6lgesinde, KOSGEB \u015eanl\u0131urfa \u0130l M\u00fcd\u00fcrl\u00fc\u011f\u00fc&#8217;nde d\u00fczenlenen i\u015f insanlar\u0131yla isti\u015fare toplant\u0131s\u0131na kat\u0131ld\u0131. <\/p>\n<p>Burada a\u00e7\u0131klamalarda bulunan Bakan I\u015f\u0131khan, son \u00e7eyrek y\u00fczy\u0131lda \u015eanl\u0131urfa&#8217;n\u0131n b\u00fcy\u00fck yat\u0131r\u0131mlarla b\u00fcy\u00fcd\u00fc\u011f\u00fcn\u00fc belirterek, G\u00fcneydo\u011fu Anadolu Projesi (GAP) ile b\u00f6lgenin \u00f6z kaynaklar\u0131n\u0131n \u00fcretime ve katma de\u011fere d\u00f6n\u00fc\u015ft\u00fc\u011f\u00fcn\u00fc s\u00f6yledi. <\/p>\n<p>&#8216;B\u0130Z\u0130, B\u0130RB\u0130R\u0130M\u0130ZDEN AYIRMAYI BA\u015eARAMADILAR&#8217;<\/p>\n<p>Tar\u0131msal sulamadan sosyal ve k\u00fclt\u00fcrel alanlara kadar geni\u015f bir yelpazede yat\u0131r\u0131mlar\u0131n s\u00fcrd\u00fc\u011f\u00fcn\u00fc kaydeden Bakan I\u015f\u0131khan, &#8220;T\u00fcm bunlar\u0131 b\u00f6lgemizde yak\u0131lmaya \u00e7al\u0131\u015f\u0131lan fitne ate\u015fine ra\u011fmen yapt\u0131k. \u00d6zellikle Cumhuriyet tarihimizin en g\u00fc\u00e7l\u00fc kalk\u0131nma projelerinden birisi olan G\u00fcneydo\u011fu Anadolu Projesi ile birlikte; bu kalk\u0131nma ve geli\u015fme s\u00fcreci Urfa&#8217;n\u0131n da i\u00e7erisinde bulundu\u011fu b\u00f6lge \u015fehirlerimizin sahip oldu\u011fu \u00f6z kaynaklar\u0131; \u00fcretime, katma de\u011fere \u00e7evirmeye ba\u015flad\u0131. Bu kapsamda tar\u0131msal sulamadan, sosyal, k\u00fclt\u00fcrel faaliyetlere kadar uzanan geni\u015f bir yelpazede b\u00f6lge illerimizi, her y\u0131l daha da artan miktarlarda yat\u0131r\u0131mlarla, bir cazibe merkezine \u00e7evirdik. Tabii t\u00fcm bunlar\u0131 b\u00f6lgemizde yak\u0131lmaya \u00e7al\u0131\u015f\u0131lan fitne ate\u015fine ra\u011fmen yapt\u0131k. De\u011ferli karde\u015flerim biliyorsunuz ki, sokaklar\u0131m\u0131z\u0131 ter\u00f6r yuvas\u0131na \u00e7evirmek i\u00e7in, karde\u015fi karde\u015fe k\u0131rd\u0131rmak i\u00e7in, bizi birbirimize d\u00fc\u015f\u00fcrmek i\u00e7in \u00e7ok u\u011fra\u015ft\u0131lar, \u00e7ok \u00e7abalad\u0131lar. Urfa&#8217;n\u0131n, Mardin&#8217;in, Diyarbak\u0131r&#8217;\u0131n gen\u00e7leri okumas\u0131n, \u00e7al\u0131\u015fmas\u0131n, \u00fcretmesin, kendi alan\u0131nda \u00fclkesinin ve d\u00fcnyan\u0131n en iyisi olmas\u0131n, diye her t\u00fcrl\u00fc k\u00f6t\u00fcl\u00fc\u011f\u00fc yapt\u0131lar. \u00d6n\u00fcm\u00fcze onlarca engel koydular. \u00c7\u00fcnk\u00fc bu topraklar\u0131n evlatlar\u0131n\u0131n ne kadar zeki ne kadar ak\u0131ll\u0131 ve yetenekli oldu\u011funu ve vatan\u0131na, milletine ve insanl\u0131\u011fa ne kadar faydal\u0131 olabileceklerini \u00e7ok iyi biliyorlard\u0131. Bu y\u00fczden kinle, nefretle, d\u00fc\u015fmanl\u0131kla zehirlemeye, istikballerine engel olmaya \u00e7al\u0131\u015ft\u0131lar. Ancak hamdolsun ki bizi, birbirimizden ay\u0131rmay\u0131 ba\u015faramad\u0131lar. Devlet Bah\u00e7eli Beyefendi&#8217;nin ba\u015flatt\u0131\u011f\u0131 ve Cumhurba\u015fkan\u0131m\u0131z Say\u0131n Recep Tayyip Erdo\u011fan liderli\u011finde y\u00fcr\u00fcyen Ter\u00f6rs\u00fcz T\u00fcrkiye idealimizi hep birlikte ba\u015far\u0131ya ula\u015ft\u0131rmaya, kalk\u0131nmam\u0131z\u0131n, b\u00fcy\u00fcmemizin ve geli\u015fmemizin \u00f6n\u00fcndeki b\u00fct\u00fcn engelleri bir bir ortadan kald\u0131rmaya ba\u015flad\u0131k&#8221; dedi.<\/p>\n<p>GEN\u00c7 \u0130ST\u0130HDAMINA G\u00dc\u00c7 PROJES\u0130<\/p>\n<p>Gen\u00e7 istihdam\u0131na y\u00f6nelik yeni projelere de de\u011finen Bakan I\u015f\u0131khan, ocak ay\u0131nda hayata ge\u00e7irilen Gen\u00e7li\u011fin \u00dcretim \u00c7a\u011f\u0131 (G\u00dc\u00c7) projesiyle yakla\u015f\u0131k 3 milyon gencin i\u015fg\u00fcc\u00fc piyasas\u0131na kazand\u0131r\u0131lmas\u0131n\u0131n hedeflendi\u011fini s\u00f6yledi. Proje kapsam\u0131nda staj deste\u011fi, mesleki e\u011fitim, i\u015fe ilk ad\u0131m ve \u0130\u015eKUR Gen\u00e7lik Program\u0131 ba\u015fta olmak \u00fczere 5 farkl\u0131 program\u0131n devreye al\u0131nd\u0131\u011f\u0131n\u0131 aktard\u0131. <\/p>\n<p>I\u015f\u0131khan, i\u015fverenleri rahatlatacak bir d\u00fczenlemeye de de\u011finerek, &#8220;\u00d6nemli bir m\u00fcjdeyi sizinle payla\u015fmak istiyorum. &#8220;\u0130\u015fverenlerimizi do\u011frudan ilgilendiren, hem i\u015fverenlerimizi do\u011frudan rahatlatacak hem de SGK&#8217;ya olan bor\u00e7lar\u0131n \u00f6denmesini daha da kolayla\u015ft\u0131racak bir ad\u0131m att\u0131k. \u0130\u015fverenlerin SGK bor\u00e7lar\u0131n\u0131 tecil etmeleri i\u00e7in gereken y\u00fczde 10 pe\u015finat zorunlulu\u011funu kald\u0131rd\u0131k. Tecilde ilk taksit dahil olmak \u00fczere t\u00fcm taksitlerin e\u015fit tutarlarda \u00f6denebilmesini sa\u011flad\u0131k. Bu ad\u0131m, SGK bor\u00e7lar\u0131n\u0131 \u00f6deme noktas\u0131nda samimi ad\u0131m atmak isteyen vatanda\u015flar\u0131m\u0131z ve firmalar i\u00e7in \u00f6nemli bir f\u0131rsat sunmaktad\u0131r. En \u00e7ok da SGK&#8217;ya en fazla borcu bulunan belediyelerin \u015firketlerinin bu imkandan faydalanmas\u0131n\u0131 bekliyoruz. Bildi\u011finiz gibi, SGK&#8217;ya hem \u00f6zel hem de kamu kurulu\u015flar\u0131 aras\u0131nda en \u00e7ok borcu olanlar belediyeler. Bu y\u0131l, sosyal g\u00fcvenlik kurumunda b\u00fct\u00e7e a\u00e7\u0131\u011f\u0131nda en d\u00fc\u015f\u00fck seviyeye ula\u015ft\u0131k. \u00d6denmeyen SGK prim bor\u00e7lar\u0131n\u0131n tahsilat\u0131nda da bu y\u0131l rekor k\u0131rd\u0131k. SGK g\u00fc\u00e7lendik\u00e7e bu refah art\u0131\u015f\u0131 olarak emeklilerimize k\u0131sa s\u00fcre i\u00e7inde daha da yans\u0131yaca\u011f\u0131 kesin.&#8221;<\/p>\n<p>Laf \u00fcretmenin de\u011fil, i\u015f \u00fcretmenin derdinde olduklar\u0131n\u0131 aktaran Bakan I\u015f\u0131khan, hamasetle de\u011fil rakamlarla konu\u015ftuklar\u0131n\u0131, ucuz siyaset yaparak insanlar\u0131 kand\u0131rmad\u0131klar\u0131n\u0131 kaydederek, sistemi g\u00fc\u00e7lendirmeye, \u00fcretimi artt\u0131rmaya ve istihdam\u0131 b\u00fcy\u00fctmeye devam edeceklerini s\u00f6zlerine ekledi.<\/p>\n<p>Bakan I\u015f\u0131khan&#8217;\u0131n, program\u0131n ard\u0131ndan OSB&#8217;de \u00e7e\u015fitli ziyaretlerde bulunaca\u011f\u0131 ve AK Parti \u015eanl\u0131urfa \u0130l Ba\u015fkanl\u0131\u011f\u0131&#8217;n\u0131 ziyaret edece\u011fi bildirildi. <\/p>\n","protected":false},"excerpt":{"rendered":"<p>\u00c7al\u0131\u015fma ve Sosyal G\u00fcvenlik Bakan\u0131 Vedat I\u015f\u0131khan, \u015eanl\u0131urfa ziyaretinde i\u015fverenlerin SGK bor\u00e7lar\u0131n\u0131 tecil etmeleri i\u00e7in y\u00fczde 10 pe\u015finat zorunlulu\u011funu kald\u0131rd\u0131klar\u0131n\u0131 duyurdu. Bu ad\u0131m\u0131n i\u015fverenleri rahatlataca\u011f\u0131n\u0131 ve bor\u00e7 \u00f6deme s\u00fcrecini kolayla\u015ft\u0131raca\u011f\u0131n\u0131 belirten I\u015f\u0131khan, gen\u00e7 istihdam\u0131na y\u00f6nelik projeler hakk\u0131nda da bilgi verdi. Ayr\u0131ca, G\u00fcneydo\u011fu Anadolu Projesi&#8217;nin \u00f6nemine de\u011finerek, b\u00f6lgedeki kalk\u0131nma faaliyetlerinin devam etti\u011fini vurgulad\u0131.<\/p>\n","protected":false},"author":1,"featured_media":67109,"comment_status":"open","ping_status":"open","sticky":false,"template":"","format":"standard","meta":{"footnotes":""},"categories":[12],"tags":[436,395,3036,237,7388],"class_list":["post-67108","post","type-post","status-publish","format-standard","has-post-thumbnail","hentry","category-siyaset","tag-bakan","tag-is","tag-isikhan","tag-proje","tag-sgk"],"_links":{"self":[{"href":"https:\/\/bihavadis.com\/index.php\/wp-json\/wp\/v2\/posts\/67108","targetHints":{"allow":["GET"]}}],"collection":[{"href":"https:\/\/bihavadis.com\/index.php\/wp-json\/wp\/v2\/posts"}],"about":[{"href":"https:\/\/bihavadis.com\/index.php\/wp-json\/wp\/v2\/types\/post"}],"author":[{"embeddable":true,"href":"https:\/\/bihavadis.com\/index.php\/wp-json\/wp\/v2\/users\/1"}],"replies":[{"embeddable":true,"href":"https:\/\/bihavadis.com\/index.php\/wp-json\/wp\/v2\/comments?post=67108"}],"version-history":[{"count":1,"href":"https:\/\/bihavadis.com\/index.php\/wp-json\/wp\/v2\/posts\/67108\/revisions"}],"predecessor-version":[{"id":67110,"href":"https:\/\/bihavadis.com\/index.php\/wp-json\/wp\/v2\/posts\/67108\/revisions\/67110"}],"wp:featuredmedia":[{"embeddable":true,"href":"https:\/\/bihavadis.com\/index.php\/wp-json\/wp\/v2\/media\/67109"}],"wp:attachment":[{"href":"https:\/\/bihavadis.com\/index.php\/wp-json\/wp\/v2\/media?parent=67108"}],"wp:term":[{"taxonomy":"category","embeddable":true,"href":"https:\/\/bihavadis.com\/index.php\/wp-json\/wp\/v2\/categories?post=67108"},{"taxonomy":"post_tag","embeddable":true,"href":"https:\/\/bihavadis.com\/index.php\/wp-json\/wp\/v2\/tags?post=67108"}],"curies":[{"name":"wp","href":"https:\/\/api.w.org\/{rel}","templated":true}]}}