{"id":67148,"date":"2026-03-09T05:00:11","date_gmt":"2026-03-09T05:00:11","guid":{"rendered":"https:\/\/bihavadis.com\/?p=67148"},"modified":"2026-03-09T05:00:11","modified_gmt":"2026-03-09T05:00:11","slug":"adem-yesilyurt-fenerbahcede-forma-rekabetine-girmek-istiyorum","status":"publish","type":"post","link":"https:\/\/bihavadis.com\/index.php\/2026\/03\/09\/adem-yesilyurt-fenerbahcede-forma-rekabetine-girmek-istiyorum\/","title":{"rendered":"Adem Ye\u015filyurt: Fenerbah\u00e7e&#8217;de forma rekabetine girmek istiyorum"},"content":{"rendered":"<p>Kar\u015f\u0131yaka&#8217;n\u0131n 19 ya\u015f\u0131ndaki futbolcusu Adem Ye\u015filyurt, 500 bin euro bonservis bedeli ve sonraki sat\u0131\u015ftan y\u00fczde 25 pay kar\u015f\u0131l\u0131\u011f\u0131nda Fenerbah\u00e7e ile anla\u015ft\u0131.<\/p>\n<p>Sezonun kalan b\u00f6l\u00fcm\u00fcn\u00fc Kar\u015f\u0131yaka&#8217;da ge\u00e7irecek olan gen\u00e7 futbolcu, yeni sezonda sar\u0131-lacivertli ekibe kat\u0131lacak.<\/p>\n<p><strong>BU SEZON \u0130LK KEZ \u015eANS BULDU<\/strong><\/p>\n<p>Bu sezon Teknik Direkt\u00f6r Burhanettin Basatem\u00fcr taraf\u0131ndan A tak\u0131ma al\u0131nan Adem Ye\u015filyurt, ilk ma\u00e7\u0131na T\u00fcrkiye Kupas\u0131&#8217;nda Bursa Y\u0131ld\u0131r\u0131mspor kar\u015f\u0131s\u0131nda \u00e7\u0131kt\u0131.<\/p>\n<p>Ligde ise ilk kez Alanya 1221 m\u00fcsabakas\u0131nda s\u00fcre alan Ye\u015filyurt, tak\u0131mdaki futbolcular\u0131n bahis soru\u015fturmas\u0131ndan ald\u0131\u011f\u0131 cezalar nedeniyle olu\u015fan eksiklikte 11&#8217;e yerle\u015fti.<\/p>\n<p>Buldu\u011fu \u015fans\u0131 iyi de\u011ferlendiren 19 ya\u015f\u0131ndaki futbolcu, 2 gol ve 2 asistlik performans sergileyerek T\u00fcrkiye U19 Milli Tak\u0131m\u0131&#8217;na davet edildi.<\/p>\n<p><img decoding=\"async\" src=\"https:\/\/bihavadis.com\/wp-content\/uploads\/2026\/03\/adem-yesilyurt-fenerbahcede-forma-rekabetine-girmek-istiyorum-0-sn9JgvzE.jpg\"\/><\/p>\n<p><strong>BASIN MENSUPLARIYLA B\u0130R ARAYA GELD\u0130<\/strong><\/p>\n<p>Transfer s\u00fcrecinin ard\u0131ndan Sel\u00e7uk Ya\u015far Spor Tesisleri&#8217;nde bas\u0131n mensuplar\u0131yla bir araya gelen Adem Ye\u015filyurt, hedeflerinden bahsetti.<\/p>\n<p>Fenerbah\u00e7e gibi b\u00fcy\u00fck bir kul\u00fcpte oynaman\u0131n herkesin hayali oldu\u011funu vurgulayan Ye\u015filyurt, Manchester City formas\u0131 giyen Rayan Cherki ve Bayern M\u00fcnih formas\u0131 giyen Michael Olise&#8217;yi \u00f6rnek ald\u0131\u011f\u0131n\u0131 ifade etti.<\/p>\n<p><img decoding=\"async\" src=\"https:\/\/bihavadis.com\/wp-content\/uploads\/2026\/03\/adem-yesilyurt-fenerbahcede-forma-rekabetine-girmek-istiyorum-1-A2ypnYNa.jpg\"\/><\/p>\n<p><strong>&#8220;\u015eAMP\u0130YON OLARAK AYRILMAK \u0130ST\u0130YORUM&#8221;<\/strong><\/p>\n<p>B\u00fcy\u00fck tak\u0131mda oynaman\u0131n herkesin hedefi oldu\u011funu fakat bu kadar k\u0131sa s\u00fcrede ger\u00e7ekle\u015ftirmeyi kendisinin de beklemedi\u011fini s\u00f6yleyen gen\u00e7 futbolcu,<em><b> &#8220;Bu ba\u015far\u0131y\u0131 elde etti\u011fim i\u00e7in gururluyum ve istikrar\u0131m\u0131 s\u00fcrd\u00fcrmeyi ama\u00e7l\u0131yorum. Her T\u00fcrk futbolcusu gibi benim de \u00f6ncelikli hayalim milli formay\u0131 giymek ve ard\u0131ndan kariyerime Avrupa&#8217;da devam etmektir. Fenerbah\u00e7e&#8217;ye transfer olarak kariyerimde \u00f6nemli bir ad\u0131m att\u0131m; buradan da Avrupa&#8217;ya transfer olmay\u0131 umut ediyorum. Avrupa&#8217;da forma giyerek hem yeti\u015fti\u011fim Kar\u015f\u0131yaka Spor Kul\u00fcb\u00fc&#8217;n\u00fc hem de Fenerbah\u00e7e&#8217;yi en iyi \u015fekilde temsil etmeyi hedefliyorum. Geldi\u011fim yeri asla unutmayaca\u011f\u0131m; Kar\u015f\u0131yaka benim yuvam. Fenerbah\u00e7e&#8217;ye gidi\u015f s\u00fcrecimde as\u0131l amac\u0131m, buradan \u015fampiyonluk ya\u015fayarak ve taraftar\u0131m\u0131z\u0131 gururland\u0131rarak ayr\u0131lmakt\u0131r&#8221; <\/b><\/em>dedi.<\/p>\n<p><strong>&#8220;HOCAMIN G\u00dcVEN\u0130N\u0130 BO\u015eA \u00c7IKARMADIM&#8221;<\/strong><\/p>\n<p>Burhanettin Basatem\u00fcr\u2019\u00fcn g\u00f6reve gelmesinin kendisi i\u00e7in iyi oldu\u011funu belirten Adem Ye\u015filyurt, <em><b>&#8220;Gen\u00e7 oyunculara de\u011fer verdi\u011fini ve \u015fans tan\u0131d\u0131\u011f\u0131n\u0131 bildi\u011fim i\u00e7in s\u0131ram\u0131n gelmesini bekliyordum. Ba\u015flang\u0131\u00e7ta k\u0131sa s\u00fcreler al\u0131yor veya yaln\u0131zca ma\u00e7 kadrosunda yer buluyordum. Ancak antrenmanlardaki \u00e7abamla o \u015fans\u0131 yakalad\u0131m ve hocam\u0131n g\u00fcvenini bo\u015fa \u00e7\u0131karmayarak f\u0131rsat\u0131 en iyi \u015fekilde de\u011ferlendirdim. Her ne kadar bu noktaya b\u00f6ylesine k\u0131sa bir s\u00fcrede gelece\u011fimi tahmin etmesem de, \u00fczerimde b\u00fcy\u00fck eme\u011fi olan Burhanettin Basatem\u00fcr\u2019\u00fcn katk\u0131lar\u0131yla bu seviyeye ula\u015ft\u0131m. Sahadaki bu istikrar\u0131m\u0131 s\u00fcrd\u00fcrmeye devam etmek istiyorum&#8221; <\/b><\/em>diye konu\u015ftu.<\/p>\n<p><img decoding=\"async\" src=\"https:\/\/bihavadis.com\/wp-content\/uploads\/2026\/03\/adem-yesilyurt-fenerbahcede-forma-rekabetine-girmek-istiyorum-2-FZGHb7b2.jpg\"\/><\/p>\n<p><strong>&#8220;FENERBAH\u00c7E&#8217;DE FORMA REKABET\u0130NE G\u0130RMEK \u0130ST\u0130YORUM&#8221;<\/strong><\/p>\n<p>Rayan Cherki ve Michael Olise\u2019yi \u00f6rnek ald\u0131\u011f\u0131n\u0131 aktaran Ye\u015filyurt, <em><b>&#8220;\u00d6n\u00fcmdeki d\u00f6rt ayl\u0131k haz\u0131rl\u0131k s\u00fcrecini en verimli \u015fekilde ge\u00e7irerek, yeni tak\u0131m\u0131ma kat\u0131ld\u0131\u011f\u0131mda do\u011frudan forma rekabetinin i\u00e7inde yer almay\u0131 hedefliyorum. Milli tak\u0131m seviyesindeki kadro kalitemiz olduk\u00e7a y\u00fcksekti; her bir oyuncu de\u011ferli kul\u00fcplerden ve zorlu elemelerden ge\u00e7erek oraya se\u00e7iliyor. Tak\u0131m i\u00e7indeki uyum ve adaptasyon s\u00fcrecini h\u0131zla a\u015farak harika bir ekip olduk. Hedefimiz, \u0130talya&#8217;daki turnuvadan \u015fampiyonlukla d\u00f6nmektir&#8221;<\/b><\/em> ifadelerini kulland\u0131.<\/p>\n<p><img decoding=\"async\" src=\"https:\/\/bihavadis.com\/wp-content\/uploads\/2026\/03\/adem-yesilyurt-fenerbahcede-forma-rekabetine-girmek-istiyorum-3-pFGvt1rV.jpg\"\/><\/p>\n<p><strong>&#8220;\u00c7ALI\u015eMAYI BIRAKMAMAK LAZIM&#8221;<\/strong><\/p>\n<p>Kendisi gibi gen\u00e7 oyunculara da \u00f6nerilerde bulunan 19 ya\u015f\u0131ndaki futbolcu, <em><b>&#8220;F\u0131rsatlar\u0131n ne zaman kar\u015f\u0131lar\u0131na \u00e7\u0131kaca\u011f\u0131 belli olmaz. \u00d6rne\u011fin, son 5 ma\u00e7l\u0131k s\u00fcre\u00e7ten hemen \u00f6nce, U\u015fakspor kar\u015f\u0131la\u015fmas\u0131nda kadroda yoktum. Ancak geli\u015fen s\u00fcre\u00e7te elime ge\u00e7en \u015fans\u0131 en iyi \u015fekilde de\u011ferlendirdim. Bu nedenle hi\u00e7bir ko\u015fulda pes etmeden \u00e7al\u0131\u015fmaya devam edilmeli&#8221; <\/b><\/em>de\u011ferlendirmesinde bulundu.<\/p>\n<p><strong>&#8220;YEN\u0130 TAKIMIMDA KALICI OLMAYI AMA\u00c7LIYORUM&#8221;<\/strong><\/p>\n<p>Fiziksel geli\u015fimi i\u00e7in profesyonel destek almaya ba\u015flad\u0131\u011f\u0131n\u0131 dile getiren Adem Ye\u015filyurt, <em><b>&#8220;Fenerbah\u00e7e&#8217;ye transfer s\u00fcrecimden sonra bu konudaki antrenmanlar\u0131m\u0131 daha da art\u0131rd\u0131m. Gidece\u011fim seviyedeki fiziksel m\u00fccadele g\u00fcc\u00fcn\u00fcn fark\u0131nday\u0131m; oynanan ma\u00e7lar\u0131 izledi\u011fimde mevcut fiziksel durumumu o seviye i\u00e7in daha da geli\u015ftirmem gerekti\u011fini analiz ettim. Bu do\u011frultuda fiziksel kalitemi en \u00fcst d\u00fczeye \u00e7\u0131kararak yeni tak\u0131m\u0131mda kal\u0131c\u0131 olmay\u0131 ama\u00e7l\u0131yorum&#8221; <\/b><\/em>a\u00e7\u0131klamas\u0131nda bulundu.<\/p>\n<p><strong>&#8220;\u00dcZER\u0130NE KOYARAK \u0130LERLED\u0130M&#8221;<\/strong><\/p>\n<p>Kariyerindeki ilk b\u00f6l\u00fcmleri de anlatan gen\u00e7 futbolcu, <em><b>&#8220;P\u0131narba\u015f\u0131&#8217;nda beni ilk ke\u015ffeden ve geli\u015fimimde b\u00fcy\u00fck pay sahibi olan Yal\u00e7\u0131n Hoca&#8217;n\u0131n yeri bende \u00e7ok ayr\u0131. Ard\u0131ndan Eren G\u00fcng\u00f6r Hoca&#8217;n\u0131n sayesinde bu kul\u00fcbe ad\u0131m att\u0131m; kendisi futbolun her y\u00f6n\u00fcn\u00fc bana \u00f6\u011freterek \u00fczerimde b\u00fcy\u00fck bir emek sarf etti. Altyap\u0131 seviyesinde \u00fc\u00e7 y\u0131l forma giydikten sonra Burhanettin Hoca ile \u00e7al\u0131\u015fma f\u0131rsat\u0131 buldum. Onun gen\u00e7lere verdi\u011fi \u00f6nem ve benim \u00f6\u011frenme arzum birle\u015fince, \u00fczerine koyarak ilerledim ve bug\u00fcnk\u00fc noktaya ula\u015ft\u0131m&#8221;<\/b><\/em> \u015feklinde konu\u015ftu.<\/p>\n<p><img decoding=\"async\" src=\"https:\/\/bihavadis.com\/wp-content\/uploads\/2026\/03\/adem-yesilyurt-fenerbahcede-forma-rekabetine-girmek-istiyorum-4-AzYuJBkL.jpg\"\/><\/p>\n<p><strong>&#8220;SOSYAL MEDYA YORUMLARINA BAKMAK PERFORMANSIMI D\u00dc\u015e\u00dcRD\u00dc&#8221;<\/strong><\/p>\n<p>Sosyal medyan\u0131n olumsuz y\u00f6nlerini g\u00f6rd\u00fc\u011f\u00fcn\u00fc ifade eden Ye\u015filyurt, <em><b>&#8220;Ba\u015flang\u0131\u00e7ta hakk\u0131mda yap\u0131lan olumlu veya olumsuz yorumlar\u0131 takip ediyordum. Ancak bu durumdan gerekli dersi \u00e7\u0131kararak bu mecralara bakmay\u0131 b\u0131rakt\u0131m. Sosyal medyadan uzakla\u015fmamla birlikte sahaya daha iyi konsantre oldum ve performans\u0131mda belirgin bir art\u0131\u015f ya\u015fand\u0131&#8221;<\/b><\/em> diyerek s\u00f6zlerini noktalad\u0131.<\/p>\n<div> <span><strong>Kaynak:<\/strong> \u0130hlas Haber Ajans\u0131 (\u0130HA)<\/span> <\/div>\n","protected":false},"excerpt":{"rendered":"<p>Kar\u015f\u0131yaka&#8217;n\u0131n 19 ya\u015f\u0131ndaki futbolcusu Adem Ye\u015filyurt, 500 bin euro bonservis bedeli ve sonraki sat\u0131\u015ftan y\u00fczde 25 pay kar\u015f\u0131l\u0131\u011f\u0131nda Fenerbah\u00e7e ile anla\u015ft\u0131. Sezonun kalan b\u00f6l\u00fcm\u00fcn\u00fc Kar\u015f\u0131yaka&#8217;da ge\u00e7irecek olan gen\u00e7 futbolcu, yeni sezonda sar\u0131-lacivertli &#8230;<\/p>\n","protected":false},"author":1,"featured_media":67149,"comment_status":"open","ping_status":"open","sticky":false,"template":"","format":"standard","meta":{"footnotes":""},"categories":[14],"tags":[1858,2394,340,544,366],"class_list":["post-67148","post","type-post","status-publish","format-standard","has-post-thumbnail","hentry","category-spor","tag-fenerbahce","tag-forma","tag-genc","tag-sure","tag-takim"],"_links":{"self":[{"href":"https:\/\/bihavadis.com\/index.php\/wp-json\/wp\/v2\/posts\/67148","targetHints":{"allow":["GET"]}}],"collection":[{"href":"https:\/\/bihavadis.com\/index.php\/wp-json\/wp\/v2\/posts"}],"about":[{"href":"https:\/\/bihavadis.com\/index.php\/wp-json\/wp\/v2\/types\/post"}],"author":[{"embeddable":true,"href":"https:\/\/bihavadis.com\/index.php\/wp-json\/wp\/v2\/users\/1"}],"replies":[{"embeddable":true,"href":"https:\/\/bihavadis.com\/index.php\/wp-json\/wp\/v2\/comments?post=67148"}],"version-history":[{"count":1,"href":"https:\/\/bihavadis.com\/index.php\/wp-json\/wp\/v2\/posts\/67148\/revisions"}],"predecessor-version":[{"id":67155,"href":"https:\/\/bihavadis.com\/index.php\/wp-json\/wp\/v2\/posts\/67148\/revisions\/67155"}],"wp:featuredmedia":[{"embeddable":true,"href":"https:\/\/bihavadis.com\/index.php\/wp-json\/wp\/v2\/media\/67149"}],"wp:attachment":[{"href":"https:\/\/bihavadis.com\/index.php\/wp-json\/wp\/v2\/media?parent=67148"}],"wp:term":[{"taxonomy":"category","embeddable":true,"href":"https:\/\/bihavadis.com\/index.php\/wp-json\/wp\/v2\/categories?post=67148"},{"taxonomy":"post_tag","embeddable":true,"href":"https:\/\/bihavadis.com\/index.php\/wp-json\/wp\/v2\/tags?post=67148"}],"curies":[{"name":"wp","href":"https:\/\/api.w.org\/{rel}","templated":true}]}}