{"id":67165,"date":"2026-03-09T05:09:18","date_gmt":"2026-03-09T05:09:18","guid":{"rendered":"https:\/\/bihavadis.com\/?p=67165"},"modified":"2026-03-09T05:09:18","modified_gmt":"2026-03-09T05:09:18","slug":"kar-ustu-karakucak-guresleri-renkli-goruntulere-sahne-oldu","status":"publish","type":"post","link":"https:\/\/bihavadis.com\/index.php\/2026\/03\/09\/kar-ustu-karakucak-guresleri-renkli-goruntulere-sahne-oldu\/","title":{"rendered":"Kar \u00dcst\u00fc Karakucak G\u00fcre\u015fleri Renkli G\u00f6r\u00fcnt\u00fclere Sahne Oldu"},"content":{"rendered":"<p>ARTV\u0130N&#8217;in \u015eav\u015fat il\u00e7esi Velik\u00f6y&#8217;de bu y\u0131l 29&#8217;uncusu d\u00fczenlenen &#8216;Kar \u00dcst\u00fc Karakucak G\u00fcre\u015fleri&#8217; renkli g\u00f6r\u00fcnt\u00fclere sahne oldu. 141 sporcunun kat\u0131ld\u0131\u011f\u0131 g\u00fcre\u015fler heyecanla takip edildi.<\/p>\n<p>\u015eav\u015fat il\u00e7esi Velik\u00f6y&#8217;de 29&#8217;uncusu d\u00fczenlenen &#8216;Uluslararas\u0131 Kar \u00dcst\u00fc Karakucak G\u00fcre\u015fleri&#8217; yap\u0131ld\u0131. Velik\u00f6y K\u00fclt\u00fcr ve Dayan\u0131\u015fma Derne\u011fi ve \u015eav\u015fat Belediyesi i\u015f birli\u011finde d\u00fczenlenen organizasyon 11 kategoride ger\u00e7ekle\u015fti. Horon g\u00f6sterileriyle ba\u015flayan g\u00fcre\u015fler renkli g\u00f6r\u00fcnt\u00fclere sahne oldu. G\u00fcre\u015flere Erzurum, Tokat, \u00c7orum, Samsun, Artvin ve il\u00e7elerin yan\u0131 s\u0131ra G\u00fcrcistan ve Azerbaycan&#8217;dan 141 sporcu kat\u0131ld\u0131. Karla kapl\u0131 alanda m\u00fccadele eden sporcular, rakiplerini yenmek etmek i\u00e7in b\u00fcy\u00fck \u00e7aba harcad\u0131. Baz\u0131 sporcular so\u011fuktan zorlan\u0131nca sa\u011fl\u0131k ekipleri m\u00fcdahale etmek zorunda kald\u0131. Sporcular\u0131n \u00f6d\u00fcll\u00fc ba\u015fpehlivan unvan\u0131 almak i\u00e7in k\u0131yas\u0131ya m\u00fccadelesi heyecanla izlendi.<\/p>\n<p>\u015eav\u015fat Belediye Ba\u015fkan\u0131 Durmu\u015f Ayd\u0131n, &#8220;Er meydan\u0131nday\u0131z, bizi izleyenlere selamlar\u0131m\u0131z\u0131 g\u00f6nderiyoruz. G\u00fcrcistan ve Azerbaycan&#8217;dan ciddi manada g\u00fcre\u015f\u00e7iler geldi. T\u00fcrkiye&#8217;nin 4 bir yan\u0131ndan ciddi pehlivanlar geldi. Yi\u011fitlik, meydana \u00e7\u0131kmaktad\u0131r, yenmekte yenilmek de anlaml\u0131 ve g\u00fczeldir. Kar g\u00fcre\u015fleri, \u015eav\u015fat&#8217;\u0131n k\u0131\u015f turizmine de tan\u0131t\u0131m kap\u0131s\u0131 olacakt\u0131r&#8221; dedi. <\/p>\n","protected":false},"excerpt":{"rendered":"<p>\u015eav\u015fat&#8217;ta d\u00fczenlenen 29. Kar \u00dcst\u00fc Karakucak G\u00fcre\u015fleri&#8217;nde 141 sporcu k\u0131yas\u0131ya m\u00fccadele etti.<\/p>\n","protected":false},"author":1,"featured_media":67166,"comment_status":"open","ping_status":"open","sticky":false,"template":"","format":"standard","meta":{"footnotes":""},"categories":[9,4,13],"tags":[297,7604,1288],"class_list":["post-67165","post","type-post","status-publish","format-standard","has-post-thumbnail","hentry","category-genel","category-gundem","category-son-dakika","tag-kar","tag-savsat","tag-sporcu"],"_links":{"self":[{"href":"https:\/\/bihavadis.com\/index.php\/wp-json\/wp\/v2\/posts\/67165","targetHints":{"allow":["GET"]}}],"collection":[{"href":"https:\/\/bihavadis.com\/index.php\/wp-json\/wp\/v2\/posts"}],"about":[{"href":"https:\/\/bihavadis.com\/index.php\/wp-json\/wp\/v2\/types\/post"}],"author":[{"embeddable":true,"href":"https:\/\/bihavadis.com\/index.php\/wp-json\/wp\/v2\/users\/1"}],"replies":[{"embeddable":true,"href":"https:\/\/bihavadis.com\/index.php\/wp-json\/wp\/v2\/comments?post=67165"}],"version-history":[{"count":1,"href":"https:\/\/bihavadis.com\/index.php\/wp-json\/wp\/v2\/posts\/67165\/revisions"}],"predecessor-version":[{"id":67167,"href":"https:\/\/bihavadis.com\/index.php\/wp-json\/wp\/v2\/posts\/67165\/revisions\/67167"}],"wp:featuredmedia":[{"embeddable":true,"href":"https:\/\/bihavadis.com\/index.php\/wp-json\/wp\/v2\/media\/67166"}],"wp:attachment":[{"href":"https:\/\/bihavadis.com\/index.php\/wp-json\/wp\/v2\/media?parent=67165"}],"wp:term":[{"taxonomy":"category","embeddable":true,"href":"https:\/\/bihavadis.com\/index.php\/wp-json\/wp\/v2\/categories?post=67165"},{"taxonomy":"post_tag","embeddable":true,"href":"https:\/\/bihavadis.com\/index.php\/wp-json\/wp\/v2\/tags?post=67165"}],"curies":[{"name":"wp","href":"https:\/\/api.w.org\/{rel}","templated":true}]}}