{"id":67173,"date":"2026-03-09T05:15:42","date_gmt":"2026-03-09T05:15:42","guid":{"rendered":"https:\/\/bihavadis.com\/?p=67173"},"modified":"2026-03-09T05:15:42","modified_gmt":"2026-03-09T05:15:42","slug":"arikan-gazzenin-kaderi-orada-yasayanlarin-hakkidir","status":"publish","type":"post","link":"https:\/\/bihavadis.com\/index.php\/2026\/03\/09\/arikan-gazzenin-kaderi-orada-yasayanlarin-hakkidir\/","title":{"rendered":"Ar\u0131kan: Gazze&#8217;nin kaderi, orada ya\u015fayanlar\u0131n hakk\u0131d\u0131r"},"content":{"rendered":"<p>Saadet Partisi Genel Ba\u015fkan\u0131 Mahmut Ar\u0131kan, &#8221; Gazze&#8217;nin gelece\u011fi hakk\u0131nda s\u00f6z s\u00f6ylemek garant\u00f6r \u00fclkelerin ya da Trump&#8217;\u0131n de\u011fil, sadece Gazze&#8217;de ya\u015fayan insanlar\u0131n hakk\u0131d\u0131r.&#8221; dedi.<\/p>\n<p>Ar\u0131kan, parti genel merkezinde d\u00fczenlenen &#8220;\u0130l Ba\u015fkanlar\u0131 ve \u0130l M\u00fcfetti\u015fleri Toplant\u0131s\u0131&#8221; \u00f6ncesi yapt\u0131\u011f\u0131 a\u00e7\u0131klamada, T\u00fcrkiye&#8217;nin ya\u015fad\u0131\u011f\u0131 en b\u00fcy\u00fck felaketlerden biri olan 6 \u015eubat depremlerinde hayat\u0131n\u0131 kaybedenlere Allah&#8217;tan rahmet diledi.<\/p>\n<p>D\u00fcn Malatya&#8217;da depremzedelerle bir araya gelerek onlar\u0131n dertlerini, \u015fikayetlerini ve taleplerini dinledi\u011fini belirten Ar\u0131kan, depremin ard\u0131ndan bir\u00e7ok kez ziyaret etti\u011fi b\u00f6lgede bar\u0131nma, \u0131s\u0131nma, elektrik ve su sorununun devam etti\u011fini ileri s\u00fcrd\u00fc.<\/p>\n<p>ABD&#8217;de re\u015fit olmayan k\u0131z \u00e7ocuklar\u0131na y\u00f6nelik cinsel istismar ve fuhu\u015f a\u011f\u0131 kurma su\u00e7lar\u0131yla tutuklu yarg\u0131lan\u0131rken hapishanede \u00f6l\u00fc bulunan milyarder Jeffrey Epstein&#8217;a ili\u015fkin yay\u0131nlanan belgeleri de\u011ferlendiren Ar\u0131kan, s\u00f6z konusu if\u015falar\u0131n &#8220;emperyalist ve siyonist d\u00fczenin kirli \u00e7ama\u015f\u0131rlar\u0131n\u0131&#8221; bir kez daha ortaya d\u00f6kt\u00fc\u011f\u00fcn\u00fc s\u00f6yledi.<\/p>\n<p>Ar\u0131kan, her a\u00e7\u0131klanan belgeden cerahat, kan ve g\u00f6zya\u015f\u0131 s\u0131zd\u0131\u011f\u0131n\u0131 ifade ederek, &#8220;Bizler g\u00f6r\u00fcyoruz ki \u015fantaj, fuhu\u015f, i\u015fkence, tehdit ve istihbarat a\u011flar\u0131yla siyaset ba\u015fta olmak \u00fczere t\u00fcm kurumlar, elitler adeta siyonizmin k\u00f6leleri haline getirilmi\u015f vaziyette. Bu if\u015falar bir skandal de\u011fil, \u00e7\u00fcr\u00fcm\u00fc\u015f bir d\u00fczenin otopsisidir.&#8221; diye konu\u015ftu.<\/p>\n<p>Gazze&#8217;deki ate\u015fkes s\u00fcrecinin ikinci a\u015famas\u0131 kapsam\u0131nda olu\u015fturulan &#8220;Bar\u0131\u015f Kurulu&#8221; ile ilgili de\u011ferlendirmede de bulunan Ar\u0131kan, \u015funlar\u0131 kaydetti: <\/p>\n<p>&#8220;\u0130f\u015falar\u0131 ortaya \u00e7\u0131kt\u0131k\u00e7a Netanyahu&#8217;nun emir erine d\u00f6n\u00fc\u015fen Trump&#8217;\u0131n ba\u015fkanl\u0131k etti\u011fi Bar\u0131\u015f Kurulu&#8217;na ve onun alt\u0131n \u00fcyeliklerine kanamay\u0131z. \u00c7\u00fcnk\u00fc siyonizmle anla\u015fma, emperyalizmle bar\u0131\u015f asla s\u00f6z konusu olamaz. Biz Gazze&#8217;nin kaderinin bu kirli masalarda belirlenmesini 56 y\u0131ld\u0131r reddediyoruz. Gazze&#8217;nin gelece\u011fi hakk\u0131nda s\u00f6z s\u00f6ylemek garant\u00f6r \u00fclkelerin ya da Trump&#8217;\u0131n de\u011fil, sadece Gazze&#8217;de ya\u015fayan insanlar\u0131n hakk\u0131d\u0131r.&#8221;<\/p>\n<p>Ar\u0131kan&#8217;\u0131n a\u00e7\u0131klamalar\u0131n\u0131n ard\u0131ndan &#8220;\u0130l Ba\u015fkanlar\u0131 ve \u0130l M\u00fcfetti\u015fleri Toplant\u0131s\u0131&#8221;, bas\u0131na kapal\u0131 ger\u00e7ekle\u015ftirildi.<\/p>\n","protected":false},"excerpt":{"rendered":"<p>Saadet Partisi Genel Ba\u015fkan\u0131 Mahmut Ar\u0131kan, Gazze&#8217;nin gelece\u011finin sadece orada ya\u015fayanlara ait oldu\u011funu vurgulad\u0131.<\/p>\n","protected":false},"author":1,"featured_media":67174,"comment_status":"open","ping_status":"open","sticky":false,"template":"","format":"standard","meta":{"footnotes":""},"categories":[9,4,13],"tags":[1505],"class_list":["post-67173","post","type-post","status-publish","format-standard","has-post-thumbnail","hentry","category-genel","category-gundem","category-son-dakika","tag-arikan"],"_links":{"self":[{"href":"https:\/\/bihavadis.com\/index.php\/wp-json\/wp\/v2\/posts\/67173","targetHints":{"allow":["GET"]}}],"collection":[{"href":"https:\/\/bihavadis.com\/index.php\/wp-json\/wp\/v2\/posts"}],"about":[{"href":"https:\/\/bihavadis.com\/index.php\/wp-json\/wp\/v2\/types\/post"}],"author":[{"embeddable":true,"href":"https:\/\/bihavadis.com\/index.php\/wp-json\/wp\/v2\/users\/1"}],"replies":[{"embeddable":true,"href":"https:\/\/bihavadis.com\/index.php\/wp-json\/wp\/v2\/comments?post=67173"}],"version-history":[{"count":1,"href":"https:\/\/bihavadis.com\/index.php\/wp-json\/wp\/v2\/posts\/67173\/revisions"}],"predecessor-version":[{"id":67175,"href":"https:\/\/bihavadis.com\/index.php\/wp-json\/wp\/v2\/posts\/67173\/revisions\/67175"}],"wp:featuredmedia":[{"embeddable":true,"href":"https:\/\/bihavadis.com\/index.php\/wp-json\/wp\/v2\/media\/67174"}],"wp:attachment":[{"href":"https:\/\/bihavadis.com\/index.php\/wp-json\/wp\/v2\/media?parent=67173"}],"wp:term":[{"taxonomy":"category","embeddable":true,"href":"https:\/\/bihavadis.com\/index.php\/wp-json\/wp\/v2\/categories?post=67173"},{"taxonomy":"post_tag","embeddable":true,"href":"https:\/\/bihavadis.com\/index.php\/wp-json\/wp\/v2\/tags?post=67173"}],"curies":[{"name":"wp","href":"https:\/\/api.w.org\/{rel}","templated":true}]}}