{"id":67185,"date":"2026-03-09T05:24:07","date_gmt":"2026-03-09T05:24:07","guid":{"rendered":"https:\/\/bihavadis.com\/?p=67185"},"modified":"2026-03-09T05:24:07","modified_gmt":"2026-03-09T05:24:07","slug":"hekim-birligi-baskani-balci-kadinin-gucu-toplumun-gucudur","status":"publish","type":"post","link":"https:\/\/bihavadis.com\/index.php\/2026\/03\/09\/hekim-birligi-baskani-balci-kadinin-gucu-toplumun-gucudur\/","title":{"rendered":"Hekim Birli\u011fi Ba\u015fkan\u0131 Balc\u0131, \u201cKad\u0131n\u0131n G\u00fcc\u00fc Toplumun G\u00fcc\u00fcd\u00fcr\u201d"},"content":{"rendered":"<p>\u201c8 Mart, yaln\u0131zca bir kutlama g\u00fcn\u00fc de\u011fil; eme\u011fin, m\u00fccadelenin ve e\u015fitlik aray\u0131\u015f\u0131n\u0131n sembol\u00fcd\u00fcr\u201d diyen Hekim Birli\u011fi Sendikas\u0131 Genel Ba\u015fkan\u0131 Dr. Hatice \u00c7er\u00e7i Balc\u0131, \u015fu a\u00e7\u0131klamay\u0131 yay\u0131nlad\u0131, \u201cBa\u015fta T\u00fcrk kad\u0131n\u0131 olmak \u00fczere, hayat\u0131n her alan\u0131nda varl\u0131\u011f\u0131yla toplumu g\u00fc\u00e7lendiren t\u00fcm kad\u0131nlar\u0131n 8 Mart D\u00fcnya Kad\u0131nlar G\u00fcn\u00fc\u2019n\u00fc sayg\u0131 ve minnetle selaml\u0131yoruz. T\u00fcrk kad\u0131n\u0131 tarih boyunca sadece ailesinin de\u011fil, toplumun ve devletin de ta\u015f\u0131y\u0131c\u0131 g\u00fcc\u00fc olmu\u015ftur. Kurtulu\u015f m\u00fccadelesinde cephe gerisinde fedak\u00e2rca \u00e7al\u0131\u015fan, Cumhuriyet\u2019in kurulu\u015fuyla birlikte bilimde, sanatta, e\u011fitimde ve sa\u011fl\u0131kta \u00f6nc\u00fc roller \u00fcstlenen kad\u0131nlar\u0131m\u0131z; Mustafa Kemal Atat\u00fcrk\u2019\u00fcn kad\u0131nlara verdi\u011fi de\u011fer ve a\u00e7t\u0131\u011f\u0131 \u00e7a\u011fda\u015fla\u015fma yolunun en g\u00fc\u00e7l\u00fc temsilcileri olarak bug\u00fcn de ayn\u0131 kararl\u0131l\u0131kla \u00fclkemizin gelece\u011fini in\u015fa etmeye devam etmektedir\u201d<\/p>\n<p><b>\u201cT\u00fcrk kad\u0131n hekimleri bu onurlu m\u00fccadelenin en g\u00fc\u00e7l\u00fc temsilcilerindendir\u201d<\/b><\/p>\n<p>\u201cSa\u011fl\u0131k alan\u0131nda g\u00f6rev yapan T\u00fcrk kad\u0131n hekimleri ise bu onurlu m\u00fccadelenin en g\u00fc\u00e7l\u00fc temsilcilerindendir. Gecesini g\u00fcnd\u00fcz\u00fcne katarak insan hayat\u0131n\u0131 korumak i\u00e7in \u00e7al\u0131\u015fan, \u015fefkati ile bilimi birle\u015ftiren, zorluklar kar\u015f\u0131s\u0131nda y\u0131lmadan g\u00f6revini s\u00fcrd\u00fcren kad\u0131n hekimlerimiz; yaln\u0131zca hastalar\u0131na de\u011fil, t\u00fcm topluma umut olmaktad\u0131r. Pandemiden afetlere, en zor zamanlarda dahi g\u00f6revlerinin ba\u015f\u0131nda duran kad\u0131n hekimlerimizin eme\u011fi, \u00f6zverisi ve mesleki onuru hepimiz i\u00e7in b\u00fcy\u00fck bir gurur kayna\u011f\u0131d\u0131r. Bizler Hekim Birli\u011fi olarak biliyoruz ki; sa\u011fl\u0131k sisteminin g\u00fc\u00e7l\u00fc olmas\u0131, hekimlerin g\u00fc\u00e7l\u00fc ve e\u015fit \u015fartlarda \u00e7al\u0131\u015fabilmesiyle m\u00fcmk\u00fcnd\u00fcr. Kad\u0131n hekimlerimizin \u00e7al\u0131\u015fma hayat\u0131nda kar\u015f\u0131la\u015ft\u0131\u011f\u0131 zorluklar\u0131n ortadan kald\u0131r\u0131lmas\u0131, mesleki sayg\u0131nl\u0131klar\u0131n\u0131n korunmas\u0131 ve e\u015fit f\u0131rsatlara sahip olmalar\u0131 i\u00e7in m\u00fccadele etmeye devam edece\u011fiz. Kad\u0131nlar\u0131n eme\u011finin g\u00f6r\u00fcn\u00fcr oldu\u011fu, \u015fiddetin ve ayr\u0131mc\u0131l\u0131\u011f\u0131n olmad\u0131\u011f\u0131, e\u015fitli\u011fin ve adaletin h\u00e2kim oldu\u011fu bir gelecek umuduyla; ba\u015fta fedak\u00e2r T\u00fcrk kad\u0131n hekimleri olmak \u00fczere, hayat\u0131n her alan\u0131nda emek veren t\u00fcm kad\u0131nlar\u0131n 8 Mart D\u00fcnya Kad\u0131nlar G\u00fcn\u00fc\u2019n\u00fc kutluyor, sa\u011fl\u0131k, huzur ve ba\u015far\u0131 dolu bir gelecek diliyorum. Kad\u0131n\u0131n g\u00fcc\u00fc, toplumun g\u00fcc\u00fcd\u00fcr\u201d (BSHA \u2013 Bilim ve Sa\u011fl\u0131k Haber Ajans\u0131)<\/p>\n","protected":false},"excerpt":{"rendered":"<p>Hekim Birli\u011fi Ba\u015fkan\u0131 Balc\u0131, &#8220;Kad\u0131n\u0131n G\u00fcc\u00fc Toplumun G\u00fcc\u00fcd\u00fcr&#8221; dedi.<\/p>\n","protected":false},"author":1,"featured_media":67186,"comment_status":"open","ping_status":"open","sticky":false,"template":"","format":"standard","meta":{"footnotes":""},"categories":[11],"tags":[1488,1614,1007,157,517],"class_list":["post-67185","post","type-post","status-publish","format-standard","has-post-thumbnail","hentry","category-saglik","tag-guclu","tag-kadinlar","tag-mucadele","tag-saglik","tag-turk"],"_links":{"self":[{"href":"https:\/\/bihavadis.com\/index.php\/wp-json\/wp\/v2\/posts\/67185","targetHints":{"allow":["GET"]}}],"collection":[{"href":"https:\/\/bihavadis.com\/index.php\/wp-json\/wp\/v2\/posts"}],"about":[{"href":"https:\/\/bihavadis.com\/index.php\/wp-json\/wp\/v2\/types\/post"}],"author":[{"embeddable":true,"href":"https:\/\/bihavadis.com\/index.php\/wp-json\/wp\/v2\/users\/1"}],"replies":[{"embeddable":true,"href":"https:\/\/bihavadis.com\/index.php\/wp-json\/wp\/v2\/comments?post=67185"}],"version-history":[{"count":1,"href":"https:\/\/bihavadis.com\/index.php\/wp-json\/wp\/v2\/posts\/67185\/revisions"}],"predecessor-version":[{"id":67187,"href":"https:\/\/bihavadis.com\/index.php\/wp-json\/wp\/v2\/posts\/67185\/revisions\/67187"}],"wp:featuredmedia":[{"embeddable":true,"href":"https:\/\/bihavadis.com\/index.php\/wp-json\/wp\/v2\/media\/67186"}],"wp:attachment":[{"href":"https:\/\/bihavadis.com\/index.php\/wp-json\/wp\/v2\/media?parent=67185"}],"wp:term":[{"taxonomy":"category","embeddable":true,"href":"https:\/\/bihavadis.com\/index.php\/wp-json\/wp\/v2\/categories?post=67185"},{"taxonomy":"post_tag","embeddable":true,"href":"https:\/\/bihavadis.com\/index.php\/wp-json\/wp\/v2\/tags?post=67185"}],"curies":[{"name":"wp","href":"https:\/\/api.w.org\/{rel}","templated":true}]}}