{"id":67196,"date":"2026-03-09T05:33:07","date_gmt":"2026-03-09T05:33:07","guid":{"rendered":"https:\/\/bihavadis.com\/?p=67196"},"modified":"2026-03-09T05:33:07","modified_gmt":"2026-03-09T05:33:07","slug":"birlik-saglik-sen-kadin-kollarindan-8-mart-aciklamasi","status":"publish","type":"post","link":"https:\/\/bihavadis.com\/index.php\/2026\/03\/09\/birlik-saglik-sen-kadin-kollarindan-8-mart-aciklamasi\/","title":{"rendered":"Birlik Sa\u011fl\u0131k Sen Kad\u0131n Kollar\u0131ndan 8 Mart A\u00e7\u0131klamas\u0131"},"content":{"rendered":"<p>Birlik Sa\u011fl\u0131k Sen Kad\u0131n Komisyonu Ba\u015fkan\u0131 Hem\u015fire Sultan Erdo\u011fan\u00a08 Mart D\u00fcnya Kad\u0131nlar g\u00fcn\u00fc ile ilgili a\u00e7\u0131klama yapt\u0131.<\/p>\n<p>\u00c7ok g\u00fczelsin be kad\u0131n, \u00e7ok g\u00fc\u00e7l\u00fcs\u00fcn. Biliyorum \u00e7okta yorgunsun ama. Sen annesin, yuvas\u0131n, a\u015fks\u0131n, kutsals\u0131n. Sen bunu da atlat\u0131rs\u0131n. Hep g\u00fcl\u00fcmse, \u00e7\u00fcnk\u00fc, sen bunu hakkediyorsun. 1857 y\u0131l\u0131nda ABD\u2019nin New York kentinde daha iyi \u00e7al\u0131\u015fma ko\u015fullar\u0131 talep eden tekstil i\u015f\u00e7isi kad\u0131nlar\u0131n \u00e7\u0131kan yang\u0131nda hatlar\u0131n\u0131 kaybetmeleriyle simgele\u015fen, kad\u0131nlar\u0131n e\u015fitlik, \u00f6zg\u00fcrl\u00fck ve insanca ya\u015fam m\u00fccadelesinin simgesi olan 8 Mart D\u00fcnya Emek\u00e7i Kad\u0131nlar G\u00fcn\u00fc, kad\u0131nlar\u0131n haklar\u0131n\u0131, kar\u015f\u0131 kar\u015f\u0131ya kald\u0131klar\u0131 sorunlar\u0131 ve \u00e7\u00f6z\u00fcm yollar\u0131n\u0131 g\u00fc\u00e7l\u00fc bir \u015fekilde dile getirme g\u00fcn\u00fcd\u00fcr. T\u00fcrk kad\u0131n\u0131, tarih boyunca toplumsal ya\u015fam\u0131n her alan\u0131nda \u00f6nemli sorumluluklar \u00fcstlenmi\u015f. \u00a0T\u00fcrkiye\u00a0Cumhuriyetinin kurulmas\u0131yla birlikte pek \u00e7ok d\u00fcnya \u00fclkesinde kad\u0131nlar ikinci s\u0131n\u0131f insan muamelesi g\u00f6r\u00fcrken,Cumhuriyetimizin kurucusu Gazi\u00a0Mustafa Kemal Atat\u00fcrk, T\u00fcrk kad\u0131n\u0131na 1926-1934 y\u0131llar\u0131 aras\u0131nda medeni ve siyasi haklar tan\u0131yarak Avrupa\u2019n\u0131n pek \u00e7ok \u00fclkesinden \u00f6nce e\u015fit yurtta\u015fl\u0131k sa\u011flam\u0131\u015f, 1926\u2019da Medeni Kanun ile evlenme, bo\u015fanma ve miras hakk\u0131n\u0131, 1930-1934\u2019te se\u00e7me-se\u00e7ilme haklar\u0131 ile kad\u0131nlar her t\u00fcrl\u00fc se\u00e7me ve se\u00e7ilme hakk\u0131 kazanarak sosyal, ekonomik ve\u00a0siyasi hayat\u0131n merkezine yerle\u015fmi\u015ftir.<\/p>\n<p><b>Kad\u0131nlar sosyal ve i\u015f hayat\u0131nda yeterince temsil edilemiyor<\/b><\/p>\n<p>\u201cNitekim, Cumhuriyetimizin ilk y\u0131llar\u0131nda olmas\u0131 gereken her t\u00fcrl\u00fc hakk\u0131 elde ederek, demokrasi tarihinde \u00f6nemli bir yere sahip olan kad\u0131nlar\u0131m\u0131z\u0131n bug\u00fcn geldi\u011fi nokta, kad\u0131nlar\u0131m\u0131z\u0131n sosyal hayattaki ve \u00e7al\u0131\u015fma hayat\u0131ndaki konumunun, d\u00fcnya \u00f6l\u00e7e\u011fiyle k\u0131yasland\u0131\u011f\u0131nda arzu edilen seviyenin gerisinde kald\u0131\u011f\u0131 a\u00e7\u0131k\u00e7a g\u00f6r\u00fclmektedir. Kad\u0131nlar\u0131n elde etti\u011fi bu tarih\u00ee kazan\u0131mlar\u0131n korunmas\u0131 ve daha ileriye ta\u015f\u0131nmas\u0131 gerekirken, ne yaz\u0131k ki g\u00fcn\u00fcm\u00fczde kad\u0131nlar\u0131n sosyal hayatta ve i\u015f hayat\u0131nda yeterince temsil edilmedi\u011fi, karar alma mekanizmalar\u0131nda geri planda kald\u0131\u011f\u0131 bir tabloyla kar\u015f\u0131 kar\u015f\u0131yay\u0131z. Bu durum, toplumun yar\u0131s\u0131n\u0131 olu\u015fturan kad\u0131nlar\u0131n potansiyelinin yeterince de\u011ferlendirilememesi anlam\u0131na gelmektedir. Kad\u0131nlar bir yandan \u00e7al\u0131\u015fma hayat\u0131nda var olma m\u00fccadelesi verirken, di\u011fer yandan toplumun en temel yap\u0131 ta\u015f\u0131 olan annelik sorumlulu\u011funu da b\u00fcy\u00fck bir fedak\u00e2rl\u0131kla yerine getirmektedir. Buna ra\u011fmen kad\u0131nlar\u0131n \u00e7al\u0131\u015fma hayat\u0131nda kar\u015f\u0131la\u015ft\u0131klar\u0131 zorluklar, f\u0131rsat e\u015fitsizlikleri ve kariyer s\u00fcre\u00e7lerinde ya\u015fad\u0131klar\u0131 engeller h\u00e2l\u00e2 \u00f6nemli bir sorun olarak varl\u0131\u011f\u0131n\u0131 s\u00fcrd\u00fcrmektedir. Annelik rol\u00fc nedeniyle i\u015f hayat\u0131nda geri planda b\u0131rak\u0131lmalar\u0131, yeterli sosyal destek mekanizmalar\u0131n\u0131n bulunmamas\u0131 ve \u00e7al\u0131\u015fma ko\u015fullar\u0131n\u0131n kad\u0131nlar\u0131n ihtiya\u00e7lar\u0131n\u0131 g\u00f6zetmemesi, kad\u0131nlar\u0131n hem sosyal hem de ekonomik hayatta hak ettikleri konuma ula\u015fmas\u0131n\u0131 zorla\u015ft\u0131rmaktad\u0131r\u201d<\/p>\n<p><b>Kad\u0131na y\u00f6nelik \u015fiddet<\/b><\/p>\n<p>\u201c\u00d6te yandan kad\u0131na y\u00f6nelik \u015fiddet, \u00fclkemizin en acil ve en yak\u0131c\u0131 toplumsal sorunlar\u0131ndan biri olmaya devam etmektedir. Mevcut d\u00fczenlemelerin ve uygulamalar\u0131n bu sorunu \u00f6nlemede yeterli olmad\u0131\u011f\u0131 art\u0131k \u00e7ok net bir \u015fekilde g\u00f6r\u00fclmektedir. Kad\u0131nlar\u0131n ya\u015fam hakk\u0131n\u0131 koruyacak, cayd\u0131r\u0131c\u0131l\u0131\u011f\u0131 g\u00fc\u00e7l\u00fc ve etkin bi\u00e7imde uygulanabilecek yeni yasal d\u00fczenlemelere ve politikalar\u0131n kararl\u0131l\u0131kla hayata ge\u00e7irilmesine ihtiya\u00e7 vard\u0131r. Son g\u00fcnlerde ya\u015fanan ve toplum vicdan\u0131n\u0131 derinden yaralayan biyoloji \u00f6\u011fretmeni Fatma Nur \u00c7elik\u2019in katledilmesi, ne yaz\u0131k ki tekil bir olay de\u011fildir. Bu ac\u0131 olay, kad\u0131na y\u00f6nelik \u015fiddetin \u00f6nlenmesinde ya\u015fanan eksikliklerin, yetersiz d\u00fczenlemelerin ve \u00e7\u00f6z\u00fcms\u00fczl\u00fc\u011f\u00fcn bir sonucu olarak kar\u015f\u0131m\u0131za \u00e7\u0131kmaktad\u0131r. Bu t\u00fcr ac\u0131lar\u0131n tekrar ya\u015fanmamas\u0131 i\u00e7in sadece k\u0131namak yetmez; kal\u0131c\u0131 ve etkili ad\u0131mlar\u0131n at\u0131lmas\u0131 zorunludur. Bizler Birlik Sa\u011fl\u0131k-Sen olarak; kad\u0131nlar\u0131n g\u00fcven i\u00e7inde ya\u015fayabildi\u011fi, e\u015fit f\u0131rsatlara sahip oldu\u011fu, sosyal ve \u00e7al\u0131\u015fma hayat\u0131nda hak etti\u011fi yeri ald\u0131\u011f\u0131 bir T\u00fcrkiye\u2019nin m\u00fcmk\u00fcn oldu\u011funa inan\u0131yoruz. Kad\u0131na y\u00f6nelik \u015fiddetin sona erdirilmesi, kad\u0131nlar\u0131n kazan\u0131lm\u0131\u015f haklar\u0131n\u0131n korunmas\u0131 ve g\u00fc\u00e7lendirilmesi i\u00e7in t\u00fcm kurumlar\u0131 ve toplumun b\u00fct\u00fcn kesimlerini sorumluluk almaya davet ediyoruz. Unutulmamal\u0131d\u0131r ki kad\u0131nlar\u0131n g\u00fc\u00e7l\u00fc olmad\u0131\u011f\u0131 bir toplumun g\u00fc\u00e7l\u00fc olmas\u0131 m\u00fcmk\u00fcn de\u011fildir. Kad\u0131n\u0131n eme\u011finin, anneli\u011finin, onurunun ve ya\u015fam hakk\u0131n\u0131n korunmas\u0131; adil, e\u015fit ve demokratik bir toplumun temel \u015fart\u0131d\u0131r. Bu vesileyle, ba\u015fta hayat\u0131n\u0131 kaybeden kad\u0131nlar\u0131m\u0131z\u0131 sayg\u0131 ve rahmetle an\u0131yor; t\u00fcm kad\u0131nlar\u0131n 8 Mart D\u00fcnya Emek\u00e7i Kad\u0131nlar G\u00fcn\u00fc\u2019n\u00fc dayan\u0131\u015fma ve m\u00fccadele ruhuyla selaml\u0131yoruz\u201d (BSHA \u2013 Bilim ve Sa\u011fl\u0131k Haber Ajans\u0131)<\/p>\n<div>Ba\u015fkan Sultan Erdo\u011fan<\/div>\n<div>TENNURE \u00c7ANKAYA<br \/> Ayl\u0131n I\u015eIK<br \/> Alev \u015eAH\u0130N<br \/> \u015eule \u015eAH\u0130N<\/div>\n<div>\u00c7\u0130\u011eDEM B\u00dcY\u00dcKTOP\u00c7U<\/div>\n","protected":false},"excerpt":{"rendered":"<p>Birlik Sa\u011fl\u0131k Sen Kad\u0131n Komisyonu Ba\u015fkan\u0131 Hem\u015fire Sultan Erdo\u011fan\u00a08 Mart D\u00fcnya Kad\u0131nlar g\u00fcn\u00fc ile ilgili a\u00e7\u0131klama yapt\u0131.\u00a0<\/p>\n","protected":false},"author":1,"featured_media":67197,"comment_status":"open","ping_status":"open","sticky":false,"template":"","format":"standard","meta":{"footnotes":""},"categories":[11],"tags":[1693,5531,380,172,295],"class_list":["post-67196","post","type-post","status-publish","format-standard","has-post-thumbnail","hentry","category-saglik","tag-hak","tag-hayatin","tag-kadin","tag-sosyal","tag-tur"],"_links":{"self":[{"href":"https:\/\/bihavadis.com\/index.php\/wp-json\/wp\/v2\/posts\/67196","targetHints":{"allow":["GET"]}}],"collection":[{"href":"https:\/\/bihavadis.com\/index.php\/wp-json\/wp\/v2\/posts"}],"about":[{"href":"https:\/\/bihavadis.com\/index.php\/wp-json\/wp\/v2\/types\/post"}],"author":[{"embeddable":true,"href":"https:\/\/bihavadis.com\/index.php\/wp-json\/wp\/v2\/users\/1"}],"replies":[{"embeddable":true,"href":"https:\/\/bihavadis.com\/index.php\/wp-json\/wp\/v2\/comments?post=67196"}],"version-history":[{"count":1,"href":"https:\/\/bihavadis.com\/index.php\/wp-json\/wp\/v2\/posts\/67196\/revisions"}],"predecessor-version":[{"id":67198,"href":"https:\/\/bihavadis.com\/index.php\/wp-json\/wp\/v2\/posts\/67196\/revisions\/67198"}],"wp:featuredmedia":[{"embeddable":true,"href":"https:\/\/bihavadis.com\/index.php\/wp-json\/wp\/v2\/media\/67197"}],"wp:attachment":[{"href":"https:\/\/bihavadis.com\/index.php\/wp-json\/wp\/v2\/media?parent=67196"}],"wp:term":[{"taxonomy":"category","embeddable":true,"href":"https:\/\/bihavadis.com\/index.php\/wp-json\/wp\/v2\/categories?post=67196"},{"taxonomy":"post_tag","embeddable":true,"href":"https:\/\/bihavadis.com\/index.php\/wp-json\/wp\/v2\/tags?post=67196"}],"curies":[{"name":"wp","href":"https:\/\/api.w.org\/{rel}","templated":true}]}}