{"id":67199,"date":"2026-03-09T05:36:08","date_gmt":"2026-03-09T05:36:08","guid":{"rendered":"https:\/\/bihavadis.com\/?p=67199"},"modified":"2026-03-09T05:36:08","modified_gmt":"2026-03-09T05:36:08","slug":"mesud-pezeskiyan-muzakereleri-ne-savas-ne-de-baris-ilkesi-ile-yonetmeye-calistik","status":"publish","type":"post","link":"https:\/\/bihavadis.com\/index.php\/2026\/03\/09\/mesud-pezeskiyan-muzakereleri-ne-savas-ne-de-baris-ilkesi-ile-yonetmeye-calistik\/","title":{"rendered":"Mesud Peze\u015fkiyan: M\u00fczakereleri &#8216;ne sava\u015f ne de bar\u0131\u015f&#8217; ilkesi ile y\u00f6netmeye \u00e7al\u0131\u015ft\u0131k"},"content":{"rendered":"<p>ABD-\u0130ran gerilimi&#8230;<\/p>\n<p>\u0130ki \u00fclke aras\u0131ndaki n\u00fckleer anla\u015fmazl\u0131\u011f\u0131 di\u011fer Orta Do\u011fu \u00fclkelerini de tehlikeye atarken g\u00f6zler m\u00fczakerelerin \u00fc\u00e7\u00fcnc\u00fc turuna \u00e7evrildi.\u00a0<\/p>\n<p>\u0130ki \u00fclkenin heyetleri yar\u0131n Cenevre&#8217;de bir araya gelecek.\u00a0<\/p>\n<p>\u0130ran resmi haber ajans\u0131 IRNA&#8217;ya g\u00f6re, Mazenderan eyaletinde kat\u0131ld\u0131\u011f\u0131 bir programda konu\u015fan Cumhurba\u015fkan\u0131 Mesud Peze\u015fkiyan, ABD ile yar\u0131n \u0130svi\u00e7re&#8217;nin Cenevre kentinde devam edecek n\u00fckleer g\u00f6r\u00fc\u015fmelere ili\u015fkin de\u011ferlendirmelerde bulundu.<\/p>\n<p><strong>&#8220;NE SAVA\u015e NE DE BARI\u015e&#8221;<\/strong><\/p>\n<p>Peze\u015fkiyan, <em><b>&#8220;Bu s\u00fcre\u00e7 yar\u0131n Cenevre&#8217;de D\u0131\u015fi\u015fleri Bakan\u0131&#8217;n\u0131n (Abbas Erak\u00e7i) kat\u0131l\u0131m\u0131yla devam edecek. <\/b><\/em><em><b>H\u00fck\u00fcmet olarak, Devrim Rehberi&#8217;nin (Hamaney) y\u00f6nlendirmesi ve talimatlar\u0131 do\u011frultusunda m\u00fczakere s\u00fcrecini y\u00f6nlendirmeye ve &#8216;ne sava\u015f ne de bar\u0131\u015f&#8217; \u015feklindeki y\u0131prat\u0131c\u0131 durumun \u00fcstesinden gelecek \u015fekilde y\u00f6netmeye \u00e7al\u0131\u015ft\u0131k.&#8221; <\/b><\/em>ifadelerini kulland\u0131.<\/p>\n<p><img decoding=\"async\" src=\"https:\/\/bihavadis.com\/wp-content\/uploads\/2026\/03\/mesud-pezeskiyan-muzakereleri-ne-savas-ne-de-baris-ilkesi-ile-yonetmeye-calistik-0-QAPe5VvJ.jpg\"\/><\/p>\n<p><strong>&#8220;OLUMLU SONU\u00c7LANIRSA KALKINMA S\u00dcREC\u0130NE YANSIR&#8221;<\/strong><\/p>\n<p>M\u00fczakerelerin iyi bir gelecek vadetti\u011fini s\u00f6yleyen Peze\u015fkiyan, <em><b>&#8220;M\u00fczakere s\u00fcreci istenen sonucu verirse, \u00f6n\u00fcm\u00fczdeki engelleri kald\u0131rmak ve \u00fclkenin kalk\u0131nma s\u00fcrecini daha h\u0131zl\u0131 ve kolay bir \u015fekilde ilerletmek \u015f\u00fcphesiz m\u00fcmk\u00fcn olacakt\u0131r.&#8221; <\/b><\/em>dedi.<\/p>\n<p>Peze\u015fkiyan, kom\u015fu \u00fclkelerle ili\u015fkilerin \u00f6nemli \u00f6l\u00e7\u00fcde geli\u015fti\u011fini ve bunu daha da g\u00fc\u00e7lendirmeye kararl\u0131 olduklar\u0131n\u0131 da s\u00f6zlerine ekledi.<\/p>\n<p><strong>M\u00dcZAKERE S\u00dcREC\u0130<\/strong><\/p>\n<p>\u0130srail ve ABD&#8217;nin Haziran 2025&#8217;te \u0130ran&#8217;a y\u00f6nelik sald\u0131r\u0131lar\u0131yla kesintiye u\u011frayan \u0130ran-ABD aras\u0131ndaki n\u00fckleer m\u00fczakereler, ba\u015fta T\u00fcrkiye olmak \u00fczere b\u00f6lge \u00fclkelerinin giri\u015fimleri ve Umman&#8217;\u0131n arabuluculu\u011funda yeniden canland\u0131r\u0131lm\u0131\u015ft\u0131.<\/p>\n<p>ABD&#8217;nin sald\u0131r\u0131 tehditleri ve devasa askeri y\u0131\u011f\u0131na\u011f\u0131 devam ederken taraflar, 6 \u015eubat&#8217;ta Umman&#8217;da dolayl\u0131 m\u00fczakereler i\u00e7in bir araya gelmi\u015f ve temaslar\u0131n s\u00fcrd\u00fcr\u00fclmesi konusunda mutabakata varm\u0131\u015ft\u0131.<\/p>\n<p>Daha sonra g\u00f6r\u00fc\u015fmeler 17 \u015eubat&#8217;ta Cenevre&#8217;de devam etmi\u015fti.<\/p>\n<p><img decoding=\"async\" src=\"https:\/\/bihavadis.com\/wp-content\/uploads\/2026\/03\/mesud-pezeskiyan-muzakereleri-ne-savas-ne-de-baris-ilkesi-ile-yonetmeye-calistik-1-SCmB2D2M.jpg\"\/><\/p>\n<p><strong>\u00dc\u00c7\u00dcNC\u00dc TUR YARIN <\/strong><\/p>\n<p>Taraflar g\u00f6r\u00fc\u015fmelerde ilerleme kaydedildi\u011fini bildirmi\u015f ve daha sonra Cenevre&#8217;de 26 \u015eubat&#8217;ta yeniden bir araya gelinmesi konusunda anla\u015fm\u0131\u015ft\u0131.<\/p>\n<p>\u0130ran, n\u00fckleer program\u0131n\u0131 atom bombas\u0131 \u00fcretimini engelleyecek s\u0131n\u0131rlamalar \u00e7er\u00e7evesinde s\u00fcrd\u00fcrme kar\u015f\u0131l\u0131\u011f\u0131nda yapt\u0131r\u0131mlar\u0131n kald\u0131r\u0131lmas\u0131n\u0131 talep ediyor.<\/p>\n<p>ABD ise Tahran&#8217;\u0131n uranyum zenginle\u015ftirme faaliyetlerini tamamen durdurmas\u0131n\u0131 ve elindeki y\u00fcksek d\u00fczeyli zenginle\u015ftirilmi\u015f uranyum stokunun \u00fclke d\u0131\u015f\u0131na \u00e7\u0131kar\u0131lmas\u0131n\u0131 istiyor.<\/p>\n<p>M\u00fczakerelerde, zenginle\u015ftirme oran\u0131n\u0131n hangi seviyede s\u0131n\u0131rland\u0131r\u0131laca\u011f\u0131, y\u00fczde 60 d\u00fczeyinde zenginle\u015ftirilmi\u015f yakla\u015f\u0131k 440 kilogram uranyum stokunun durumu ve yapt\u0131r\u0131mlar\u0131n kald\u0131r\u0131lma takvimi ve do\u011frulama mekanizmalar\u0131 ele al\u0131n\u0131yor.<\/p>\n<div> <span><strong>Kaynak:<\/strong> Anadolu Ajans\u0131 (AA)<\/span> <\/div>\n","protected":false},"excerpt":{"rendered":"<p>ABD-\u0130ran gerilimi&#8230; \u0130ki \u00fclke aras\u0131ndaki n\u00fckleer anla\u015fmazl\u0131\u011f\u0131 di\u011fer Orta Do\u011fu \u00fclkelerini de tehlikeye atarken g\u00f6zler m\u00fczakerelerin \u00fc\u00e7\u00fcnc\u00fc turuna \u00e7evrildi.\u00a0 \u0130ki \u00fclkenin heyetleri yar\u0131n Cenevre&#8217;de bir araya gelecek.\u00a0 \u0130ran resmi haber ajans\u0131 IRNA&#8217;ya &#8230;<\/p>\n","protected":false},"author":1,"featured_media":67200,"comment_status":"open","ping_status":"open","sticky":false,"template":"","format":"standard","meta":{"footnotes":""},"categories":[6],"tags":[272,7605,2597,2036,700],"class_list":["post-67199","post","type-post","status-publish","format-standard","has-post-thumbnail","hentry","category-dunya","tag-abd","tag-cenevre","tag-muzakere","tag-sureci","tag-ulke"],"_links":{"self":[{"href":"https:\/\/bihavadis.com\/index.php\/wp-json\/wp\/v2\/posts\/67199","targetHints":{"allow":["GET"]}}],"collection":[{"href":"https:\/\/bihavadis.com\/index.php\/wp-json\/wp\/v2\/posts"}],"about":[{"href":"https:\/\/bihavadis.com\/index.php\/wp-json\/wp\/v2\/types\/post"}],"author":[{"embeddable":true,"href":"https:\/\/bihavadis.com\/index.php\/wp-json\/wp\/v2\/users\/1"}],"replies":[{"embeddable":true,"href":"https:\/\/bihavadis.com\/index.php\/wp-json\/wp\/v2\/comments?post=67199"}],"version-history":[{"count":1,"href":"https:\/\/bihavadis.com\/index.php\/wp-json\/wp\/v2\/posts\/67199\/revisions"}],"predecessor-version":[{"id":67203,"href":"https:\/\/bihavadis.com\/index.php\/wp-json\/wp\/v2\/posts\/67199\/revisions\/67203"}],"wp:featuredmedia":[{"embeddable":true,"href":"https:\/\/bihavadis.com\/index.php\/wp-json\/wp\/v2\/media\/67200"}],"wp:attachment":[{"href":"https:\/\/bihavadis.com\/index.php\/wp-json\/wp\/v2\/media?parent=67199"}],"wp:term":[{"taxonomy":"category","embeddable":true,"href":"https:\/\/bihavadis.com\/index.php\/wp-json\/wp\/v2\/categories?post=67199"},{"taxonomy":"post_tag","embeddable":true,"href":"https:\/\/bihavadis.com\/index.php\/wp-json\/wp\/v2\/tags?post=67199"}],"curies":[{"name":"wp","href":"https:\/\/api.w.org\/{rel}","templated":true}]}}