{"id":67207,"date":"2026-03-09T05:42:05","date_gmt":"2026-03-09T05:42:05","guid":{"rendered":"https:\/\/bihavadis.com\/?p=67207"},"modified":"2026-03-09T05:42:05","modified_gmt":"2026-03-09T05:42:05","slug":"belcikada-yedek-askerlik-icin-yas-sinirina-duzenleme-getirildi","status":"publish","type":"post","link":"https:\/\/bihavadis.com\/index.php\/2026\/03\/09\/belcikada-yedek-askerlik-icin-yas-sinirina-duzenleme-getirildi\/","title":{"rendered":"Bel\u00e7ika&#8217;da yedek askerlik i\u00e7in ya\u015f s\u0131n\u0131r\u0131na d\u00fczenleme getirildi"},"content":{"rendered":"<p>Bel\u00e7ika&#8217;da dikkat \u00e7eken karar..<\/p>\n<p>Flamanca yay\u0131n yapan HLN&#8217;nin haberine g\u00f6re, karar, Bel\u00e7ika Meclisi&#8217;nin Savunma Komitesi&#8217;nde al\u0131nd\u0131.<\/p>\n<p>Buna g\u00f6re, yedek askeri personel i\u00e7in belirlenen azami ya\u015f s\u0131n\u0131r\u0131 67 olarak d\u00fczenlendi.<\/p>\n<p><strong>YASAL EMEKL\u0130L\u0130K YA\u015eIYLA UYUMLU OLDU<\/strong><\/p>\n<p>Kararla ya\u015f s\u0131n\u0131r\u0131, 2030\u2019dan itibaren y\u00fcr\u00fcrl\u00fc\u011fe girecek yasal emeklilik ya\u015f\u0131yla uyumlu hale getirildi.<\/p>\n<p>Mevcut mevzuata g\u00f6re g\u00f6n\u00fcll\u00fc yedek asker adaylar\u0131n\u0131n 34 ya\u015f\u0131ndan b\u00fcy\u00fck olmamas\u0131, yedek subay adaylar\u0131n\u0131n ise 51 ya\u015f\u0131n\u0131 ge\u00e7memesi gerekiyor.<\/p>\n<p>Yetkililer, mevcut ya\u015f s\u0131n\u0131rlar\u0131n\u0131n sisteme yeni aday giri\u015fini s\u0131n\u0131rlad\u0131\u011f\u0131n\u0131 belirterek, d\u00fczenleme ile aday havuzunun geni\u015fletilmesinin hedeflendi\u011fini ifade etti.<\/p>\n<p><strong>&#8220;G\u00dc\u00c7L\u00dc B\u0130R YEDEK KUVVET L\u00dcKS DE\u011e\u0130L, ZORUNLULUKTUR&#8221;<\/strong><\/p>\n<p>Bel\u00e7ika Savunma Bakan\u0131 Theo Francken, d\u00fczenlemeyi memnuniyetle kar\u015f\u0131lad\u0131\u011f\u0131n\u0131 belirterek, <em><b>&#8220;Mevcut g\u00fcvenlik ortam\u0131nda g\u00fc\u00e7l\u00fc ve konu\u015fland\u0131r\u0131labilir yedek kuvvet bir l\u00fcks de\u011fil, zorunluluktur. Yedek askerler, hem \u00fclke topraklar\u0131n\u0131n korunmas\u0131nda hem de aktif kadronun desteklenmesinde kritik rol oynuyor.&#8221;<\/b><\/em> dedi.<\/p>\n<p>Francken, d\u00fczenleme sayesinde motive ve yetkin ki\u015filerin g\u00fcvenli\u011fe daha uzun s\u00fcre katk\u0131 sunmas\u0131n\u0131n m\u00fcmk\u00fcn olaca\u011f\u0131n\u0131 vurgulad\u0131.<\/p>\n<p><strong>149 B\u0130N GENC\u0130 ASKERE \u00c7A\u011eIRMI\u015eTI<\/strong><\/p>\n<p>Bakan Francken, daha \u00f6nce de 17 ya\u015f\u0131ndaki 149 bin gence mektup g\u00f6ndererek g\u00f6n\u00fcll\u00fc askeri hizmet verme \u00e7a\u011fr\u0131s\u0131nda bulunmu\u015ftu.<\/p>\n<p><img decoding=\"async\" src=\"https:\/\/bihavadis.com\/wp-content\/uploads\/2026\/03\/belcikada-yedek-askerlik-icin-yas-sinirina-duzenleme-getirildi-0-XMb992rs.jpg\"\/> <\/p>\n<div> <span><strong>Kaynak:<\/strong> Anadolu Ajans\u0131 (AA)<\/span> <\/div>\n","protected":false},"excerpt":{"rendered":"<p>Bel\u00e7ika&#8217;da dikkat \u00e7eken karar.. Flamanca yay\u0131n yapan HLN&#8217;nin haberine g\u00f6re, karar, Bel\u00e7ika Meclisi&#8217;nin Savunma Komitesi&#8217;nde al\u0131nd\u0131. Buna g\u00f6re, yedek askeri personel i\u00e7in belirlenen azami ya\u015f s\u0131n\u0131r\u0131 67 olarak d\u00fczenlendi. YASAL EMEKL\u0130L\u0130K YA\u015eIYLA UYUMLU &#8230;<\/p>\n","protected":false},"author":1,"featured_media":67208,"comment_status":"open","ping_status":"open","sticky":false,"template":"","format":"standard","meta":{"footnotes":""},"categories":[6],"tags":[3264,379,6945],"class_list":["post-67207","post","type-post","status-publish","format-standard","has-post-thumbnail","hentry","category-dunya","tag-asker","tag-yas","tag-yedek"],"_links":{"self":[{"href":"https:\/\/bihavadis.com\/index.php\/wp-json\/wp\/v2\/posts\/67207","targetHints":{"allow":["GET"]}}],"collection":[{"href":"https:\/\/bihavadis.com\/index.php\/wp-json\/wp\/v2\/posts"}],"about":[{"href":"https:\/\/bihavadis.com\/index.php\/wp-json\/wp\/v2\/types\/post"}],"author":[{"embeddable":true,"href":"https:\/\/bihavadis.com\/index.php\/wp-json\/wp\/v2\/users\/1"}],"replies":[{"embeddable":true,"href":"https:\/\/bihavadis.com\/index.php\/wp-json\/wp\/v2\/comments?post=67207"}],"version-history":[{"count":1,"href":"https:\/\/bihavadis.com\/index.php\/wp-json\/wp\/v2\/posts\/67207\/revisions"}],"predecessor-version":[{"id":67210,"href":"https:\/\/bihavadis.com\/index.php\/wp-json\/wp\/v2\/posts\/67207\/revisions\/67210"}],"wp:featuredmedia":[{"embeddable":true,"href":"https:\/\/bihavadis.com\/index.php\/wp-json\/wp\/v2\/media\/67208"}],"wp:attachment":[{"href":"https:\/\/bihavadis.com\/index.php\/wp-json\/wp\/v2\/media?parent=67207"}],"wp:term":[{"taxonomy":"category","embeddable":true,"href":"https:\/\/bihavadis.com\/index.php\/wp-json\/wp\/v2\/categories?post=67207"},{"taxonomy":"post_tag","embeddable":true,"href":"https:\/\/bihavadis.com\/index.php\/wp-json\/wp\/v2\/tags?post=67207"}],"curies":[{"name":"wp","href":"https:\/\/api.w.org\/{rel}","templated":true}]}}