{"id":67214,"date":"2026-03-09T05:48:07","date_gmt":"2026-03-09T05:48:07","guid":{"rendered":"https:\/\/bihavadis.com\/?p=67214"},"modified":"2026-03-09T05:48:07","modified_gmt":"2026-03-09T05:48:07","slug":"thorsten-fink-son-16ya-kalmak-istiyoruz","status":"publish","type":"post","link":"https:\/\/bihavadis.com\/index.php\/2026\/03\/09\/thorsten-fink-son-16ya-kalmak-istiyoruz\/","title":{"rendered":"Thorsten Fink: Son 16&#8217;ya kalmak istiyoruz"},"content":{"rendered":"<p>Samsunspor Teknik Direkt\u00f6r\u00fc Thorsten Fink, UEFA Konferans Ligi son 16 play-off turu r\u00f6van\u015f\u0131nda yar\u0131n Shkendija tak\u0131m\u0131yla sahalar\u0131nda oynayacaklar\u0131 ma\u00e7\u0131 kesinlikle kazanmalar\u0131 gerekti\u011fini s\u00f6yledi.<\/p>\n<p>Fink ile golc\u00fc futbolcu Cherif Ndiaye ma\u00e7\u0131n oynayaca\u011f\u0131 Samsun Yeni 19 May\u0131s Stad\u0131&#8217;ndaki bas\u0131n toplant\u0131s\u0131nda, kesinlikle kazanmak istediklerini dile getirdi.<\/p>\n<p><strong>&#8220;MA\u00c7I D\u00d6RT G\u00d6ZLE BEKL\u0130YORUM&#8221;<\/strong><\/p>\n<p>Shkendija ma\u00e7\u0131yla Samusun&#8217;da ilk defa kar\u015f\u0131lamaya \u00e7\u0131kaca\u011f\u0131n\u0131 anlatan Fink,<em><b> &#8220;\u0130lk defa kendi evimde bir kar\u015f\u0131la\u015fmaya \u00e7\u0131kaca\u011f\u0131m. Ma\u00e7\u0131 d\u00f6rt g\u00f6zle bekliyorum. Son 16\u2019ya kalmak tarihi ba\u015far\u0131 olacakt\u0131r. K\u0131sa zaman oldu ben buraya geleli. Tak\u0131ma biraz enerji getirdi\u011fimi d\u00fc\u015f\u00fcn\u00fcyorum. \u0130lk ma\u00e7ta bunu \u00e7ok iyi ba\u015fard\u0131k. Yar\u0131nki kar\u015f\u0131la\u015fmay\u0131 kesinlikle kazanmam\u0131z gerekiyor. Yar\u0131nki kar\u015f\u0131la\u015fmada oynayabilecek farkl\u0131 oyuncular olabilir. 2 forvet olabilir. Kontra ataklarda ve ge\u00e7i\u015flerde de iyi oynamak istiyoruz. Sadece kontra oynayan bir tak\u0131m de\u011filiz. Beklemek istemiyoruz. Kendi oyunumuzu oynamak istiyoruz. Enerjiye ve \u00f6zg\u00fcvene sahip olmam\u0131z laz\u0131m. Taraftar\u0131m\u0131za da ihtiyac\u0131m\u0131z olacak. Shkendija tak\u0131m\u0131 evlerinde sadece 1 kar\u015f\u0131la\u015fma kaybetti. Buna ra\u011fmen onlara kar\u015f\u0131 kazand\u0131k. Avantajl\u0131 skor elde ettik ve onu kullanmak istiyoruz.&#8221;<\/b><\/em> ifadelerini kulland\u0131.<\/p>\n<p><strong>&#8220;ADIM ADIM G\u0130TMEM\u0130Z LAZIM&#8221;<\/strong><\/p>\n<p>Fink, son 16\u2019ya kalmak istediklerini vurgulayarak <em><b>&#8220;Ad\u0131m ad\u0131m gitmemiz laz\u0131m. Son 16\u2019ya kalmak istiyoruz. Her \u015feyden \u00f6nce yar\u0131nki kar\u015f\u0131la\u015fmay\u0131 oynamam\u0131z gerekiyor. 2 hafta sonra daha iyi olaca\u011f\u0131z ama hangi tak\u0131mla oynayaca\u011f\u0131z bunu bilemiyoruz. Tarih yazmak bize ba\u011fl\u0131.\u201d <\/b><\/em>diye konu\u015ftu.<\/p>\n<p><strong>&#8220;HOCAMIZA G\u00dcVEN\u0130YORUZ&#8221;<\/strong><\/p>\n<p>Samsunspor&#8217;un tecr\u00fcbeli futbolcusu Ndiaye ise ilk kar\u015f\u0131la\u015fmay\u0131 kazand\u0131klar\u0131na dikkati \u00e7ekerek \u015funlar\u0131 kaydetti:<\/p>\n<p>Ancak hi\u00e7bir \u015fey bitmi\u015f de\u011fil. Hocam\u0131za g\u00fcveniyoruz. Tak\u0131m\u0131m\u0131za yeni oyun tarz\u0131 getirdi. \u00d6nemli kar\u015f\u0131la\u015fma, kazanmam\u0131z gerekiyor ve kazanaca\u011f\u0131z. Arkada\u015flar\u0131m\u0131zla konu\u015ftuk. \u00c7ok \u00f6nemli bir kar\u015f\u0131la\u015fma oldu\u011funu biliyoruz. Her g\u00fcn kendi aram\u0131zda toplant\u0131 yap\u0131yoruz. Kaptan\u0131m\u0131z ma\u00e7\u0131n \u00e7ok \u00f6nemli oldu\u011funa dair toplant\u0131lar yap\u0131yor. Bu turu ge\u00e7tikten sonra ger\u00e7e\u011fi s\u00f6ylemek gerekirse hangi tak\u0131mla e\u015fle\u015fece\u011fimiz \u00f6nemli de\u011fil. \u00c7ok fazla \u00e7al\u0131\u015f\u0131yoruz. \u00d6nemli olan yar\u0131nki kar\u015f\u0131la\u015fmaya odaklanmak. Kolay olmayacak.<\/p>\n<div> <span><strong>Kaynak:<\/strong> Ensonhaber Haber Merkezi<\/span> <\/div>\n","protected":false},"excerpt":{"rendered":"<p>Samsunspor Teknik Direkt\u00f6r\u00fc Thorsten Fink, UEFA Konferans Ligi son 16 play-off turu r\u00f6van\u015f\u0131nda yar\u0131n Shkendija tak\u0131m\u0131yla sahalar\u0131nda oynayacaklar\u0131 ma\u00e7\u0131 kesinlikle kazanmalar\u0131 gerekti\u011fini s\u00f6yledi. Fink ile golc\u00fc futbolcu Cherif Ndiaye ma\u00e7\u0131n oynayaca\u011f\u0131 &#8230;<\/p>\n","protected":false},"author":1,"featured_media":67215,"comment_status":"open","ping_status":"open","sticky":false,"template":"","format":"standard","meta":{"footnotes":""},"categories":[14],"tags":[1834,1191,366],"class_list":["post-67214","post","type-post","status-publish","format-standard","has-post-thumbnail","hentry","category-spor","tag-karsilasma","tag-onemli","tag-takim"],"_links":{"self":[{"href":"https:\/\/bihavadis.com\/index.php\/wp-json\/wp\/v2\/posts\/67214","targetHints":{"allow":["GET"]}}],"collection":[{"href":"https:\/\/bihavadis.com\/index.php\/wp-json\/wp\/v2\/posts"}],"about":[{"href":"https:\/\/bihavadis.com\/index.php\/wp-json\/wp\/v2\/types\/post"}],"author":[{"embeddable":true,"href":"https:\/\/bihavadis.com\/index.php\/wp-json\/wp\/v2\/users\/1"}],"replies":[{"embeddable":true,"href":"https:\/\/bihavadis.com\/index.php\/wp-json\/wp\/v2\/comments?post=67214"}],"version-history":[{"count":1,"href":"https:\/\/bihavadis.com\/index.php\/wp-json\/wp\/v2\/posts\/67214\/revisions"}],"predecessor-version":[{"id":67216,"href":"https:\/\/bihavadis.com\/index.php\/wp-json\/wp\/v2\/posts\/67214\/revisions\/67216"}],"wp:featuredmedia":[{"embeddable":true,"href":"https:\/\/bihavadis.com\/index.php\/wp-json\/wp\/v2\/media\/67215"}],"wp:attachment":[{"href":"https:\/\/bihavadis.com\/index.php\/wp-json\/wp\/v2\/media?parent=67214"}],"wp:term":[{"taxonomy":"category","embeddable":true,"href":"https:\/\/bihavadis.com\/index.php\/wp-json\/wp\/v2\/categories?post=67214"},{"taxonomy":"post_tag","embeddable":true,"href":"https:\/\/bihavadis.com\/index.php\/wp-json\/wp\/v2\/tags?post=67214"}],"curies":[{"name":"wp","href":"https:\/\/api.w.org\/{rel}","templated":true}]}}