{"id":67232,"date":"2026-03-09T06:03:09","date_gmt":"2026-03-09T06:03:09","guid":{"rendered":"https:\/\/bihavadis.com\/?p=67232"},"modified":"2026-03-09T06:03:09","modified_gmt":"2026-03-09T06:03:09","slug":"turk-futbolunda-tarihi-olay-bir-zamanlar-super-ligi-sallayan-takimi-taraftarlar-devraldi","status":"publish","type":"post","link":"https:\/\/bihavadis.com\/index.php\/2026\/03\/09\/turk-futbolunda-tarihi-olay-bir-zamanlar-super-ligi-sallayan-takimi-taraftarlar-devraldi\/","title":{"rendered":"T\u00fcrk futbolunda tarihi olay! Bir zamanlar S\u00fcper Lig&#8217;i sallayan tak\u0131m\u0131 taraftarlar devrald\u0131"},"content":{"rendered":"<p> T\u00fcrkiye futbolunda ender g\u00f6r\u00fclen bir geli\u015fme ya\u015fand\u0131. Bir d\u00f6nem S\u00fcper Lig&#8217;de f\u0131rt\u0131nalar estiren Adana Demirspor, ya\u015fad\u0131\u011f\u0131 zorlu s\u00fcrecin ard\u0131ndan resmen taraftar\u0131n y\u00f6netimine ge\u00e7ti. 1940 y\u0131l\u0131nda demiryolu i\u015f\u00e7ilerinin eme\u011fiyle kurulan mavi-lacivertli kul\u00fcp, &#8220;Ya\u015fas\u0131n Demirspor&#8221; kampanyas\u0131yla yeni bir d\u00f6nemin kap\u0131s\u0131n\u0131 aralad\u0131.<\/p>\n<p><b>DEV\u0130R RESMEN TAMAMLANDI<\/b><\/p>\n<p>&#8220;Bu arma sahipsiz de\u011fil, bu taraftar da sessiz kalmayacak&#8221; slogan\u0131yla ba\u015flat\u0131lan kampanya kapsam\u0131nda, Adana Demirspor&#8217;un devral\u0131nma s\u00fcreci Murat Sancak ile yap\u0131lan protokoller sonucunda tamamland\u0131. Kul\u00fcp, \u015eim\u015fekler Taraftar Grubu \u00f6nc\u00fcl\u00fc\u011f\u00fcnde as\u0131l sahipleri olan halka devredildi.<\/p>\n<p><b>GE\u00c7\u0130C\u0130 Y\u00d6NET\u0130M BEL\u0130RLEND\u0130<\/b><\/p>\n<p>Kul\u00fcpten yap\u0131lan a\u00e7\u0131klamada bu s\u00fcrecin bir &#8220;n\u00f6bet de\u011fi\u015fimi&#8221; oldu\u011fu vurguland\u0131. Kal\u0131c\u0131 y\u00f6netim kurulu olu\u015fturulana kadar kul\u00fcb\u00fcn t\u00fcm mali, idari ve sportif faaliyetlerinin ge\u00e7ici y\u00f6netim organizasyonu taraf\u0131ndan y\u00fcr\u00fct\u00fclece\u011fi belirtildi.<\/p>\n<p>Bu kapsamda Adana Demirspor Kul\u00fcp Ba\u015fkanl\u0131\u011f\u0131 g\u00f6revine Ertan Zeybek, Ba\u015fkan Vekilli\u011fi g\u00f6revine ise Mustafa Kemal \u00dcst\u00fcner getirildi.<\/p>\n<p><b>&#8220;HALKIN TAKIMI&#8221; VURGUSU<\/b><\/p>\n<p>Yap\u0131lan a\u00e7\u0131klamada, Adana Demirspor&#8217;un yeniden kurulu\u015f de\u011ferlerine d\u00f6nd\u00fc\u011f\u00fc ve &#8220;Halk\u0131n Tak\u0131m\u0131&#8221; kimli\u011fini kazand\u0131\u011f\u0131 ifade edildi. Kul\u00fcb\u00fcn \u015fah\u0131s merkezli yap\u0131dan \u00e7\u0131kar\u0131larak kurumsal ve toplumsal bir zemine ta\u015f\u0131naca\u011f\u0131 belirtilirken, dernekle\u015fme ve demokratikle\u015fme s\u00fcrecinin resmen ba\u015flat\u0131ld\u0131\u011f\u0131 duyuruldu.<\/p>\n<p><b>HEDEF \u015eEFFAFLIK VE MAL\u0130 D\u0130S\u0130PL\u0130N<\/b><\/p>\n<p>Ge\u00e7ici y\u00f6netimin temel hedefleri aras\u0131nda kul\u00fcb\u00fcn mali disiplininin sa\u011flanmas\u0131, kurumsal yap\u0131n\u0131n g\u00fc\u00e7lendirilmesi, \u015feffaf ve hesap verebilir bir y\u00f6netim modeli olu\u015fturulmas\u0131 ve demokratik bir \u00fcyelik sisteminin kurulmas\u0131 yer ald\u0131. Kul\u00fcb\u00fcn mevcut bor\u00e7 durumu ve mali tablolar\u0131n\u0131n ise yap\u0131lacak detayl\u0131 incelemenin ard\u0131ndan kamuoyuyla payla\u015f\u0131laca\u011f\u0131 aktar\u0131ld\u0131.<\/p>\n<p><b>B\u0130RL\u0130K VE DAYANI\u015eMA \u00c7A\u011eRISI<\/b><\/p>\n<p>A\u00e7\u0131klamada t\u00fcm Adana Demirspor taraftarlar\u0131na birlik ve beraberlik \u00e7a\u011fr\u0131s\u0131 yap\u0131larak, kul\u00fcb\u00fcn gelece\u011finin taraftar\u0131n omuz omuza verece\u011fi destekle \u015fekillenece\u011fi vurguland\u0131. &#8220;Adana Demirspor yeniden halk\u0131nd\u0131r&#8221; mesaj\u0131 dikkat \u00e7ekti.<\/p>\n<div>\n<figure><img decoding=\"async\" src=\"https:\/\/bihavadis.com\/wp-content\/uploads\/2026\/03\/turk-futbolunda-tarihi-olay-bir-zamanlar-super-ligi-sallayan-takimi-taraftarlar-devraldi-0-XbEFWczm.jpg\"\/><\/figure>\n<\/div>\n<div>\n<figure><img decoding=\"async\" src=\"https:\/\/bihavadis.com\/wp-content\/uploads\/2026\/03\/turk-futbolunda-tarihi-olay-bir-zamanlar-super-ligi-sallayan-takimi-taraftarlar-devraldi-1-DwN9EQuw.jpg\"\/><\/figure>\n<\/div>\n","protected":false},"excerpt":{"rendered":"<p>T\u00fcrkiye futbolunda nadir g\u00f6r\u00fclen bir olay ya\u015fand\u0131. Adana Demirspor, &#8221;Ya\u015fas\u0131n Demirspor&#8221; kampanyas\u0131yla Murat Sancak&#8217;tan devral\u0131narak \u015eim\u015fekler Taraftar Grubu \u00f6nc\u00fcl\u00fc\u011f\u00fcnde taraftar\u0131n y\u00f6netimine ge\u00e7ti. Ge\u00e7ici ba\u015fkanl\u0131\u011fa Ertan Zeybek getirilirken, kul\u00fcb\u00fcn yeniden &#8221;Halk\u0131n Tak\u0131m\u0131&#8221; kimli\u011fiyle yoluna devam edece\u011fi a\u00e7\u0131kland\u0131.<\/p>\n","protected":false},"author":1,"featured_media":67233,"comment_status":"open","ping_status":"open","sticky":false,"template":"","format":"standard","meta":{"footnotes":""},"categories":[14],"tags":[4399,3900,2272,369],"class_list":["post-67232","post","type-post","status-publish","format-standard","has-post-thumbnail","hentry","category-spor","tag-adana-demirspor","tag-kulubun","tag-taraftar","tag-yonetim"],"_links":{"self":[{"href":"https:\/\/bihavadis.com\/index.php\/wp-json\/wp\/v2\/posts\/67232","targetHints":{"allow":["GET"]}}],"collection":[{"href":"https:\/\/bihavadis.com\/index.php\/wp-json\/wp\/v2\/posts"}],"about":[{"href":"https:\/\/bihavadis.com\/index.php\/wp-json\/wp\/v2\/types\/post"}],"author":[{"embeddable":true,"href":"https:\/\/bihavadis.com\/index.php\/wp-json\/wp\/v2\/users\/1"}],"replies":[{"embeddable":true,"href":"https:\/\/bihavadis.com\/index.php\/wp-json\/wp\/v2\/comments?post=67232"}],"version-history":[{"count":1,"href":"https:\/\/bihavadis.com\/index.php\/wp-json\/wp\/v2\/posts\/67232\/revisions"}],"predecessor-version":[{"id":67236,"href":"https:\/\/bihavadis.com\/index.php\/wp-json\/wp\/v2\/posts\/67232\/revisions\/67236"}],"wp:featuredmedia":[{"embeddable":true,"href":"https:\/\/bihavadis.com\/index.php\/wp-json\/wp\/v2\/media\/67233"}],"wp:attachment":[{"href":"https:\/\/bihavadis.com\/index.php\/wp-json\/wp\/v2\/media?parent=67232"}],"wp:term":[{"taxonomy":"category","embeddable":true,"href":"https:\/\/bihavadis.com\/index.php\/wp-json\/wp\/v2\/categories?post=67232"},{"taxonomy":"post_tag","embeddable":true,"href":"https:\/\/bihavadis.com\/index.php\/wp-json\/wp\/v2\/tags?post=67232"}],"curies":[{"name":"wp","href":"https:\/\/api.w.org\/{rel}","templated":true}]}}