{"id":67237,"date":"2026-03-09T06:06:09","date_gmt":"2026-03-09T06:06:09","guid":{"rendered":"https:\/\/bihavadis.com\/?p=67237"},"modified":"2026-03-09T06:06:09","modified_gmt":"2026-03-09T06:06:09","slug":"cumhurbaskani-erdogan-emek-sofrasi-bulusmasi-iftar-programinda-aciklamalarda-bulunuyor","status":"publish","type":"post","link":"https:\/\/bihavadis.com\/index.php\/2026\/03\/09\/cumhurbaskani-erdogan-emek-sofrasi-bulusmasi-iftar-programinda-aciklamalarda-bulunuyor\/","title":{"rendered":"Cumhurba\u015fkan\u0131 Erdo\u011fan, &#8216;Emek Sofras\u0131 Bulu\u015fmas\u0131&#8217; iftar program\u0131nda a\u00e7\u0131klamalarda bulunuyor"},"content":{"rendered":"<p>Be\u015ftepe Millet Sergi Salonu&#8217;nda d\u00fczenlenen &#8220;Emek Sofras\u0131 Bulu\u015fmas\u0131&#8221;\u00a0iftar\u00a0program\u0131na kat\u0131lan Cumhurba\u015fkan\u0131 Recep Tayyip Erdo\u011fan, burada a\u00e7\u0131klamalarda bulunuyor.\u00a0<\/p>\n<p>\u0130\u015fte Cumhurba\u015fkan\u0131 Erdo\u011fan&#8217;\u0131n a\u00e7\u0131klamalar\u0131ndan \u00f6ne \u00e7\u0131kan sat\u0131rba\u015flar\u0131:<\/p>\n<p>&#8220;Karde\u015flerim, sizleri en kalbi duygular\u0131mla selaml\u0131yor, bu g\u00fczel Ramazan ak\u015fam\u0131nda, bu bereketli iftar sofras\u0131nda sizlerle beraber olmaktan b\u00fcy\u00fck bir bahtiyarl\u0131k duyuyorum.<\/p>\n<p>Sizlerin \u015fahs\u0131nda 81 ilimizin tamam\u0131nda al\u0131n teriyle, eme\u011fiyle, gayretiyle \u00fclkemize de\u011fer katan t\u00fcm \u00e7al\u0131\u015fanlar\u0131m\u0131za, t\u00fcm i\u015f\u00e7i karde\u015flerime selamlar\u0131m\u0131, sevgilerimi g\u00f6nderiyorum.<\/p>\n<p>Ba\u015f\u0131 rahmet, ortas\u0131 ma\u011ffiret, sonu ebedi azaptan kurtulu\u015f olan m\u00fcbarek Ramazan-\u0131 \u015eerif&#8217;inizi tebrik ediyorum. \u0130ftar\u0131n\u0131 bizimle a\u00e7an siz emek\u00e7i karde\u015flerime \u015f\u00fckranlar\u0131m\u0131 sunuyorum. Bizleri bir araya getiren \u00c7al\u0131\u015fma ve Sosyal G\u00fcvenlik Bakanl\u0131\u011f\u0131m\u0131za, Say\u0131n Bakan\u0131m\u0131za ve ekibine te\u015fekk\u00fcr ediyorum.<\/p>\n<p>M\u00fcsl\u00fcmanlar olarak bir taraftan 11 ay\u0131n sultan\u0131 Ramazan-\u0131 \u015eerif&#8217;e eri\u015fmenin co\u015fkusunu ya\u015f\u0131yor, di\u011fer taraftan da Gazze&#8217;de, Sudan&#8217;da ve daha bir\u00e7ok yerde s\u0131k\u0131nt\u0131 \u00e7eken, eziyet g\u00f6ren, bir kuru ekmek, bir tas \u00e7orba ile iftar yapmak zorunda kalan karde\u015flerimizin s\u0131z\u0131s\u0131n\u0131 y\u00fcre\u011fimizde hissediyoruz.<\/p>\n<p>10 Ekim&#8217;de bizim de \u00e7abalar\u0131m\u0131zla sa\u011flanan ate\u015fkese ra\u011fmen hukuk tan\u0131maz \u0130srail h\u00fck\u00fcmeti, Gazze ve Bat\u0131 \u015eeria&#8217;ya y\u00f6nelik sald\u0131r\u0131lar\u0131n\u0131 art\u0131rarak s\u00fcrd\u00fcr\u00fcyor.<\/p>\n<p>\u0130srail&#8217;in sald\u0131r\u0131lar\u0131 sonucu 11 Ekim&#8217;den bu yana 615 Filistinli \u015fehit oldu, 2 bine yak\u0131n Filistinli karde\u015fimiz yaraland\u0131.<\/p>\n<p>\u0130nsani yard\u0131m malzemelerinin giri\u015finde halen ciddi g\u00fc\u00e7l\u00fckler \u00e7ekiliyor. Gazze&#8217;nin nefes borusu olan Refah S\u0131n\u0131r Kap\u0131s\u0131&#8217;nda k\u0131s\u0131tlamalar, zul\u00fcmler, \u0130srail&#8217;in keyfi davran\u0131\u015flar\u0131 maalesef devam ediyor.<\/p>\n<p>Y\u0131k\u0131nt\u0131lar aras\u0131nda, kur\u015fun ve \u015farapnel izleriyle dolu derme \u00e7atma binalarda iftar yapan, son derece \u00e7etin \u015fartlar alt\u0131nda oru\u00e7 tutan ama bunlara ra\u011fmen zalime boyun e\u011fmeyen Gazzeli karde\u015flerimiz bir kez daha imanlar\u0131yla t\u00fcm M\u00fcsl\u00fcmanlara \u00f6rnek oluyor.&#8221;<\/p>\n<p>AYRINTILAR GEL\u0130YOR&#8230;<\/p>\n<div> <span><strong>Kaynak:<\/strong> Ensonhaber Haber Merkezi<\/span> <\/div>\n","protected":false},"excerpt":{"rendered":"<p>Be\u015ftepe Millet Sergi Salonu&#8217;nda d\u00fczenlenen &#8220;Emek Sofras\u0131 Bulu\u015fmas\u0131&#8221;\u00a0iftar\u00a0program\u0131na kat\u0131lan Cumhurba\u015fkan\u0131 Recep Tayyip Erdo\u011fan, burada a\u00e7\u0131klamalarda bulunuyor.\u00a0 \u0130\u015fte Cumhurba\u015fkan\u0131 Erdo\u011fan&#8217;\u0131n a\u00e7\u0131klamalar\u0131ndan \u00f6ne \u00e7\u0131kan sat\u0131rba\u015flar\u0131: &#8220;Karde\u015flerim &#8230;<\/p>\n","protected":false},"author":1,"featured_media":67238,"comment_status":"open","ping_status":"open","sticky":false,"template":"","format":"standard","meta":{"footnotes":""},"categories":[9,13],"tags":[675],"class_list":["post-67237","post","type-post","status-publish","format-standard","has-post-thumbnail","hentry","category-genel","category-son-dakika","tag-iftar"],"_links":{"self":[{"href":"https:\/\/bihavadis.com\/index.php\/wp-json\/wp\/v2\/posts\/67237","targetHints":{"allow":["GET"]}}],"collection":[{"href":"https:\/\/bihavadis.com\/index.php\/wp-json\/wp\/v2\/posts"}],"about":[{"href":"https:\/\/bihavadis.com\/index.php\/wp-json\/wp\/v2\/types\/post"}],"author":[{"embeddable":true,"href":"https:\/\/bihavadis.com\/index.php\/wp-json\/wp\/v2\/users\/1"}],"replies":[{"embeddable":true,"href":"https:\/\/bihavadis.com\/index.php\/wp-json\/wp\/v2\/comments?post=67237"}],"version-history":[{"count":1,"href":"https:\/\/bihavadis.com\/index.php\/wp-json\/wp\/v2\/posts\/67237\/revisions"}],"predecessor-version":[{"id":67239,"href":"https:\/\/bihavadis.com\/index.php\/wp-json\/wp\/v2\/posts\/67237\/revisions\/67239"}],"wp:featuredmedia":[{"embeddable":true,"href":"https:\/\/bihavadis.com\/index.php\/wp-json\/wp\/v2\/media\/67238"}],"wp:attachment":[{"href":"https:\/\/bihavadis.com\/index.php\/wp-json\/wp\/v2\/media?parent=67237"}],"wp:term":[{"taxonomy":"category","embeddable":true,"href":"https:\/\/bihavadis.com\/index.php\/wp-json\/wp\/v2\/categories?post=67237"},{"taxonomy":"post_tag","embeddable":true,"href":"https:\/\/bihavadis.com\/index.php\/wp-json\/wp\/v2\/tags?post=67237"}],"curies":[{"name":"wp","href":"https:\/\/api.w.org\/{rel}","templated":true}]}}