{"id":67251,"date":"2026-03-09T06:15:16","date_gmt":"2026-03-09T06:15:16","guid":{"rendered":"https:\/\/bihavadis.com\/?p=67251"},"modified":"2026-03-09T06:15:16","modified_gmt":"2026-03-09T06:15:16","slug":"tuvturkte-polis-memurunun-dovulerek-olduruldugu-kavganin-goruntuleri","status":"publish","type":"post","link":"https:\/\/bihavadis.com\/index.php\/2026\/03\/09\/tuvturkte-polis-memurunun-dovulerek-olduruldugu-kavganin-goruntuleri\/","title":{"rendered":"T\u00dcVT\u00dcRK&#8217;te polis memurunun d\u00f6v\u00fclerek \u00f6ld\u00fcr\u00fcld\u00fc\u011f\u00fc kavgan\u0131n g\u00f6r\u00fcnt\u00fcleri"},"content":{"rendered":"<p> Ankara&#8217;da polis memuru Melih Okan Keskin&#8217;in (44) hayat\u0131n\u0131 kaybetti\u011fi ara\u00e7 muayene istasyonundaki kavga an\u0131na ili\u015fkin g\u00fcvenlik kameras\u0131 g\u00f6r\u00fcnt\u00fcleri ortaya \u00e7\u0131kt\u0131.<\/p>\n<p><b>TARTI\u015eMA KAVGAYA D\u00d6N\u00dc\u015eT\u00dc <\/b><\/p>\n<p>Bat\u0131kent \u015eehit Ramazan \u00c7a\u011flar Polis Merkezi Amirli\u011fi&#8217;nde g\u00f6revli polis memuru Melih Okan Keskin, pazartesi g\u00fcn\u00fc otomobilini rutin muayene kontrol\u00fcnden ge\u00e7irmek i\u00e7in Yenimahalle il\u00e7esi \u0130vedikk\u00f6y Mahallesi&#8217;ndeki ara\u00e7 muayene istasyonuna g\u00f6t\u00fcrd\u00fc. Keskin ile istasyon \u00e7al\u0131\u015fanlar\u0131 aras\u0131nda \u00f6nce tart\u0131\u015fma, ard\u0131ndan da kavga \u00e7\u0131kt\u0131. Kavgada Keskin, \u00e7al\u0131\u015fanlar taraf\u0131ndan darbedildi. <\/p>\n<div>\n<figure><img decoding=\"async\" src=\"https:\/\/bihavadis.com\/wp-content\/uploads\/2026\/03\/tuvturkte-polis-memurunun-dovulerek-olduruldugu-kavganin-goruntuleri-0-r2W1NR3r.jpg\"\/><\/figure>\n<\/div>\n<p><b>BEY\u0130N KANAMASI GE\u00c7\u0130RD\u0130 <\/b><\/p>\n<p>Gazi \u00dcniversitesi Hastanesi&#8217;ne kald\u0131r\u0131lan Melih Okan Keskin, beyin kanamas\u0131 ge\u00e7irerek 3 g\u00fcn sonra hayat\u0131n\u0131 kaybetti. Olayla ilgili ara\u00e7 muayene istasyonu \u00e7al\u0131\u015fanlar\u0131 Y.K. ve S.A. g\u00f6zalt\u0131na al\u0131nd\u0131. Emniyetteki i\u015flemlerinin ard\u0131ndan adliyeye sevk edilen \u015f\u00fcphelilerden Y.K. adli kontrol \u015fart\u0131yla serbest b\u0131rak\u0131l\u0131rken, S.A. tutukland\u0131.<\/p>\n<div>\n<figure><img decoding=\"async\" src=\"https:\/\/bihavadis.com\/wp-content\/uploads\/2026\/03\/tuvturkte-polis-memurunun-dovulerek-olduruldugu-kavganin-goruntuleri-1-yNe6Z4nK.jpg\"\/><\/figure>\n<\/div>\n<p><b>KAMERA G\u00d6R\u00dcNT\u00dcLER\u0130 ORTAYA \u00c7IKTI <\/b><\/p>\n<p>Keskin&#8217;in hayat\u0131n\u0131 kaybetmesine neden olan kavgaya ili\u015fkin g\u00fcvenlik kameras\u0131 g\u00f6r\u00fcnt\u00fcleri ortaya \u00e7\u0131kt\u0131. G\u00f6r\u00fcnt\u00fclerde, muayene istasyonu g\u00f6revlisinin Keskin&#8217;in \u00fczerine otomobil s\u00fcrd\u00fc\u011f\u00fc, ard\u0131ndan yumruk att\u0131\u011f\u0131 g\u00f6r\u00fcld\u00fc. Daha sonra di\u011fer \u00e7al\u0131\u015fanlar\u0131n da polisin \u00fczerine y\u00fcr\u00fcd\u00fc\u011f\u00fc ve arbede ya\u015fand\u0131\u011f\u0131 anlar da g\u00f6r\u00fcnt\u00fcde yer ald\u0131. <\/p>\n<p><b>Cenaze t\u00f6reninden kareler; <\/b><\/p>\n<div>\n<figure><img decoding=\"async\" src=\"https:\/\/bihavadis.com\/wp-content\/uploads\/2026\/03\/tuvturkte-polis-memurunun-dovulerek-olduruldugu-kavganin-goruntuleri-2-fUcKktL5.jpg\"\/><\/figure>\n<\/div>\n<div>\n<figure><img decoding=\"async\" src=\"https:\/\/bihavadis.com\/wp-content\/uploads\/2026\/03\/tuvturkte-polis-memurunun-dovulerek-olduruldugu-kavganin-goruntuleri-3-GxQBeVW6.jpg\"\/><\/figure>\n<\/div>\n<div>\n<figure><img decoding=\"async\" src=\"https:\/\/bihavadis.com\/wp-content\/uploads\/2026\/03\/tuvturkte-polis-memurunun-dovulerek-olduruldugu-kavganin-goruntuleri-4-U2Idxl3L.jpg\"\/><\/figure>\n<\/div>\n","protected":false},"excerpt":{"rendered":"<p>Ankara&#8217;da ara\u00e7 muayene istasyonunda \u00e7\u0131kan kavgada darbedildikten sonra beyin kanamas\u0131 ge\u00e7irerek hayat\u0131n\u0131 kaybeden polis memuru Melih Okan Keskin&#8217;in \u00f6l\u00fcm\u00fcne ili\u015fkin g\u00fcvenlik kameras\u0131 g\u00f6r\u00fcnt\u00fcleri ortaya \u00e7\u0131kt\u0131; g\u00f6r\u00fcnt\u00fclerde bir g\u00f6revlinin Keskin&#8217;in \u00fczerine ara\u00e7 s\u00fcrd\u00fc\u011f\u00fc, yumruk att\u0131\u011f\u0131 ve di\u011fer \u00e7al\u0131\u015fanlar\u0131n da arbedeye kar\u0131\u015ft\u0131\u011f\u0131 g\u00f6r\u00fcl\u00fcyor.<\/p>\n","protected":false},"author":1,"featured_media":67252,"comment_status":"open","ping_status":"open","sticky":false,"template":"","format":"standard","meta":{"footnotes":""},"categories":[9,4,13],"tags":[1272,418,4428,2789],"class_list":["post-67251","post","type-post","status-publish","format-standard","has-post-thumbnail","hentry","category-genel","category-gundem","category-son-dakika","tag-istasyon","tag-kavga","tag-keskin","tag-muayene"],"_links":{"self":[{"href":"https:\/\/bihavadis.com\/index.php\/wp-json\/wp\/v2\/posts\/67251","targetHints":{"allow":["GET"]}}],"collection":[{"href":"https:\/\/bihavadis.com\/index.php\/wp-json\/wp\/v2\/posts"}],"about":[{"href":"https:\/\/bihavadis.com\/index.php\/wp-json\/wp\/v2\/types\/post"}],"author":[{"embeddable":true,"href":"https:\/\/bihavadis.com\/index.php\/wp-json\/wp\/v2\/users\/1"}],"replies":[{"embeddable":true,"href":"https:\/\/bihavadis.com\/index.php\/wp-json\/wp\/v2\/comments?post=67251"}],"version-history":[{"count":1,"href":"https:\/\/bihavadis.com\/index.php\/wp-json\/wp\/v2\/posts\/67251\/revisions"}],"predecessor-version":[{"id":67258,"href":"https:\/\/bihavadis.com\/index.php\/wp-json\/wp\/v2\/posts\/67251\/revisions\/67258"}],"wp:featuredmedia":[{"embeddable":true,"href":"https:\/\/bihavadis.com\/index.php\/wp-json\/wp\/v2\/media\/67252"}],"wp:attachment":[{"href":"https:\/\/bihavadis.com\/index.php\/wp-json\/wp\/v2\/media?parent=67251"}],"wp:term":[{"taxonomy":"category","embeddable":true,"href":"https:\/\/bihavadis.com\/index.php\/wp-json\/wp\/v2\/categories?post=67251"},{"taxonomy":"post_tag","embeddable":true,"href":"https:\/\/bihavadis.com\/index.php\/wp-json\/wp\/v2\/tags?post=67251"}],"curies":[{"name":"wp","href":"https:\/\/api.w.org\/{rel}","templated":true}]}}