{"id":67269,"date":"2026-03-09T06:24:08","date_gmt":"2026-03-09T06:24:08","guid":{"rendered":"https:\/\/bihavadis.com\/?p=67269"},"modified":"2026-03-09T06:24:08","modified_gmt":"2026-03-09T06:24:08","slug":"mesut-ozilden-galatasaray-ve-fenerbahce-yorumu","status":"publish","type":"post","link":"https:\/\/bihavadis.com\/index.php\/2026\/03\/09\/mesut-ozilden-galatasaray-ve-fenerbahce-yorumu\/","title":{"rendered":"Mesut \u00d6zil\u2019den Galatasaray ve Fenerbah\u00e7e yorumu"},"content":{"rendered":"<p>Mesut \u00d6zil, AK Parti Avc\u0131lar \u0130l\u00e7e Ba\u015fkanl\u0131\u011f\u0131 taraf\u0131ndan AKSEV Davet Salonu\u2019nda verilen iftara kat\u0131ld\u0131.<\/p>\n<p>Ayn\u0131 zamanda AK Parti MKYK \u00fcyesi \u00d6zil, DHA muhabirinin sorusu \u00fczerine Galatasaray ve Fenerbah\u00e7e\u2019nin Avrupa kupalar\u0131nda \u00e7\u0131kaca\u011f\u0131 ma\u00e7lara de\u011findi.<\/p>\n<p><strong>&#8220;GALATASARAY TURU GE\u00c7ER D\u0130YE \u00dcM\u0130T ED\u0130YORUM&#8221;<\/strong><\/p>\n<p>Mesut \u00d6zil, \u015eampiyonlar Ligi\u2019nde m\u00fccadele eden sar\u0131-k\u0131rm\u0131z\u0131l\u0131 ekip i\u00e7in, <em><b>&#8220;\u0130n\u015fallah Galatasaray ma\u00e7\u0131 ba\u015far\u0131l\u0131 ge\u00e7er diye \u00fcmit ediyorum. G\u00fczel bir ma\u00e7 sergilediler ilk ma\u00e7ta. Kendine g\u00fcvendi\u011finde, bu ma\u00e7\u0131 hafife almad\u0131\u011f\u0131 m\u00fcddet\u00e7e Galatasaray turu ge\u00e7er diye \u00fcmit ediyorum. Ba\u015far\u0131lar diliyorum&#8221;<\/b><\/em> dedi.<\/p>\n<p><strong>&#8220;\u00dcM\u0130D\u0130 KESMES\u0130NLER&#8221;<\/strong><\/p>\n<p>Mesut \u00d6zil, kendisinin de Fenerbah\u00e7eli oldu\u011funu hat\u0131rlatarak \u015f\u00f6yle konu\u015ftu:<\/p>\n<p>Mesut \u00d6zil ard\u0131ndan bu sezon Kad\u0131nlar Birinci Ligi\u2019ne nama\u011flup \u015fampiyon olarak \u00e7\u0131kan Cihangirspor ekibi ile hat\u0131ra foto\u011fraf\u0131 \u00e7ektirdi.<\/p>\n<div> <span><strong>Kaynak:<\/strong> Demir\u00f6ren Haber Ajans\u0131 (DHA)<\/span> <\/div>\n","protected":false},"excerpt":{"rendered":"<p>Mesut \u00d6zil, AK Parti Avc\u0131lar \u0130l\u00e7e Ba\u015fkanl\u0131\u011f\u0131 taraf\u0131ndan AKSEV Davet Salonu\u2019nda verilen iftara kat\u0131ld\u0131. Ayn\u0131 zamanda AK Parti MKYK \u00fcyesi \u00d6zil, DHA muhabirinin sorusu \u00fczerine Galatasaray ve Fenerbah\u00e7e\u2019nin Avrupa kupalar\u0131nda \u00e7\u0131kaca\u011f\u0131 ma\u00e7lara de\u011findi &#8230;<\/p>\n","protected":false},"author":1,"featured_media":67270,"comment_status":"open","ping_status":"open","sticky":false,"template":"","format":"standard","meta":{"footnotes":""},"categories":[14],"tags":[364,7609],"class_list":["post-67269","post","type-post","status-publish","format-standard","has-post-thumbnail","hentry","category-spor","tag-mac","tag-ozil"],"_links":{"self":[{"href":"https:\/\/bihavadis.com\/index.php\/wp-json\/wp\/v2\/posts\/67269","targetHints":{"allow":["GET"]}}],"collection":[{"href":"https:\/\/bihavadis.com\/index.php\/wp-json\/wp\/v2\/posts"}],"about":[{"href":"https:\/\/bihavadis.com\/index.php\/wp-json\/wp\/v2\/types\/post"}],"author":[{"embeddable":true,"href":"https:\/\/bihavadis.com\/index.php\/wp-json\/wp\/v2\/users\/1"}],"replies":[{"embeddable":true,"href":"https:\/\/bihavadis.com\/index.php\/wp-json\/wp\/v2\/comments?post=67269"}],"version-history":[{"count":1,"href":"https:\/\/bihavadis.com\/index.php\/wp-json\/wp\/v2\/posts\/67269\/revisions"}],"predecessor-version":[{"id":67271,"href":"https:\/\/bihavadis.com\/index.php\/wp-json\/wp\/v2\/posts\/67269\/revisions\/67271"}],"wp:featuredmedia":[{"embeddable":true,"href":"https:\/\/bihavadis.com\/index.php\/wp-json\/wp\/v2\/media\/67270"}],"wp:attachment":[{"href":"https:\/\/bihavadis.com\/index.php\/wp-json\/wp\/v2\/media?parent=67269"}],"wp:term":[{"taxonomy":"category","embeddable":true,"href":"https:\/\/bihavadis.com\/index.php\/wp-json\/wp\/v2\/categories?post=67269"},{"taxonomy":"post_tag","embeddable":true,"href":"https:\/\/bihavadis.com\/index.php\/wp-json\/wp\/v2\/tags?post=67269"}],"curies":[{"name":"wp","href":"https:\/\/api.w.org\/{rel}","templated":true}]}}