{"id":67284,"date":"2026-03-09T06:36:10","date_gmt":"2026-03-09T06:36:10","guid":{"rendered":"https:\/\/bihavadis.com\/?p=67284"},"modified":"2026-03-09T06:36:10","modified_gmt":"2026-03-09T06:36:10","slug":"bornovada-8-mart-dayanismasi","status":"publish","type":"post","link":"https:\/\/bihavadis.com\/index.php\/2026\/03\/09\/bornovada-8-mart-dayanismasi\/","title":{"rendered":"Bornova&#8217;da 8 Mart Dayan\u0131\u015fmas\u0131"},"content":{"rendered":"<p>Bornova Belediyesi ile D\u0130SK Genel-\u0130\u015f Sendikas\u0131 \u0130zmir 7 No\u2019lu \u015eube Kad\u0131n Komitesi\u2019nin d\u00fczenledi\u011fi 8 Mart D\u00fcnya Emek\u00e7i Kad\u0131nlar G\u00fcn\u00fc etkinli\u011fi B\u00fcy\u00fckpark\u2019ta geni\u015f kat\u0131l\u0131mla ger\u00e7ekle\u015ftirildi. Etkinlikte sembolik k\u0131rm\u0131z\u0131 kap\u0131 \u00fczerindeki sorunlar dayan\u0131\u015fma ve \u00f6rg\u00fctl\u00fcl\u00fc\u011f\u00fc simgeleyen anahtarlarla \u201ca\u00e7\u0131l\u0131rken\u201d, konu\u015fmalarda kad\u0131nlar\u0131n e\u015fitlik, g\u00fcvenceli \u00e7al\u0131\u015fma, \u015fiddetsiz ya\u015fam ve \u00f6rg\u00fctl\u00fc m\u00fccadele talepleri vurguland\u0131. Arzu \u00c7erkezo\u011flu ve Bornova Belediyesi Ba\u015fkan Yard\u0131mc\u0131s\u0131 Duygu B\u00f6l\u00fck, kad\u0131nlar\u0131n hak ve e\u015fitlik m\u00fccadelesinin dayan\u0131\u015fmayla b\u00fcy\u00fcyece\u011fini ifade etti.<\/p>\n<p>Kad\u0131nlar\u0131n ya\u015fad\u0131\u011f\u0131 sorunlar\u0131n sembolik olarak anlat\u0131ld\u0131\u011f\u0131 etkinlikte, meydanda kurulan k\u0131rm\u0131z\u0131 kap\u0131 \u00fczerindeki sorunlar; \u201cdayan\u0131\u015fma, \u00f6rg\u00fctl\u00fcl\u00fck, adalet, ya\u015fam hakk\u0131, e\u015fitlik, kamusal bak\u0131m, sosyal haklar ve g\u00fcvenceli \u00e7al\u0131\u015fma\u201d yaz\u0131l\u0131 anahtarlarla a\u00e7\u0131larak \u00e7\u00f6z\u00fcm iradesi simgesel olarak ortaya kondu. Kad\u0131n ritim grubunun performans\u0131 alandaki co\u015fkuyu y\u00fckseltirken, kat\u0131l\u0131mc\u0131lar halaylar \u00e7ekip horonlar tepti, sloganlarla kad\u0131n dayan\u0131\u015fmas\u0131n\u0131 b\u00fcy\u00fctt\u00fc.<\/p>\n<p>Etkinli\u011fe D\u0130SK Genel Ba\u015fkan\u0131 Arzu \u00c7erkezo\u011flu, Bornova Belediye Ba\u015fkan\u0131 \u00d6mer E\u015fki\u2019nin e\u015fi Beste E\u015fki, CHP \u0130zmir \u0130l Kad\u0131n Kollar\u0131 Ba\u015fkan\u0131 Zahide Kurun, CHP Kad\u0131n Kollar\u0131 MYK \u00dcyesi Rah\u015fan Nazl\u0131o\u011flu, CHP Bornova \u0130l\u00e7e Kad\u0131n Kollar\u0131 Ba\u015fkan\u0131 I\u015f\u0131n S\u00f6zer, D\u0130SK Genel-\u0130\u015f Sendikas\u0131 \u0130zmir 7 No\u2019lu \u015eube U\u011fur Nazl\u0131o\u011flu, belediye \u00e7al\u0131\u015fanlar\u0131, dernek temsilcileri ve \u00e7ok say\u0131da Bornoval\u0131 kat\u0131ld\u0131. Programda ilk olarak D\u0130SK Genel-\u0130\u015f \u0130zmir 7 No\u2019lu Kad\u0131n Komitesi ad\u0131na G\u00fclistan Tilkici bas\u0131n a\u00e7\u0131klamas\u0131n\u0131 okudu.<\/p>\n<p><b>Arzu \u00c7erkezo\u011flu: \u201cKad\u0131nlar\u0131n \u00f6rg\u00fctl\u00fc m\u00fccadelesi bu d\u00fczeni de\u011fi\u015ftirecek\u201d<\/b><\/p>\n<p>Etkinlikte konu\u015fan Arzu \u00c7erkezo\u011flu, kad\u0131nlar\u0131n y\u00fczy\u0131llard\u0131r e\u015fitsizlik ve ayr\u0131mc\u0131l\u0131kla m\u00fccadele etti\u011fini belirterek, bu durumun \u00e7al\u0131\u015fma hayat\u0131nda da a\u00e7\u0131k bi\u00e7imde s\u00fcrd\u00fc\u011f\u00fcn\u00fc ifade etti. \u0130\u015fe al\u0131m s\u00fcrecinden itibaren kad\u0131nlar\u0131n daha d\u00fc\u015f\u00fck \u00fccretler, g\u00fcvencesiz ve esnek \u00e7al\u0131\u015fma ko\u015fullar\u0131yla kar\u015f\u0131 kar\u015f\u0131ya b\u0131rak\u0131ld\u0131\u011f\u0131n\u0131 vurgulayan \u00c7erkezo\u011flu, bak\u0131m y\u00fck\u00fcn\u00fcn b\u00fcy\u00fck \u00f6l\u00e7\u00fcde kad\u0131nlar\u0131n \u00fczerine b\u0131rak\u0131ld\u0131\u011f\u0131n\u0131 s\u00f6yledi.<\/p>\n<p>Kad\u0131nlar\u0131n e\u015fit i\u015fe e\u015fit \u00fccret, g\u00fcvenli \u00e7al\u0131\u015fma ko\u015fullar\u0131 ve sosyal haklar i\u00e7in birlikte m\u00fccadele etmesi gerekti\u011fini dile getiren \u00c7erkezo\u011flu, \u201cKad\u0131nlar\u0131n \u00e7al\u0131\u015fma hayat\u0131na kat\u0131l\u0131m\u0131n\u0131n \u00f6n\u00fcndeki engellerin kald\u0131r\u0131lmas\u0131, bak\u0131m y\u00fck\u00fcn\u00fcn kamusal politikalarla payla\u015f\u0131lmas\u0131 ve kad\u0131na y\u00f6nelik \u015fiddetin son bulmas\u0131 i\u00e7in m\u00fccadelemizi b\u00fcy\u00fct\u00fcyoruz\u201d dedi.<\/p>\n<p>\u0130stanbul S\u00f6zle\u015fmesi\u2019ne sahip \u00e7\u0131k\u0131lmas\u0131 ve 6284 say\u0131l\u0131 yasan\u0131n etkin uygulanmas\u0131 gerekti\u011fini de vurgulayan \u00c7erkezo\u011flu, uluslararas\u0131 d\u00fczeyde i\u015f yerinde \u015fiddet ve tacize kar\u015f\u0131 ILO 190 say\u0131l\u0131 s\u00f6zle\u015fmesinin onaylanmas\u0131n\u0131n \u00f6nemine dikkat \u00e7ekti.<\/p>\n<p>Kad\u0131n m\u00fccadelesi ile emek m\u00fccadelesinin kesi\u015fti\u011fi noktada g\u00fc\u00e7l\u00fc bir toplumsal de\u011fi\u015fim potansiyeli bulundu\u011funu ifade eden \u00c7erkezo\u011flu, t\u00fcm kad\u0131n i\u015f\u00e7ilere \u00f6rg\u00fctlenme \u00e7a\u011fr\u0131s\u0131 yapt\u0131. \u00c7erkezo\u011flu, \u201cEvde, i\u015fte eme\u011fiyle hayat\u0131 var eden t\u00fcm kad\u0131nlar\u0131 sendikal\u0131 olmaya ve \u00f6rg\u00fctl\u00fc m\u00fccadelede yer almaya \u00e7a\u011f\u0131r\u0131yoruz. Tut elimden, \u00f6rg\u00fctlen diyoruz. \u00c7\u00fcnk\u00fc biliyoruz ki kad\u0131nlar varsa umut var, D\u0130SK varsa umut var\u201d diye konu\u015ftu.<\/p>\n<p><b>Duygu B\u00f6l\u00fck: \u201cKad\u0131n meselesi bir demokrasi ve e\u015fit yurtta\u015fl\u0131k meselesidir\u201d\u00a0<\/b><\/p>\n<p>Bornova Belediye Ba\u015fkan\u0131 \u00d6mer E\u015fki ad\u0131na konu\u015fan Bornova Belediye Ba\u015fkan Yard\u0131mc\u0131s\u0131 Duygu B\u00f6l\u00fck ise 8 Mart\u2019\u0131n yaln\u0131zca bir kutlama g\u00fcn\u00fc de\u011fil, emek ve hak m\u00fccadelesinin simgesi oldu\u011funu vurgulad\u0131.<\/p>\n<p>Kad\u0131nlar\u0131n tarih boyunca emekleriyle toplumsal hayat\u0131n her alan\u0131nda var oldu\u011funu belirten B\u00f6l\u00fck, buna ra\u011fmen e\u015fit i\u015fe e\u015fit \u00fccret alamad\u0131klar\u0131n\u0131, karar mekanizmalar\u0131nda yeterince temsil edilmediklerini ve \u015fiddetin g\u00f6lgesinde ya\u015famaya zorland\u0131klar\u0131n\u0131 s\u00f6yledi.<\/p>\n<p>\u201cBir \u00fclkede kad\u0131nlar \u00f6zg\u00fcr de\u011filse o \u00fclke \u00f6zg\u00fcr de\u011fildir. Kad\u0131nlar g\u00fcvende de\u011filse o \u00fclke g\u00fcvenli de\u011fildir\u201d diyen B\u00f6l\u00fck, kad\u0131n haklar\u0131n\u0131n siyasi tart\u0131\u015fmalar\u0131n de\u011fil insan haklar\u0131n\u0131n konusu oldu\u011funu vurgulad\u0131.<\/p>\n<p>Bornova Belediyesi olarak kad\u0131nlar\u0131n sosyal hayatta ve \u00e7al\u0131\u015fma ya\u015fam\u0131nda daha g\u00fc\u00e7l\u00fc yer almas\u0131 i\u00e7in projeler geli\u015ftirdiklerini belirten B\u00f6l\u00fck, belediyedeki m\u00fcd\u00fcrl\u00fcklerin \u00f6nemli bir b\u00f6l\u00fcm\u00fcn\u00fcn kad\u0131n y\u00f6neticiler taraf\u0131ndan y\u00fcr\u00fct\u00fcld\u00fc\u011f\u00fcn\u00fc ifade etti. B\u00f6l\u00fck, yerel y\u00f6netim olarak kad\u0131n istihdam\u0131n\u0131 art\u0131rmak, \u015fiddetle m\u00fccadelede kararl\u0131 politikalar uygulamak ve kad\u0131nlar\u0131n ya\u015fam\u0131n her alan\u0131nda e\u015fit \u015fekilde yer alabilmesi i\u00e7in \u00e7al\u0131\u015fmalar y\u00fcr\u00fctt\u00fcklerini s\u00f6yledi.<\/p>\n<p>Konu\u015fmas\u0131n\u0131 dayan\u0131\u015fma \u00e7a\u011fr\u0131s\u0131yla tamamlayan B\u00f6l\u00fck, \u201cE\u015fitlik bir l\u00fctuf de\u011fil, hakt\u0131r. Kad\u0131nlar\u0131n \u00f6zg\u00fcr ve e\u015fit oldu\u011fu bir T\u00fcrkiye m\u00fcmk\u00fcn. Biz de bu m\u00fcmk\u00fcn olan\u0131 ger\u00e7ekle\u015ftirmek i\u00e7in m\u00fccadele ediyoruz\u201d dedi.<\/p>\n<p><b>Dayan\u0131\u015fma ve m\u00fccadele mesaj\u0131<\/b><\/p>\n<p>Etkinlik boyunca kad\u0131nlar\u0131n dayan\u0131\u015fmas\u0131n\u0131 simgeleyen sloganlar at\u0131l\u0131rken, m\u00fczik ve ritim performanslar\u0131yla meydanda co\u015fkulu bir atmosfer olu\u015ftu. 8 Mart D\u00fcnya Emek\u00e7i Kad\u0131nlar G\u00fcn\u00fc kapsam\u0131nda ger\u00e7ekle\u015ftirilen bulu\u015fma, kad\u0131nlar\u0131n e\u015fitlik, \u00f6zg\u00fcrl\u00fck ve adalet m\u00fccadelesini birlikte b\u00fcy\u00fctme kararl\u0131l\u0131\u011f\u0131n\u0131 vurgulayan mesajlarla sona erdi.<\/p>\n<p>Kaynak: (BYZHA) Beyaz Haber Ajans\u0131<\/p>\n","protected":false},"excerpt":{"rendered":"<p>Bornova Belediyesi ile D\u0130SK Genel-\u0130\u015f Sendikas\u0131 \u0130zmir 7 No\u2019lu \u015eube Kad\u0131n Komitesi\u2019nin d\u00fczenledi\u011fi 8 Mart D\u00fcnya Emek\u00e7i Kad\u0131nlar G\u00fcn\u00fc etkinli\u011fi B\u00fcy\u00fckpark\u2019ta geni\u015f kat\u0131l\u0131mla ger\u00e7ekle\u015ftirildi.<\/p>\n","protected":false},"author":1,"featured_media":67285,"comment_status":"open","ping_status":"open","sticky":false,"template":"","format":"standard","meta":{"footnotes":""},"categories":[4],"tags":[378,7610,395,380,1007],"class_list":["post-67284","post","type-post","status-publish","format-standard","has-post-thumbnail","hentry","category-gundem","tag-calisma","tag-cerkezoglu","tag-is","tag-kadin","tag-mucadele"],"_links":{"self":[{"href":"https:\/\/bihavadis.com\/index.php\/wp-json\/wp\/v2\/posts\/67284","targetHints":{"allow":["GET"]}}],"collection":[{"href":"https:\/\/bihavadis.com\/index.php\/wp-json\/wp\/v2\/posts"}],"about":[{"href":"https:\/\/bihavadis.com\/index.php\/wp-json\/wp\/v2\/types\/post"}],"author":[{"embeddable":true,"href":"https:\/\/bihavadis.com\/index.php\/wp-json\/wp\/v2\/users\/1"}],"replies":[{"embeddable":true,"href":"https:\/\/bihavadis.com\/index.php\/wp-json\/wp\/v2\/comments?post=67284"}],"version-history":[{"count":1,"href":"https:\/\/bihavadis.com\/index.php\/wp-json\/wp\/v2\/posts\/67284\/revisions"}],"predecessor-version":[{"id":67286,"href":"https:\/\/bihavadis.com\/index.php\/wp-json\/wp\/v2\/posts\/67284\/revisions\/67286"}],"wp:featuredmedia":[{"embeddable":true,"href":"https:\/\/bihavadis.com\/index.php\/wp-json\/wp\/v2\/media\/67285"}],"wp:attachment":[{"href":"https:\/\/bihavadis.com\/index.php\/wp-json\/wp\/v2\/media?parent=67284"}],"wp:term":[{"taxonomy":"category","embeddable":true,"href":"https:\/\/bihavadis.com\/index.php\/wp-json\/wp\/v2\/categories?post=67284"},{"taxonomy":"post_tag","embeddable":true,"href":"https:\/\/bihavadis.com\/index.php\/wp-json\/wp\/v2\/tags?post=67284"}],"curies":[{"name":"wp","href":"https:\/\/api.w.org\/{rel}","templated":true}]}}