{"id":6729,"date":"2026-01-30T19:21:03","date_gmt":"2026-01-30T19:21:03","guid":{"rendered":"https:\/\/bihavadis.com\/?p=6729"},"modified":"2026-01-30T19:21:03","modified_gmt":"2026-01-30T19:21:03","slug":"baskan-ari-avrupa-konseyi-uyeligine-yeniden-secildi","status":"publish","type":"post","link":"https:\/\/bihavadis.com\/index.php\/2026\/01\/30\/baskan-ari-avrupa-konseyi-uyeligine-yeniden-secildi\/","title":{"rendered":"Ba\u015fkan Ar\u0131; Avrupa Konseyi \u00dcyeli\u011fine Yeniden Se\u00e7ildi"},"content":{"rendered":"<p>Nev\u015fehir Belediye Ba\u015fkan\u0131 Rasim Ar\u0131, Avrupa Konseyi Yerel ve B\u00f6lgesel Y\u00f6netimler Kongresi YBYK \u00fcyeli\u011fine yeniden se\u00e7ildi.\u00a0<br \/>Genel 306 asil ve 306 yedek \u00fcyeden olu\u015fan kongre de 2024 -2026 y\u0131llar\u0131 aras\u0131nda 15 \u00fcyeden birisi olan ve ayn\u0131 g\u00f6reve ikinci defa se\u00e7ilen Ba\u015fkan Ar\u0131 hem \u015fehrini hem de \u00fclkesini en iyi ko\u015fullarda temsil etmeye devam ediyor.\u00a0<br \/>46 \u00fclkenin \u00fcye oldu\u011fu Avrupa \u00e7ap\u0131nda 100.000\u2019in \u00fczerinde yerel ve b\u00f6lgesel y\u00f6netimlerin se\u00e7ilmi\u015f temsilcilerinin, sorunlar\u0131n\u0131 tart\u0131\u015ft\u0131klar\u0131, deneyimlerini payla\u015ft\u0131klar\u0131 ve g\u00f6r\u00fc\u015flerini h\u00fck\u00fcmetlere ifade edebilecekleri bir forum ortam\u0131 sa\u011flayan Avrupa Konseyi yerel ve b\u00f6lgesel politikalara t\u00fcm y\u00f6nleri ile dan\u0131\u015fmanl\u0131k yap\u0131yor.\u00a0<br \/>Avrupa Konseyi (AK) Yerel ve B\u00f6lgesel Y\u00f6netimler Kongresi (YBYK) T\u00fcrkiye Ulusal Heyeti yerel meclis \u00fcyeleri aras\u0131nda 9 asil \u00fcyeden birisi olan Ba\u015fkan Ar\u0131, yerel demokrasi anlay\u0131\u015f\u0131n\u0131n g\u00fc\u00e7lendirilmesi a\u00e7\u0131s\u0131ndan ortaya koydu\u011fu vizyoner yap\u0131yla uluslararas\u0131 d\u00fczeyde her kesimden takdir al\u0131yor.\u00a0<br \/>Sosyal ve kamu yarar\u0131 odakl\u0131 yerel y\u00f6netim sistemini sorumluluk ve onur bilinciyle s\u00fcrd\u00fcrmeye devam ederek fark\u0131ndal\u0131k yaratmay\u0131 s\u00fcrd\u00fcrecek olan Belediye Ba\u015fkan\u0131m\u0131z Rasim Ar\u0131\u2019n\u0131n ulusal ve uluslararas\u0131 organizasyonlardaki temsil ve duru\u015fuyla hem konsey toplant\u0131lar\u0131nda hem de izleme komitesinde yapm\u0131\u015f oldu\u011fu konu\u015fmalar\u0131yla T\u00fcrkiye\u2019nin \u00e7\u0131kar ve menfaatleri \u00e7er\u00e7evesinde ortak akl\u0131 temel alan duru\u015funun devam etmesi bekleniyor.<\/p>\n<p>\u00a0<\/p>\n<p>Kaynak: (BYZHA) Beyaz Haber Ajans\u0131<\/p>\n","protected":false},"excerpt":{"rendered":"<p>Nev\u015fehir Belediye Ba\u015fkan\u0131 Rasim Ar\u0131, Avrupa Konseyi Yerel ve B\u00f6lgesel Y\u00f6netimler Kongresi YBYK \u00fcyeli\u011fine yeniden se\u00e7ildi.\u00a0<\/p>\n","protected":false},"author":1,"featured_media":6730,"comment_status":"open","ping_status":"open","sticky":false,"template":"","format":"standard","meta":{"footnotes":""},"categories":[4],"tags":[1054,1574],"class_list":["post-6729","post","type-post","status-publish","format-standard","has-post-thumbnail","hentry","category-gundem","tag-uye","tag-yerel"],"_links":{"self":[{"href":"https:\/\/bihavadis.com\/index.php\/wp-json\/wp\/v2\/posts\/6729","targetHints":{"allow":["GET"]}}],"collection":[{"href":"https:\/\/bihavadis.com\/index.php\/wp-json\/wp\/v2\/posts"}],"about":[{"href":"https:\/\/bihavadis.com\/index.php\/wp-json\/wp\/v2\/types\/post"}],"author":[{"embeddable":true,"href":"https:\/\/bihavadis.com\/index.php\/wp-json\/wp\/v2\/users\/1"}],"replies":[{"embeddable":true,"href":"https:\/\/bihavadis.com\/index.php\/wp-json\/wp\/v2\/comments?post=6729"}],"version-history":[{"count":1,"href":"https:\/\/bihavadis.com\/index.php\/wp-json\/wp\/v2\/posts\/6729\/revisions"}],"predecessor-version":[{"id":6731,"href":"https:\/\/bihavadis.com\/index.php\/wp-json\/wp\/v2\/posts\/6729\/revisions\/6731"}],"wp:featuredmedia":[{"embeddable":true,"href":"https:\/\/bihavadis.com\/index.php\/wp-json\/wp\/v2\/media\/6730"}],"wp:attachment":[{"href":"https:\/\/bihavadis.com\/index.php\/wp-json\/wp\/v2\/media?parent=6729"}],"wp:term":[{"taxonomy":"category","embeddable":true,"href":"https:\/\/bihavadis.com\/index.php\/wp-json\/wp\/v2\/categories?post=6729"},{"taxonomy":"post_tag","embeddable":true,"href":"https:\/\/bihavadis.com\/index.php\/wp-json\/wp\/v2\/tags?post=6729"}],"curies":[{"name":"wp","href":"https:\/\/api.w.org\/{rel}","templated":true}]}}