{"id":67296,"date":"2026-03-09T06:45:09","date_gmt":"2026-03-09T06:45:09","guid":{"rendered":"https:\/\/bihavadis.com\/?p=67296"},"modified":"2026-03-09T06:45:09","modified_gmt":"2026-03-09T06:45:09","slug":"bucada-kadin-emegi-selamlandi","status":"publish","type":"post","link":"https:\/\/bihavadis.com\/index.php\/2026\/03\/09\/bucada-kadin-emegi-selamlandi\/","title":{"rendered":"Buca&#8217;da Kad\u0131n Eme\u011fi Selamland\u0131"},"content":{"rendered":"<p>Buca Belediyesi&#8217;nin emek\u00e7i kad\u0131nlar\u0131 8 Mart&#8217;ta &#8220;Biz Var\u0131z&#8221; diyerek e\u015fitlik mesaj\u0131 verdi.<\/p>\n<p>Buca Belediyesi, 8 Mart D\u00fcnya Emek\u00e7i Kad\u0131nlar G\u00fcn\u00fc\u2019n\u00fc belediye b\u00fcnyesinde g\u00f6rev yapan kad\u0131n personellerin yer ald\u0131\u011f\u0131 \u00f6zel bir video ile kutlad\u0131. Belediyenin sosyal medya hesaplar\u0131ndan payla\u015f\u0131lan duygusal videoda, sahadan ofise kadar her noktada ter d\u00f6ken kad\u0131n emek\u00e7ilerin g\u00f6r\u00fcnt\u00fcleri yer ald\u0131. &#8220;Biz Var\u0131z&#8221; diyerek yola \u00e7\u0131kan kad\u0131nlar\u0131n azmini ve g\u00fcc\u00fcn\u00fc merkeze alan g\u00f6r\u00fcnt\u00fcler eme\u011fin cinsiyetinin olmad\u0131\u011f\u0131n\u0131 bir kez daha hat\u0131rlat\u0131rken, daha adil bir gelece\u011fin ancak kad\u0131nlarla birlikte in\u015fa edilebilece\u011fi mesaj\u0131n\u0131 verdi.<\/p>\n<p>Buca Belediyesi, sosyal medyada yapt\u0131\u011f\u0131 payla\u015f\u0131mda \u015fu ifadelere yer verdi:<br \/>&#8220;Her k\u00f6\u015fede kad\u0131n elinin de\u011fdi\u011fi o nezaketi, azmi ve ba\u015far\u0131y\u0131 gururla izliyoruz. &#8216;Biz Var\u0131z&#8217; diyerek hayata de\u011fer katan, eme\u011fiyle gelece\u011fi \u00f6ren t\u00fcm kad\u0131nlar, toplumumuzun temelidir. Siz varsan\u0131z; umut var, de\u011fi\u015fim var, daha adil ve daha g\u00fczel yar\u0131nlar var. Kad\u0131nlar\u0131n &#8216;Biz Var\u0131z&#8217; dedi\u011fi her yerde, biz de t\u00fcm g\u00fcc\u00fcm\u00fczle yanlar\u0131nday\u0131z. 8 Mart D\u00fcnya Emek\u00e7i Kad\u0131nlar G\u00fcn\u00fc kutlu olsun.&#8221;<\/p>\n<p><strong>BA\u015eKAN DUMAN&#8217;DAN E\u015e\u0130TL\u0130K VE M\u00dcCADELE VURGUSU<\/strong><\/p>\n<p>T\u00fcm kad\u0131nlar\u0131n 8 Mart D\u00fcnya Emek\u00e7i Kad\u0131nlar G\u00fcn\u00fc&#8217;n\u00fc kutlayan Buca Belediye Ba\u015fkan\u0131 G\u00f6rkem Duman, a\u00e7\u0131klamas\u0131nda hak m\u00fccadelesinin ve e\u015fitli\u011fin alt\u0131n\u0131 \u00e7izerek \u015funlar\u0131 ifade etti: &#8220;Bug\u00fcn sadece bir kutlama g\u00fcn\u00fc de\u011fil, ayn\u0131 zamanda e\u015fit haklar i\u00e7in verilen m\u00fccadelenin simgesidir. Buca\u2019da kad\u0131nlar\u0131n g\u00fcc\u00fc, bizim en b\u00fcy\u00fck motivasyon kayna\u011f\u0131m\u0131zd\u0131r. Kad\u0131nlar\u0131n hak etti\u011fi sayg\u0131y\u0131 g\u00f6rd\u00fc\u011f\u00fc, engellerin kalkt\u0131\u011f\u0131 ve e\u015fitli\u011fin hayat\u0131n her alan\u0131na yay\u0131ld\u0131\u011f\u0131 bir d\u00fcnyay\u0131 hep birlikte in\u015fa edece\u011fiz. &#8216;Biz Var\u0131z&#8217; diyen her kad\u0131n\u0131n, t\u00fcm g\u00fcc\u00fcm\u00fczle yan\u0131nday\u0131z. T\u00fcm kad\u0131nlar\u0131n 8 Mart D\u00fcnya Emek\u00e7i Kad\u0131nlar G\u00fcn\u00fc kutlu olsun.&#8221;<\/p>\n<p>Kaynak: (BYZHA) Beyaz Haber Ajans\u0131<\/p>\n","protected":false},"excerpt":{"rendered":"<p>Buca Belediyesi&#8217;nin emek\u00e7i kad\u0131nlar\u0131 8 Mart&#8217;ta &#8220;Biz Var\u0131z&#8221; diyerek e\u015fitlik mesaj\u0131 verdi.<\/p>\n","protected":false},"author":1,"featured_media":67297,"comment_status":"open","ping_status":"open","sticky":false,"template":"","format":"standard","meta":{"footnotes":""},"categories":[4],"tags":[372,437,1057,380,5695],"class_list":["post-67296","post","type-post","status-publish","format-standard","has-post-thumbnail","hentry","category-gundem","tag-belediye","tag-dunya","tag-esit","tag-kadin","tag-kadinlari"],"_links":{"self":[{"href":"https:\/\/bihavadis.com\/index.php\/wp-json\/wp\/v2\/posts\/67296","targetHints":{"allow":["GET"]}}],"collection":[{"href":"https:\/\/bihavadis.com\/index.php\/wp-json\/wp\/v2\/posts"}],"about":[{"href":"https:\/\/bihavadis.com\/index.php\/wp-json\/wp\/v2\/types\/post"}],"author":[{"embeddable":true,"href":"https:\/\/bihavadis.com\/index.php\/wp-json\/wp\/v2\/users\/1"}],"replies":[{"embeddable":true,"href":"https:\/\/bihavadis.com\/index.php\/wp-json\/wp\/v2\/comments?post=67296"}],"version-history":[{"count":1,"href":"https:\/\/bihavadis.com\/index.php\/wp-json\/wp\/v2\/posts\/67296\/revisions"}],"predecessor-version":[{"id":67298,"href":"https:\/\/bihavadis.com\/index.php\/wp-json\/wp\/v2\/posts\/67296\/revisions\/67298"}],"wp:featuredmedia":[{"embeddable":true,"href":"https:\/\/bihavadis.com\/index.php\/wp-json\/wp\/v2\/media\/67297"}],"wp:attachment":[{"href":"https:\/\/bihavadis.com\/index.php\/wp-json\/wp\/v2\/media?parent=67296"}],"wp:term":[{"taxonomy":"category","embeddable":true,"href":"https:\/\/bihavadis.com\/index.php\/wp-json\/wp\/v2\/categories?post=67296"},{"taxonomy":"post_tag","embeddable":true,"href":"https:\/\/bihavadis.com\/index.php\/wp-json\/wp\/v2\/tags?post=67296"}],"curies":[{"name":"wp","href":"https:\/\/api.w.org\/{rel}","templated":true}]}}