{"id":67330,"date":"2026-03-09T07:09:08","date_gmt":"2026-03-09T07:09:08","guid":{"rendered":"https:\/\/bihavadis.com\/?p=67330"},"modified":"2026-03-09T07:09:08","modified_gmt":"2026-03-09T07:09:08","slug":"fenerbahce-uefa-avrupa-ligi-maci-icin-nottinghamda","status":"publish","type":"post","link":"https:\/\/bihavadis.com\/index.php\/2026\/03\/09\/fenerbahce-uefa-avrupa-ligi-maci-icin-nottinghamda\/","title":{"rendered":"Fenerbah\u00e7e, UEFA Avrupa Ligi ma\u00e7\u0131 i\u00e7in Nottingham&#8217;da"},"content":{"rendered":"<p>UEFA Avrupa Ligi son 16 play-off turu r\u00f6van\u015f\u0131nda yar\u0131n \u0130ngiltere temsilcisi Nottingham Forest ile kar\u015f\u0131la\u015facak Fenerbah\u00e7e, Nottingham \u015fehrine geldi.<\/p>\n<p>\u0130stanbul&#8217;dan \u00f6zel u\u00e7akla yakla\u015f\u0131k 4,5 saatlik yolculu\u011fun ard\u0131ndan Nottingham&#8217;a ula\u015fan sar\u0131-lacivertli kafileyi, konaklayaca\u011f\u0131 otel \u00f6n\u00fcnde bir grup taraftar me\u015falelerle kar\u015f\u0131lad\u0131.<\/p>\n<p><strong>YER ALAN Y\u00d6NEC\u0130LER<\/strong><\/p>\n<p>Kafilede, y\u00f6neticilerden Ertan Toruno\u011fullar\u0131, Ali G\u00fcrb\u00fcz, Adem K\u00f6z ve Eren Ergen&#8217;in yan\u0131 s\u0131ra futbol A\u015e y\u00f6netim kurulu \u00fcyeleri \u00d6mer Topba\u015f, Turgay Terzi, Tar\u0131k Akba\u015f ve Mehdi \u015eeren yer ald\u0131.<\/p>\n<p>Nottingham Forest-Fenerbah\u00e7e ma\u00e7\u0131, saat 23.00&#8217;te ba\u015flayacak.<\/p>\n<p><img decoding=\"async\" src=\"https:\/\/bihavadis.com\/wp-content\/uploads\/2026\/03\/fenerbahce-uefa-avrupa-ligi-maci-icin-nottinghamda-0-1U3FFzrA.jpg\"\/><\/p>\n<p><img decoding=\"async\" src=\"https:\/\/bihavadis.com\/wp-content\/uploads\/2026\/03\/fenerbahce-uefa-avrupa-ligi-maci-icin-nottinghamda-1-xkHRcdRv.jpg\"\/><\/p>\n<p><img decoding=\"async\" src=\"https:\/\/bihavadis.com\/wp-content\/uploads\/2026\/03\/fenerbahce-uefa-avrupa-ligi-maci-icin-nottinghamda-2-ukp4HptM.jpg\"\/> <\/p>\n<div> <span><strong>Kaynak:<\/strong> Ensonhaber Haber Merkezi<\/span> <\/div>\n","protected":false},"excerpt":{"rendered":"<p>UEFA Avrupa Ligi son 16 play-off turu r\u00f6van\u015f\u0131nda yar\u0131n \u0130ngiltere temsilcisi Nottingham Forest ile kar\u015f\u0131la\u015facak Fenerbah\u00e7e, Nottingham \u015fehrine geldi. \u0130stanbul&#8217;dan \u00f6zel u\u00e7akla yakla\u015f\u0131k 4,5 saatlik yolculu\u011fun ard\u0131ndan Nottingham&#8217;a ula\u015fan sar\u0131-lacivertli &#8230;<\/p>\n","protected":false},"author":1,"featured_media":67331,"comment_status":"open","ping_status":"open","sticky":false,"template":"","format":"standard","meta":{"footnotes":""},"categories":[14],"tags":[],"class_list":["post-67330","post","type-post","status-publish","format-standard","has-post-thumbnail","hentry","category-spor"],"_links":{"self":[{"href":"https:\/\/bihavadis.com\/index.php\/wp-json\/wp\/v2\/posts\/67330","targetHints":{"allow":["GET"]}}],"collection":[{"href":"https:\/\/bihavadis.com\/index.php\/wp-json\/wp\/v2\/posts"}],"about":[{"href":"https:\/\/bihavadis.com\/index.php\/wp-json\/wp\/v2\/types\/post"}],"author":[{"embeddable":true,"href":"https:\/\/bihavadis.com\/index.php\/wp-json\/wp\/v2\/users\/1"}],"replies":[{"embeddable":true,"href":"https:\/\/bihavadis.com\/index.php\/wp-json\/wp\/v2\/comments?post=67330"}],"version-history":[{"count":1,"href":"https:\/\/bihavadis.com\/index.php\/wp-json\/wp\/v2\/posts\/67330\/revisions"}],"predecessor-version":[{"id":67335,"href":"https:\/\/bihavadis.com\/index.php\/wp-json\/wp\/v2\/posts\/67330\/revisions\/67335"}],"wp:featuredmedia":[{"embeddable":true,"href":"https:\/\/bihavadis.com\/index.php\/wp-json\/wp\/v2\/media\/67331"}],"wp:attachment":[{"href":"https:\/\/bihavadis.com\/index.php\/wp-json\/wp\/v2\/media?parent=67330"}],"wp:term":[{"taxonomy":"category","embeddable":true,"href":"https:\/\/bihavadis.com\/index.php\/wp-json\/wp\/v2\/categories?post=67330"},{"taxonomy":"post_tag","embeddable":true,"href":"https:\/\/bihavadis.com\/index.php\/wp-json\/wp\/v2\/tags?post=67330"}],"curies":[{"name":"wp","href":"https:\/\/api.w.org\/{rel}","templated":true}]}}