{"id":67339,"date":"2026-03-09T07:15:08","date_gmt":"2026-03-09T07:15:08","guid":{"rendered":"https:\/\/bihavadis.com\/?p=67339"},"modified":"2026-03-09T07:15:08","modified_gmt":"2026-03-09T07:15:08","slug":"baskan-altay-kapi-camiinde-gelenek-olarak-surdurulen-ummet-iftarinin-bereketine-ortak-oldu","status":"publish","type":"post","link":"https:\/\/bihavadis.com\/index.php\/2026\/03\/09\/baskan-altay-kapi-camiinde-gelenek-olarak-surdurulen-ummet-iftarinin-bereketine-ortak-oldu\/","title":{"rendered":"Ba\u015fkan Altay Kap\u0131 Camii&#8217;nde Gelenek Olarak S\u00fcrd\u00fcr\u00fclen &#8220;\u00dcmmet \u0130ftar\u0131&#8221;n\u0131n Bereketine Ortak Oldu"},"content":{"rendered":"<p><strong>Konya B\u00fcy\u00fck\u015fehir Belediye Ba\u015fkan\u0131 U\u011fur \u0130brahim Altay, Kap\u0131 Camii\u2019nde bir gelenek olarak s\u00fcrd\u00fcr\u00fclen \u00dcmmet \u0130ftar\u0131\u2019na kat\u0131ld\u0131. Ba\u015fkan Altay, \u201cKap\u0131 Camimizde y\u0131llard\u0131r d\u00fczenlenen \u00dcmmet \u0130ftar\u0131\u2019nda bu y\u0131l da \u00e7ocuklar\u0131m\u0131zla, gen\u00e7lerimizle, esnaf\u0131m\u0131zla, kom\u015fumuzla, hem\u015fehrilerimizle ayn\u0131 sofray\u0131 payla\u015fman\u0131n huzurunu ve bereketini ya\u015fad\u0131k. Rabbim, muhabbetimizi, karde\u015fli\u011fimizi, birlik ve beraberli\u011fimizi daim eylesin\u201d dedi.<\/strong><\/p>\n<p>\u00a0<\/p>\n<p>Konya B\u00fcy\u00fck\u015fehir Belediye Ba\u015fkan\u0131 U\u011fur \u0130brahim Altay, Ramazan ay\u0131nda bir gelenek olarak d\u00fczenlenen \u201c\u00dcmmet \u0130ftar\u0131\u201dnda vatanda\u015flarla bulu\u015ftu.<\/p>\n<p>Kap\u0131 Camii\u2019nde y\u0131llard\u0131r s\u00fcrd\u00fcr\u00fclen &#8220;\u00dcmmet \u0130ftar\u0131&#8221; ile her Ramazan ay\u0131nda binlerce ki\u015fi ayn\u0131 sofrada bir araya geliyor. \u0130ftara kat\u0131lan Ba\u015fkan Altay, bu g\u00fczel gelene\u011fi ya\u015fatan Konyal\u0131lara te\u015fekk\u00fcr etti.<\/p>\n<p>Ramazan\u2019\u0131n payla\u015fman\u0131n, karde\u015fli\u011fin ve g\u00f6n\u00fcl birlikteli\u011finin en g\u00fczel \u015fekilde hissedildi\u011fi m\u00fcbarek bir zaman dilimi oldu\u011funu kaydeden Ba\u015fkan Altay, \u201cKap\u0131 Camimizde y\u0131llard\u0131r d\u00fczenlenen \u00dcmmet \u0130ftar\u0131\u2019nda bu y\u0131l da \u00e7ocuklar\u0131m\u0131zla, gen\u00e7lerimizle, esnaf\u0131m\u0131zla, kom\u015fumuzla, hem\u015fehrilerimizle ayn\u0131 sofray\u0131 payla\u015fman\u0131n huzurunu ve bereketini ya\u015fad\u0131k. Birlik, karde\u015flik ve dayan\u0131\u015fma i\u00e7erisinde ge\u00e7irdi\u011fimiz bu m\u00fcbarek ayda Rabbim tuttu\u011fumuz oru\u00e7lar\u0131m\u0131z\u0131 kabul etsin. Rabbim, muhabbetimizi, karde\u015fli\u011fimizi, birlik ve beraberli\u011fimizi daim eylesin\u201d ifadelerini kulland\u0131.<\/p>\n<p>Simit, su, hurma, zeytin, peynir ve \u00e7ay gibi iftariyeliklerin da\u011f\u0131t\u0131ld\u0131\u011f\u0131 \u201c\u00dcmmet \u0130ftar\u0131\u201d yap\u0131lan dualar ve edilen sohbetlerin e\u015fli\u011finde tamamland\u0131.<\/p>\n<p>Kaynak: (BYZHA) Beyaz Haber Ajans\u0131<\/p>\n","protected":false},"excerpt":{"rendered":"<p>Konya B\u00fcy\u00fck\u015fehir Belediye Ba\u015fkan\u0131 U\u011fur \u0130brahim Altay, Kap\u0131 Camii\u2019nde bir gelenek olarak s\u00fcrd\u00fcr\u00fclen \u00dcmmet \u0130ftar\u0131\u2019na kat\u0131ld\u0131.<\/p>\n","protected":false},"author":1,"featured_media":67340,"comment_status":"open","ping_status":"open","sticky":false,"template":"","format":"standard","meta":{"footnotes":""},"categories":[4],"tags":[1152,516,7617],"class_list":["post-67339","post","type-post","status-publish","format-standard","has-post-thumbnail","hentry","category-gundem","tag-altay","tag-baskan","tag-ummet"],"_links":{"self":[{"href":"https:\/\/bihavadis.com\/index.php\/wp-json\/wp\/v2\/posts\/67339","targetHints":{"allow":["GET"]}}],"collection":[{"href":"https:\/\/bihavadis.com\/index.php\/wp-json\/wp\/v2\/posts"}],"about":[{"href":"https:\/\/bihavadis.com\/index.php\/wp-json\/wp\/v2\/types\/post"}],"author":[{"embeddable":true,"href":"https:\/\/bihavadis.com\/index.php\/wp-json\/wp\/v2\/users\/1"}],"replies":[{"embeddable":true,"href":"https:\/\/bihavadis.com\/index.php\/wp-json\/wp\/v2\/comments?post=67339"}],"version-history":[{"count":1,"href":"https:\/\/bihavadis.com\/index.php\/wp-json\/wp\/v2\/posts\/67339\/revisions"}],"predecessor-version":[{"id":67341,"href":"https:\/\/bihavadis.com\/index.php\/wp-json\/wp\/v2\/posts\/67339\/revisions\/67341"}],"wp:featuredmedia":[{"embeddable":true,"href":"https:\/\/bihavadis.com\/index.php\/wp-json\/wp\/v2\/media\/67340"}],"wp:attachment":[{"href":"https:\/\/bihavadis.com\/index.php\/wp-json\/wp\/v2\/media?parent=67339"}],"wp:term":[{"taxonomy":"category","embeddable":true,"href":"https:\/\/bihavadis.com\/index.php\/wp-json\/wp\/v2\/categories?post=67339"},{"taxonomy":"post_tag","embeddable":true,"href":"https:\/\/bihavadis.com\/index.php\/wp-json\/wp\/v2\/tags?post=67339"}],"curies":[{"name":"wp","href":"https:\/\/api.w.org\/{rel}","templated":true}]}}