{"id":67355,"date":"2026-03-09T07:27:14","date_gmt":"2026-03-09T07:27:14","guid":{"rendered":"https:\/\/bihavadis.com\/?p=67355"},"modified":"2026-03-09T07:27:14","modified_gmt":"2026-03-09T07:27:14","slug":"besikduzune-uc-yeni-park","status":"publish","type":"post","link":"https:\/\/bihavadis.com\/index.php\/2026\/03\/09\/besikduzune-uc-yeni-park\/","title":{"rendered":"Be\u015fikd\u00fcz\u00fc&#8217;ne \u00dc\u00e7 Yeni Park"},"content":{"rendered":"<p> Trabzon B\u00fcy\u00fck\u015fehir Belediyesince Be\u015fikd\u00fcz\u00fc il\u00e7esinde \u00fc\u00e7 park yap\u0131lacak.<\/p>\n<p>B\u00fcy\u00fck\u015fehir Belediyesinden yap\u0131lan a\u00e7\u0131klamaya g\u00f6re, Ba\u015fkan Ahmet Metin Gen\u00e7 ve Be\u015fikd\u00fcz\u00fc Belediye Ba\u015fkan\u0131 Cahit Erdem aras\u0131nda &#8220;Muhtelif Mahallerde Park-Spor Sahas\u0131 Yap\u0131m\u0131 ve Park Yenilemeye Y\u00f6nelik \u0130\u015fbirli\u011fi Protokol\u00fc&#8221; imzaland\u0131.<\/p>\n<p>Projenin il\u00e7eye hay\u0131rl\u0131 olmas\u0131n\u0131 dileyen Gen\u00e7, g\u00f6reve geldi\u011fi g\u00fcnden beri sadece Ortahisar&#8217;da de\u011fil, \u015fehrin b\u00fct\u00fcn il\u00e7elerinde halk\u0131n ya\u015fam standard\u0131n\u0131 y\u00fckseltmeyi \u00f6nemli bir hedef olarak belirlediklerini ifade etti.<\/p>\n<p>Gen\u00e7, bu hedef do\u011frultusunda b\u00fcy\u00fck bir gayret verdiklerini belirterek, &#8220;\u015eimdi de g\u00fczel Be\u015fikd\u00fcz\u00fc&#8217;m\u00fcz i\u00e7in protokol imzalad\u0131k. \u0130l\u00e7emizde \u00fc\u00e7 tane yeni park yapaca\u011f\u0131z. Be\u015fikd\u00fcz\u00fc Belediyemiz ile bu manada g\u00fczel bir i\u015fbirli\u011fi olu\u015fturduk. \u0130l\u00e7emize hay\u0131rl\u0131 olsun in\u015fallah.&#8221; de\u011ferlendirmesinde bulundu.<\/p>\n<p>Erdem ise Be\u015fikd\u00fcz\u00fc i\u00e7in g\u00fczel bir protokole imza att\u0131klar\u0131na i\u015faret ederek, &#8220;Belediyemize ait arsalar \u00fczerine B\u00fcy\u00fck\u015fehir Belediyemiz \u00fc\u00e7 yeni park yapacak. \u0130l\u00e7emizdeki sosyal alanlar\u0131 \u00e7o\u011faltmak ve her ya\u015ftan vatanda\u015f\u0131m\u0131z\u0131n bu y\u00f6ndeki ihtiyac\u0131n\u0131 kar\u015f\u0131lamak i\u00e7in \u00e7al\u0131\u015fmalar\u0131m\u0131z s\u00fcrecek. Destekleri nedeniyle B\u00fcy\u00fck\u015fehir Belediye Ba\u015fkan\u0131m\u0131z Ahmet Metin Gen\u00e7 ve \u00e7al\u0131\u015fma arkada\u015flar\u0131na Be\u015fikd\u00fcz\u00fc halk\u0131 ad\u0131na te\u015fekk\u00fcr ediyorum.&#8221; ifadelerini kulland\u0131.<\/p>\n","protected":false},"excerpt":{"rendered":"<p>Trabzon B\u00fcy\u00fck\u015fehir Belediyesi, Be\u015fikd\u00fcz\u00fc&#8217;nde \u00fc\u00e7 yeni park yapacak. Protokol imzaland\u0131.<\/p>\n","protected":false},"author":1,"featured_media":67356,"comment_status":"open","ping_status":"open","sticky":false,"template":"","format":"standard","meta":{"footnotes":""},"categories":[9,4,13],"tags":[372,7618,1540],"class_list":["post-67355","post","type-post","status-publish","format-standard","has-post-thumbnail","hentry","category-genel","category-gundem","category-son-dakika","tag-belediye","tag-besikduzu","tag-park"],"_links":{"self":[{"href":"https:\/\/bihavadis.com\/index.php\/wp-json\/wp\/v2\/posts\/67355","targetHints":{"allow":["GET"]}}],"collection":[{"href":"https:\/\/bihavadis.com\/index.php\/wp-json\/wp\/v2\/posts"}],"about":[{"href":"https:\/\/bihavadis.com\/index.php\/wp-json\/wp\/v2\/types\/post"}],"author":[{"embeddable":true,"href":"https:\/\/bihavadis.com\/index.php\/wp-json\/wp\/v2\/users\/1"}],"replies":[{"embeddable":true,"href":"https:\/\/bihavadis.com\/index.php\/wp-json\/wp\/v2\/comments?post=67355"}],"version-history":[{"count":1,"href":"https:\/\/bihavadis.com\/index.php\/wp-json\/wp\/v2\/posts\/67355\/revisions"}],"predecessor-version":[{"id":67357,"href":"https:\/\/bihavadis.com\/index.php\/wp-json\/wp\/v2\/posts\/67355\/revisions\/67357"}],"wp:featuredmedia":[{"embeddable":true,"href":"https:\/\/bihavadis.com\/index.php\/wp-json\/wp\/v2\/media\/67356"}],"wp:attachment":[{"href":"https:\/\/bihavadis.com\/index.php\/wp-json\/wp\/v2\/media?parent=67355"}],"wp:term":[{"taxonomy":"category","embeddable":true,"href":"https:\/\/bihavadis.com\/index.php\/wp-json\/wp\/v2\/categories?post=67355"},{"taxonomy":"post_tag","embeddable":true,"href":"https:\/\/bihavadis.com\/index.php\/wp-json\/wp\/v2\/tags?post=67355"}],"curies":[{"name":"wp","href":"https:\/\/api.w.org\/{rel}","templated":true}]}}