{"id":67358,"date":"2026-03-09T07:30:07","date_gmt":"2026-03-09T07:30:07","guid":{"rendered":"https:\/\/bihavadis.com\/?p=67358"},"modified":"2026-03-09T07:30:07","modified_gmt":"2026-03-09T07:30:07","slug":"menemende-8-mart-coskusu-yasandi","status":"publish","type":"post","link":"https:\/\/bihavadis.com\/index.php\/2026\/03\/09\/menemende-8-mart-coskusu-yasandi\/","title":{"rendered":"Menemen&#8217;de 8 Mart co\u015fkusu ya\u015fand\u0131"},"content":{"rendered":"<p><b><i>Menemenli kad\u0131nlar 8 Mart D\u00fcnya Kad\u0131nlar G\u00fcn\u00fc&#8217;n\u00fc, iftar program\u0131yla kar\u015f\u0131lad\u0131. Binden fazla kad\u0131n\u0131n kat\u0131l\u0131m\u0131yla d\u00fczenlenen iftar program\u0131nda Menemen Belediye Ba\u015fkan\u0131 Ayd\u0131n Pehlivan, \u201cKad\u0131n g\u00fc\u00e7l\u00fc olursa aile g\u00fc\u00e7l\u00fc olur, toplum g\u00fc\u00e7l\u00fc olur, Menemen g\u00fc\u00e7l\u00fc olur, \u0130zmir g\u00fc\u00e7l\u00fc olur, T\u00fcrkiye g\u00fc\u00e7l\u00fc olur. Gururla ifade etmek gerekirse Menemen g\u00fc\u00e7l\u00fc kad\u0131nlar\u0131n kentidir\u201d dedi.<\/i><\/b><\/p>\n<p>8 Mart D\u00fcnya Kad\u0131nlar G\u00fcn\u00fc, Menemen&#8217;de birlik, beraberlik ve dayan\u0131\u015fma i\u00e7inde iftar sofras\u0131nda kar\u015f\u0131land\u0131. Menemen Belediyesi Tepe Sosyal Tesisleri&#8217;nde Kad\u0131nlar G\u00fcn\u00fc i\u00e7in \u00f6zel olarak d\u00fczenlenen iftar program\u0131na, Menemen Belediye Ba\u015fkan\u0131 Ayd\u0131n Pehlivan ile birlikte\u00a0 AK Parti Yerel Y\u00f6netimler Ba\u015fkan Yard\u0131mc\u0131s\u0131 ve \u0130zmir Milletvekili Ceyda B\u00f6l\u00fcnmez \u00c7ank\u0131r\u0131, AK Parti Kad\u0131n Kollar\u0131 Genel Ba\u015fkan Yard\u0131mc\u0131s\u0131 Ger\u00e7ek Tekin, AK Parti \u0130zmir \u0130l Kad\u0131n Kollar\u0131 Ba\u015fkan\u0131 Emel Dalk\u0131ran, AK Parti Menemen \u0130l\u00e7e Ba\u015fkan\u0131 Hakk\u0131 Durmaz, MHP Menemen \u0130l\u00e7e Ba\u015fkan\u0131 Barbaros \u00c7al\u0131\u015f\u00e7\u0131 ve Menemen&#8217;in d\u00f6rt bir yan\u0131nda ya\u015fayan kad\u0131nlar kat\u0131ld\u0131. Tasavvuf dinletisi ve semah ile ba\u015flayan programda, son g\u00fcnlerde \u00e7ok pop\u00fcler olan &#8220;K\u00e2be&#8217;de hac\u0131lar&#8221; ilahisinin okunmas\u0131na kad\u0131nlar da ellerindeki karanfillerle e\u015flik etti.<\/p>\n<p>&#8220;Kad\u0131n g\u00fc\u00e7l\u00fc olursa, toplum g\u00fc\u00e7l\u00fc olur&#8221;<\/p>\n<p>Gecenin a\u00e7\u0131l\u0131\u015f konu\u015fmas\u0131n\u0131 yapan Menemen Belediye Ba\u015fkan\u0131 Ayd\u0131n Pehlivan, &#8220;Kad\u0131n; sevgidir, \u015fefkattir, sab\u0131rd\u0131r, emek ve berekettir. Kad\u0131n; yuvad\u0131r. Kad\u0131n; umuttur. Kad\u0131n; hayat\u0131n ta kendisidir. Bir \u00e7ocu\u011fun ilk \u00f6\u011fretmeni annedir. Bir ailenin en g\u00fc\u00e7l\u00fc dire\u011fi kad\u0131nd\u0131r. Bir toplumun gelece\u011fini \u015fekillendiren yine kad\u0131nd\u0131r. \u0130\u015fte bu y\u00fczden biz her zaman \u015funu s\u00f6yl\u00fcyoruz; bir \u015fehrin g\u00fcc\u00fc, kad\u0131nlar\u0131n\u0131n g\u00fcc\u00fc kadard\u0131r. Kad\u0131n g\u00fc\u00e7l\u00fc olursa; aile g\u00fc\u00e7l\u00fc olur, toplum g\u00fc\u00e7l\u00fc olur, Menemen g\u00fc\u00e7l\u00fc olur. Ne mutlu bize ki Ulu \u00d6nderimiz Gazi Mustafa Kemal Atat\u00fcrk, T\u00fcrk kad\u0131n\u0131na bir\u00e7ok Avrupa \u00fclkesinden \u00f6nce se\u00e7me ve se\u00e7ilme hakk\u0131n\u0131 vererek, kad\u0131n\u0131n toplumdaki yerini bir l\u00fctuf olarak de\u011fil, bir hak olarak teslim etmi\u015ftir. Onun &#8216;Kad\u0131nlar\u0131n\u0131 geride b\u0131rakan toplum, geride kalmaya mahk\u00fbmdur.&#8217; s\u00f6z\u00fc bizim yolumuzu ayd\u0131nlatmaya devam ediyor. Cumhurba\u015fkan\u0131m\u0131z Say\u0131n Recep Tayyip Erdo\u011fan\u2019\u0131n da ifade etti\u011fi gibi; &#8216;Kad\u0131nlar\u0131n\u0131 ihmal eden bir toplum, g\u00fcc\u00fcn\u00fcn yar\u0131s\u0131n\u0131 kaybetmi\u015f demektir.&#8217; Biz de Menemen\u2019de bu anlay\u0131\u015fla \u00e7al\u0131\u015f\u0131yoruz. Kad\u0131nlar\u0131n ak\u015fam huzurla y\u00fcr\u00fcyebildi\u011fi, \u00e7ocuklar\u0131n\u0131 g\u00fcvenle parka g\u00f6t\u00fcrebildi\u011fi, sosyal hayat\u0131n i\u00e7inde daha g\u00fc\u00e7l\u00fc yer ald\u0131\u011f\u0131 bir Menemen i\u00e7in gece g\u00fcnd\u00fcz demeden \u00e7al\u0131\u015f\u0131yoruz. Ve art\u0131k b\u00fcy\u00fck bir gururla s\u00f6yl\u00fcyoruz: Menemen g\u00fc\u00e7l\u00fc kad\u0131nlar\u0131n \u015fehridir.&#8221; dedi.<\/p>\n<p><b>&#8220;Kad\u0131nlar, gelece\u011fi yeti\u015ftiren kahramanlard\u0131r&#8221;<\/b><\/p>\n<p>Ba\u015fkan Pehlivan&#8217;\u0131n yo\u011fun alk\u0131\u015f alan konu\u015fmas\u0131 sonras\u0131 k\u00fcrs\u00fcye \u00e7\u0131kan isimse AK Parti Kad\u0131n Kollar\u0131 Genel Ba\u015fkan Yard\u0131mc\u0131s\u0131 Ger\u00e7ek Tekin oldu. Tekin, &#8220;Ramazan sadece a\u00e7 kalmak de\u011fil, g\u00f6n\u00fclleri doyurmakt\u0131r. Sadece sofralar\u0131 de\u011fil, g\u00f6n\u00fclleri birle\u015ftirmektir. Bu m\u00fcbarek ayda ayn\u0131 sofran\u0131n etraf\u0131nda bulu\u015fmak \u00e7ok k\u0131ymetlidir. Bug\u00fcn ayn\u0131 zamanda 8 Mart D\u00fcnya Kad\u0131nlar G\u00fcn\u00fc&#8230; Kad\u0131n hayat\u0131n merkezidir, kad\u0131n merhametin, eme\u011fin, fedakarl\u0131\u011f\u0131n ad\u0131d\u0131r. Toplumun vicdan\u0131, ailenin temeli ve mimar\u0131d\u0131r. Kad\u0131nlar\u0131n daha g\u00fc\u00e7l\u00fc ve s\u00f6z sahibi olmas\u0131 i\u00e7in var g\u00fcc\u00fcm\u00fczde \u00e7al\u0131\u015f\u0131yoruz. Kad\u0131nlar\u0131n toplumda daha g\u00fc\u00e7l\u00fc olmas\u0131, yaln\u0131zca ekonomik de\u011fil, toplumsal geli\u015fimin de \u00f6nemli \u015fartlar\u0131ndan biridir. Kad\u0131nlar yaln\u0131zca evlat yeti\u015ftiren anneler de\u011fil, gelece\u011fi yeti\u015ftiren kahramanlard\u0131r.&#8221; dedi.<\/p>\n<p><b>&#8220;Kad\u0131n demek cesaret demektir&#8221;<\/b><\/p>\n<p>AK Parti \u0130zmir \u0130l Kad\u0131n Kollar\u0131 Ba\u015fkan\u0131 Emel Dalk\u0131ran ise, &#8220;Bug\u00fcn sizlerin heyecan\u0131 ve co\u015fkusu, bizlere de heyecan ve co\u015fku veriyor. Rabbim birlik ve beraberli\u011fimizi daim etsin. Eme\u011fiyle, fedakarl\u0131\u011f\u0131yla ya\u015fama katk\u0131 sunan t\u00fcm kad\u0131nlar\u0131m\u0131z\u0131n D\u00fcnya Kad\u0131nlar G\u00fcn\u00fc kutlu olsun. Kad\u0131n demek emek demek, kad\u0131n demek fedakarl\u0131k demek, cesaret demek. Kad\u0131n varsa ba\u015far\u0131, huzur ve mutluluk vard\u0131r. Cumhurba\u015fkan\u0131m\u0131z Say\u0131n Recep Tayyip Erdo\u011fan&#8217;\u0131n kad\u0131nlara verdi\u011fi destekle, bug\u00fcn siyasetten sanayiye kadar kad\u0131n\u0131n olmad\u0131\u011f\u0131 hi\u00e7bir yer yok. Her alanda say\u0131m\u0131z her ge\u00e7en g\u00fcn art\u0131yor. Say\u0131n Cumhurba\u015fkan\u0131m\u0131za kad\u0131nlara verdi\u011fi de\u011ferden dolay\u0131 \u015f\u00fckranlar\u0131m\u0131z\u0131 sunuyorum. \u0130yi ki sizlerle kocaman bir aile olduk.&#8221; ifadelerini kulland\u0131.<\/p>\n<p><b>&#8220;Siyasetin de devletin de \u00f6z\u00fc insan, aile ve kad\u0131nd\u0131r&#8221;<\/b><\/p>\n<p>Menemen&#8217;de 8 Mart D\u00fcnya Kad\u0131nlar G\u00fcn\u00fc i\u00e7in d\u00fczenlenen iftar program\u0131nda k\u00fcrs\u00fcye gelen AK Parti Yerel Y\u00f6netimler Ba\u015fkan Yard\u0131mc\u0131s\u0131 ve \u0130zmir Milletvekili Ceyda B\u00f6l\u00fcnmez \u00c7ank\u0131r\u0131 da siyasetin ve devletin de \u00f6z\u00fcn\u00fcn insan, aile, kad\u0131n oldu\u011funa dikkat \u00e7ekti. \u00c7ank\u0131r\u0131, \u201cCumhurba\u015fkan\u0131m\u0131z Say\u0131n Recep Tayyip Erdo\u011fan\u2019\u0131n her f\u0131rsatta ifade etti\u011fi gibi, &#8216;Kad\u0131n\u0131 d\u0131\u015flayan bir toplum, g\u00fcc\u00fcn\u00fcn yar\u0131s\u0131ndan vazge\u00e7mi\u015f demektir. Say\u0131n Emine Erdo\u011fan Han\u0131mefendi\u2019nin de belirtti\u011fi gibi; \u2018Kad\u0131n eli de\u011fen her i\u015f, merhametle, zarafetle ve adaletle b\u00fcy\u00fcr.\u2019 Bizler; mutfaktaki tencerenin kaynamas\u0131ndan, devletin en kritik karar masalar\u0131na kadar her yerdeyiz! AK Parti\u2019mizin 24 y\u0131ll\u0131k ba\u015far\u0131 hikayesinin arkas\u0131nda da dev bir ordu vard\u0131r: Bu ordu; y\u00fcre\u011finde iman ve vatan sevgisiyle ya\u015fayan, g\u00fc\u00e7l\u00fc, \u00e7al\u0131\u015fkan, cefakar AK Kad\u0131nlard\u0131r! Sokak sokak, kap\u0131 kap\u0131 gezerek g\u00f6n\u00fclleri fetheden, T\u00fcrkiye\u2019nin en b\u00fcy\u00fck kad\u0131n hareketi olan Kad\u0131n Kollar\u0131m\u0131z\u0131n her bir ferdine \u015f\u00fckranlar\u0131m\u0131 sunuyorum.&#8221; dedi.<\/p>\n<p><b>&#8220;Menemen, &#8216;\u0130zmir nas\u0131l y\u00f6netilir?&#8217; sorusuna en net ve g\u00fc\u00e7l\u00fc cevapt\u0131r&#8221;<\/b><\/p>\n<p>Konu\u015fmas\u0131nda Menemen&#8217;deki belediyecilik ba\u015far\u0131s\u0131na da de\u011finen \u00c7ank\u0131r\u0131, &#8220;Gelelim Menemen&#8217;e; bug\u00fcn burada neden y\u00fcz\u00fcm\u00fcz g\u00fcl\u00fcyor? Neden burada ba\u015f\u0131m\u0131z dik? \u00c7\u00fcnk\u00fc burada, laf kalabal\u0131\u011f\u0131na yer yok; burada samimiyet var, burada Menemen\u2019in makus talihini yenen bir irade var! Menemen, AK Parti belediyecili\u011fi ile bulu\u015ftu\u011fu g\u00fcnden beri sadece \u00e7ehresini de\u011fi\u015ftirmedi, \u00f6zg\u00fcvenini geri kazand\u0131. Biz buray\u0131 devrald\u0131\u011f\u0131m\u0131zda Menemen; y\u00f6netim krizleriyle, \u00f6denemeyen bor\u00e7larla ve vizyonsuzlukla bo\u011fu\u015fuyordu. Bug\u00fcn ise Ayd\u0131n Pehlivan Ba\u015fkan\u0131m\u0131zla birlikte; asfaltlanan yollar\u0131n \u00e7ok \u00f6tesinde, sosyal belediyecilik&#8217; nedir t\u00fcm \u0130zmir\u2019e \u00f6\u011fretiyoruz. Kad\u0131nlar\u0131m\u0131z\u0131n huzurla vakit ge\u00e7irdi\u011fi tesislerden, gen\u00e7lerimizin gelece\u011fe haz\u0131rland\u0131\u011f\u0131 merkezlere kadar Menemen art\u0131k bir hizmet \u015fantiyesine d\u00f6n\u00fc\u015fm\u00fc\u015ft\u00fcr. Menemen, \u0130zmir\u2019in &#8216;nas\u0131l y\u00f6netilir?&#8217; sorusuna verilen en net, en g\u00fc\u00e7l\u00fc cevapt\u0131r!&#8221; dedi.<\/p>\n<p>\u00c7ank\u0131r\u0131&#8217;n\u0131n konu\u015fmas\u0131 sonras\u0131 iftar program\u0131 g\u00fcn\u00fcn an\u0131s\u0131na dair foto\u011fraf \u00e7ekimleriyle son buldu.<\/p>\n<p><b>\u0130ftar sonras\u0131 da programlar devam etti<\/b><\/p>\n<p>Menemen Belediye Ba\u015fkan\u0131 Ayd\u0131n Pehlivan ve AK Parti Yerel Y\u00f6netimler Ba\u015fkan Yard\u0131mc\u0131s\u0131 ve \u0130zmir Milletvekili Ceyda B\u00f6l\u00fcnmez \u00c7ank\u0131r\u0131&#8217;n\u0131n iftar sonras\u0131nda da programlar\u0131 yo\u011fundu. Ba\u015fkan Pehlivan ve \u00c7ank\u0131r\u0131 ilk olarak Belen K\u00f6y\u00fc Muhtar\u0131 Birol O\u011fuz&#8217;a, vefat eden annesi i\u00e7in taziye ziyaretinde bulundu. Daha sonra Eski Belen Kahve i\u015fletmesini ziyaret eden Ba\u015fkan Pehlivan ve \u00c7ank\u0131r\u0131&#8217;n\u0131n bir sonraki dura\u011f\u0131 Asarl\u0131k oldu. Filiz \u0130lhan&#8217;a ger\u00e7ekle\u015ftirilen ziyaret sonras\u0131 Gaybi Mahallesi&#8217;nde de Aktan ailesini ziyaret eden Ba\u015fkan Pehlivan ve \u00c7ank\u0131r\u0131&#8217;n\u0131n son dura\u011f\u0131 ise Menemen Cumhuriyet Meydan\u0131&#8217;nda AK Parti Gen\u00e7lik Kollar\u0131 taraf\u0131ndan kurulan \u00e7ad\u0131r oldu. \u00c7ank\u0131r\u0131 ve Pehlivan burada gen\u00e7lerle lang\u0131rt oynay\u0131p sohbet etti. Keyifli sahur bulu\u015fmas\u0131 hep birlikte kahvalt\u0131 edilmesinin ard\u0131ndan sona erdi.<\/p>\n<p>Kaynak: (BYZHA) Beyaz Haber Ajans\u0131<\/p>\n","protected":false},"excerpt":{"rendered":"<p>Menemenli kad\u0131nlar 8 Mart D\u00fcnya Kad\u0131nlar G\u00fcn\u00fc&#8217;n\u00fc, iftar program\u0131yla kar\u015f\u0131lad\u0131.<\/p>\n","protected":false},"author":1,"featured_media":67359,"comment_status":"open","ping_status":"open","sticky":false,"template":"","format":"standard","meta":{"footnotes":""},"categories":[4],"tags":[1389,1488,380,1614,1125],"class_list":["post-67358","post","type-post","status-publish","format-standard","has-post-thumbnail","hentry","category-gundem","tag-ak-parti","tag-guclu","tag-kadin","tag-kadinlar","tag-menemen"],"_links":{"self":[{"href":"https:\/\/bihavadis.com\/index.php\/wp-json\/wp\/v2\/posts\/67358","targetHints":{"allow":["GET"]}}],"collection":[{"href":"https:\/\/bihavadis.com\/index.php\/wp-json\/wp\/v2\/posts"}],"about":[{"href":"https:\/\/bihavadis.com\/index.php\/wp-json\/wp\/v2\/types\/post"}],"author":[{"embeddable":true,"href":"https:\/\/bihavadis.com\/index.php\/wp-json\/wp\/v2\/users\/1"}],"replies":[{"embeddable":true,"href":"https:\/\/bihavadis.com\/index.php\/wp-json\/wp\/v2\/comments?post=67358"}],"version-history":[{"count":1,"href":"https:\/\/bihavadis.com\/index.php\/wp-json\/wp\/v2\/posts\/67358\/revisions"}],"predecessor-version":[{"id":67360,"href":"https:\/\/bihavadis.com\/index.php\/wp-json\/wp\/v2\/posts\/67358\/revisions\/67360"}],"wp:featuredmedia":[{"embeddable":true,"href":"https:\/\/bihavadis.com\/index.php\/wp-json\/wp\/v2\/media\/67359"}],"wp:attachment":[{"href":"https:\/\/bihavadis.com\/index.php\/wp-json\/wp\/v2\/media?parent=67358"}],"wp:term":[{"taxonomy":"category","embeddable":true,"href":"https:\/\/bihavadis.com\/index.php\/wp-json\/wp\/v2\/categories?post=67358"},{"taxonomy":"post_tag","embeddable":true,"href":"https:\/\/bihavadis.com\/index.php\/wp-json\/wp\/v2\/tags?post=67358"}],"curies":[{"name":"wp","href":"https:\/\/api.w.org\/{rel}","templated":true}]}}