{"id":6738,"date":"2026-01-30T19:27:36","date_gmt":"2026-01-30T19:27:36","guid":{"rendered":"https:\/\/bihavadis.com\/?p=6738"},"modified":"2026-01-30T19:27:36","modified_gmt":"2026-01-30T19:27:36","slug":"kristin-firtinasi-iber-yarimadasini-vurdu","status":"publish","type":"post","link":"https:\/\/bihavadis.com\/index.php\/2026\/01\/30\/kristin-firtinasi-iber-yarimadasini-vurdu\/","title":{"rendered":"Kristin F\u0131rt\u0131nas\u0131 \u0130ber Yar\u0131madas\u0131&#8217;n\u0131 Vurdu"},"content":{"rendered":"<p>\n<p>\u0130SPANYA ve Portekiz&#8217;i etkisi alt\u0131na alan Kristin F\u0131rt\u0131nas\u0131 nedeniyle Portekiz&#8217;de 5 ki\u015fi hayat\u0131n\u0131 kaybetti, \u0130spanya&#8217;n\u0131n bir\u00e7ok b\u00f6lgesinde e\u011fitime ara verildi.<\/p>\n<p>Portekiz Sivil Koruma yetkilileri, Atlas Okyanusu \u00fczerinden gelerek \u0130ber Yar\u0131madas\u0131&#8217;n\u0131 vuran Kristin F\u0131rt\u0131nas\u0131 sebebiyle Leiria b\u00f6lgesinde 4, ba\u015fkent Lizbon&#8217;un kuzeyindeki Vila Franca de Xira&#8217;da ise 1 ki\u015fi olmak \u00fczere toplam 5 ki\u015finin ya\u015fam\u0131n\u0131 yitirdi\u011fini a\u00e7\u0131klad\u0131. \u00dclke genelinde sal\u0131 g\u00fcn\u00fcnden bu yana 3 bin 300&#8217;den fazla kaza ve hasar ihbar\u0131 yap\u0131ld\u0131\u011f\u0131, yakla\u015f\u0131k 530 bin aboneye elektrik verilemedi\u011fi bildirildi.<\/p>\n<p>Saatteki h\u0131z\u0131 zaman zaman 150 kilometreyi a\u015fan r\u00fczgar ve \u015fiddetli ya\u011f\u0131\u015f nedeniyle \u00fclkede \u00e7ok say\u0131da a\u011fac\u0131n devrildi\u011fi ve \u00e7at\u0131lar\u0131n u\u00e7tu\u011fu belirtildi. Coimbra kentindeki Bissaya Barreto Havaalan\u0131&#8217;nda \u015fiddetli r\u00fczgar nedeniyle hangarlar\u0131n y\u0131k\u0131ld\u0131\u011f\u0131 ve \u00e7ok say\u0131da u\u00e7a\u011f\u0131n hasar g\u00f6rd\u00fc\u011f\u00fc, zarar\u0131n ise 1 milyon avroyu a\u015ft\u0131\u011f\u0131 aktar\u0131ld\u0131.<\/p>\n<p>\u0130SPANYA&#8217;DA OKULLAR TAT\u0130L ED\u0130LD\u0130<\/p>\n<p>F\u0131rt\u0131nan\u0131n etkili oldu\u011fu \u0130spanya&#8217;n\u0131n End\u00fcl\u00fcs b\u00f6lgesindeki Almeria, Cadiz ve Malaga eyaletlerine ba\u011fl\u0131 77 belediyede olumsuz hava ko\u015fullar\u0131 nedeniyle e\u011fitime ara verildi\u011fi a\u00e7\u0131kland\u0131. Yetkililer, vatanda\u015flar\u0131 zorunlu olmad\u0131k\u00e7a d\u0131\u015far\u0131 \u00e7\u0131kmamalar\u0131 konusunda uyard\u0131.<\/p>\n","protected":false},"excerpt":{"rendered":"<p>Kristin F\u0131rt\u0131nas\u0131 nedeniyle Portekiz&#8217;de 5 ki\u015fi hayat\u0131n\u0131 kaybetti, \u0130spanya&#8217;da okullar tatil edildi.<\/p>\n","protected":false},"author":1,"featured_media":6739,"comment_status":"open","ping_status":"open","sticky":false,"template":"","format":"standard","meta":{"footnotes":""},"categories":[6],"tags":[],"class_list":["post-6738","post","type-post","status-publish","format-standard","has-post-thumbnail","hentry","category-dunya"],"_links":{"self":[{"href":"https:\/\/bihavadis.com\/index.php\/wp-json\/wp\/v2\/posts\/6738","targetHints":{"allow":["GET"]}}],"collection":[{"href":"https:\/\/bihavadis.com\/index.php\/wp-json\/wp\/v2\/posts"}],"about":[{"href":"https:\/\/bihavadis.com\/index.php\/wp-json\/wp\/v2\/types\/post"}],"author":[{"embeddable":true,"href":"https:\/\/bihavadis.com\/index.php\/wp-json\/wp\/v2\/users\/1"}],"replies":[{"embeddable":true,"href":"https:\/\/bihavadis.com\/index.php\/wp-json\/wp\/v2\/comments?post=6738"}],"version-history":[{"count":1,"href":"https:\/\/bihavadis.com\/index.php\/wp-json\/wp\/v2\/posts\/6738\/revisions"}],"predecessor-version":[{"id":6740,"href":"https:\/\/bihavadis.com\/index.php\/wp-json\/wp\/v2\/posts\/6738\/revisions\/6740"}],"wp:featuredmedia":[{"embeddable":true,"href":"https:\/\/bihavadis.com\/index.php\/wp-json\/wp\/v2\/media\/6739"}],"wp:attachment":[{"href":"https:\/\/bihavadis.com\/index.php\/wp-json\/wp\/v2\/media?parent=6738"}],"wp:term":[{"taxonomy":"category","embeddable":true,"href":"https:\/\/bihavadis.com\/index.php\/wp-json\/wp\/v2\/categories?post=6738"},{"taxonomy":"post_tag","embeddable":true,"href":"https:\/\/bihavadis.com\/index.php\/wp-json\/wp\/v2\/tags?post=6738"}],"curies":[{"name":"wp","href":"https:\/\/api.w.org\/{rel}","templated":true}]}}