{"id":67398,"date":"2026-03-09T08:00:14","date_gmt":"2026-03-09T08:00:14","guid":{"rendered":"https:\/\/bihavadis.com\/?p=67398"},"modified":"2026-03-09T08:00:14","modified_gmt":"2026-03-09T08:00:14","slug":"yilmaz-tunctan-anayasa-ve-dolandiricilik-uyarisi","status":"publish","type":"post","link":"https:\/\/bihavadis.com\/index.php\/2026\/03\/09\/yilmaz-tunctan-anayasa-ve-dolandiricilik-uyarisi\/","title":{"rendered":"Y\u0131lmaz Tun\u00e7&#8217;tan Anayasa ve Doland\u0131r\u0131c\u0131l\u0131k Uyar\u0131s\u0131"},"content":{"rendered":"<p>\n<p>ADALET Bakan\u0131 Y\u0131lmaz Tun\u00e7, Kartal Anadolu \u0130mam Hatip Lisesi Meclis Sim\u00fclasyonu a\u00e7\u0131l\u0131\u015f program\u0131nda konu\u015ftu. Tun\u00e7, &#8220;T\u00fcrkiye Y\u00fczy\u0131l\u0131 diyoruz, Cumhuriyetimizin ikinci y\u00fczy\u0131l\u0131 diyoruz. Art\u0131k yamal\u0131 boh\u00e7aya d\u00f6n\u00fc\u015fen bir darbe anayasas\u0131yla de\u011fil de demokratik bir anayasayla, milletvekillerimizin ve milletimizin onaylad\u0131\u011f\u0131 bir anayasayla yolumuza devam etmek T\u00fcrkiye Y\u00fczy\u0131l\u0131&#8217;na yak\u0131\u015f\u0131r diyoruz&#8221; dedi. Bakan Tun\u00e7 \u0130BAN doland\u0131r\u0131c\u0131l\u0131\u011f\u0131 ile ilgili &#8220;\u00d6zellikle internette doland\u0131r\u0131c\u0131l\u0131\u011fa muhatap olan gen\u00e7lerimiz var, i\u015fte bug\u00fcn g\u00fcndemde olan IBAN kulland\u0131rma. Kulland\u0131r\u0131lmaz, yani hesap numaran\u0131z\u0131 bir ba\u015fkas\u0131na para kar\u015f\u0131l\u0131\u011f\u0131 veremezsiniz. Niye veriyorsunuz? Verdi\u011finiz zaman o para nereden geldi, bunu sorgulamal\u0131s\u0131n\u0131z. Mutlaka o para size geliyorsa hi\u00e7bir sebepsiz yere o hesap numaras\u0131n\u0131 verirken, o zaman bir doland\u0131r\u0131c\u0131l\u0131\u011fa maruz kalaca\u011f\u0131n\u0131z\u0131 d\u00fc\u015f\u00fcnmeniz gerekir. O nedenle liselerde ve ortaokullarda hukuk ve adalet dersini \u00f6nemsiyoruz&#8221; dedi. <\/p>\n<p>Kartal Hukuk Kul\u00fcb\u00fc b\u00fcnyesinde, T\u00fcrkiye B\u00fcy\u00fck Millet Meclisi&#8217;nin sim\u00fcle edildi\u011fi 10 farkl\u0131 komisyondan olu\u015fan Kartal A\u0130HL Meclis Sim\u00fclasyonu etkinli\u011finin 4&#8217;\u00fcnc\u00fcs\u00fc bu y\u0131l &#8216;G\u00fcn\u00fcm\u00fcz T\u00fcrkiye Problemleri&#8217; temas\u0131yla ba\u015flad\u0131. A\u00e7\u0131l\u0131\u015f program\u0131na Adalet Bakan\u0131 Y\u0131lmaz Tun\u00e7&#8217;un yan\u0131 s\u0131ra \u0130stanbul Vali Yard\u0131mc\u0131s\u0131 Mustafa As\u0131m Alkan, Kartal \u0130mam Hatip Lisesi Okul M\u00fcd\u00fcr\u00fc Do\u00e7. Dr. \u00d6zkan \u00d6zt\u00fcrk, okulun \u00f6\u011fretmenleri ve \u00f6\u011frencileri kat\u0131ld\u0131. Meclis Sim\u00fclasyonu 3 g\u00fcn boyunca devam edecek.<\/p>\n<p>&#8216;\u00d6ZELL\u0130KLE \u0130NTERNETTE DOLANDIRICILI\u011eA MUHATAP OLAN GEN\u00c7LER\u0130M\u0130Z VAR&#8217;<\/p>\n<p>Bakan Tun\u00e7 konu\u015fmas\u0131nda, son zamanlarda g\u00fcndemde olan IBAN doland\u0131r\u0131c\u0131l\u0131klar\u0131na de\u011finerek, &#8220;\u00d6zellikle internette doland\u0131r\u0131c\u0131l\u0131\u011fa muhatap olan gen\u00e7lerimiz var, i\u015fte bug\u00fcn g\u00fcndemde olan IBAN kulland\u0131rma. Kulland\u0131r\u0131lmaz, yani hesap numaran\u0131z\u0131 bir ba\u015fkas\u0131na para kar\u015f\u0131l\u0131\u011f\u0131 veremezsiniz. Niye veriyorsunuz? Verdi\u011finiz zaman o para nereden geldi, bunu sorgulamal\u0131s\u0131n\u0131z. Mutlaka o para size geliyorsa hi\u00e7bir sebepsiz yere o hesap numaras\u0131n\u0131 verirken, o zaman bir doland\u0131r\u0131c\u0131l\u0131\u011fa maruz kalaca\u011f\u0131n\u0131z\u0131 d\u00fc\u015f\u00fcnmeniz gerekir. O nedenle liselerde ve ortaokullarda hukuk ve adalet dersini \u00f6nemsiyoruz&#8221; diye konu\u015ftu.<\/p>\n<p>&#8216;KEND\u0130 M\u0130LL\u0130 KANUNLARIMIZI SON \u00c7EYREK ASIRDA Y\u00dcR\u00dcRL\u00dc\u011eE KOYDUK&#8217;<\/p>\n<p>Bakan Tun\u00e7, &#8220;Sadece fiziki kalk\u0131nma, altyap\u0131, \u00fcstyap\u0131 yat\u0131r\u0131mlar\u0131, barajlar, k\u00f6pr\u00fcler, yollar, fabrikalar, bunlarla yetinmiyoruz. Biz T\u00fcrkiye&#8217;nin demokratik kalk\u0131nmas\u0131 olmadan ekonomik kalk\u0131nmas\u0131n\u0131n olamayaca\u011f\u0131na ba\u015f\u0131ndan inand\u0131k zaten ve bu anlamda da demokratik kalk\u0131nma anlam\u0131nda da her t\u00fcrl\u00fc engele ra\u011fmen \u00e7ok b\u00fcy\u00fck mesafeler ald\u0131k. 80 y\u0131ldan bu yana \u0130svi\u00e7re&#8217;den, Fransa&#8217;dan, Almanya&#8217;dan \u00e7evirdi\u011fimiz \u00e7eviri kanunlar\u0131m\u0131z\u0131n yerine biz kendi akademisyenlerimizle, kendi milletvekillerimizle birlikte kendi milli kanunlar\u0131m\u0131z\u0131 son \u00e7eyrek as\u0131rda y\u00fcr\u00fcrl\u00fc\u011fe koyduk. Tabii bunlarda yeni de\u011fi\u015fiklik ihtiya\u00e7lar\u0131 oldu ge\u00e7ti\u011fimiz s\u00fcre i\u00e7erisinde. \u00c7\u00fcnk\u00fc toplum s\u00fcrekli geli\u015fiyor, ihtiya\u00e7lar de\u011fi\u015fiyor ve s\u00fcrekli bir reform s\u00fcreci i\u00e7erisindeyiz&#8221; ifadelerini kulland\u0131.<\/p>\n<p>&#8216;S\u0130V\u0130LLER\u0130N B\u0130LE ASKER\u0130 MAHKEMEDE YARGILANDI\u011eI D\u00d6NEMLERDEN GE\u00c7T\u0130 BU \u00dcLKE&#8217;<\/p>\n<p>Bakan Tun\u00e7, &#8220;Sadece kanunlar\u0131n yenilenmesiyle kalmad\u0131k, anayasam\u0131zda ger\u00e7ekle\u015ftirdi\u011fimiz o b\u00fcy\u00fck reformlar, k\u00fc\u00e7\u00fcmsenemeyecek reformlar asl\u0131nda. Darbe anayasas\u0131ndaki o vesayet\u00e7i ruhu da azaltmaya \u00e7al\u0131\u015ft\u0131k. Tabii biz bunu yeterli g\u00f6rm\u00fcyoruz. Yani anayasam\u0131zda o vesayet\u00e7i ruhu ortadan kald\u0131rmaya y\u00f6nelik ger\u00e7ekle\u015ftirilen reformlar b\u00fcy\u00fck reformlard\u0131. Kad\u0131n haklar\u0131ndan \u00e7ocuk haklar\u0131na, hak arama yollar\u0131n\u0131n art\u0131r\u0131lmas\u0131, Kamu Denet\u00e7ili\u011fi&#8217;nin kurulmas\u0131 gibi, Ki\u015fisel Verileri Koruma Kurulu&#8217;nun kurulmas\u0131 gibi, \u00f6zel hayat\u0131n korunmas\u0131 gibi temel hak ve \u00f6zg\u00fcrl\u00fckleri daha da geni\u015fleten, tahkim eden anayasa de\u011fi\u015fiklikleri hayata ge\u00e7irildi. Yine T\u00fcrkiye&#8217;nin hukuk devleti ilkesini tahkim eden Anayasa Mahkemesi&#8217;nin yap\u0131s\u0131, Hakimler Savc\u0131lar Kurulu&#8217;nun yap\u0131s\u0131, bunlar demokratik ilkelere, hukuk devleti ilkesine uygun hale getirildi. Milli G\u00fcvenlik Kurulu&#8217;nun yap\u0131s\u0131, Y\u00fcksek Askeri \u015eura&#8217;n\u0131n yap\u0131s\u0131, askeri yarg\u0131n\u0131n kald\u0131r\u0131lmas\u0131, Askeri Y\u00fcksek \u0130dare Mahkemesi, Askeri Yarg\u0131tay. Sivillerin bile askeri mahkemede yarg\u0131land\u0131\u011f\u0131 d\u00f6nemlerden ge\u00e7ti bu \u00fclke. T\u00fcm bunlar bu s\u00fcre\u00e7 i\u00e7erisinde milletimizin deste\u011fiyle de\u011fi\u015ftirildi&#8221; dedi.<\/p>\n<p>&#8216;EN \u00d6NEML\u0130S\u0130 DE CUMHURBA\u015eKANLI\u011eI H\u00dcK\u00dcMET S\u0130STEM\u0130&#8217;D\u0130R&#8217;<\/p>\n<p>Bakan Tun\u00e7, &#8220;Anayasam\u0131zda gerekti\u011finde s\u0131k\u0131y\u00f6netim ilan edilebilir diye bir madde vard\u0131, bunlar\u0131n hepsi kald\u0131r\u0131ld\u0131. Bir ge\u00e7ici 15&#8217;inci madde vard\u0131, s\u00fcrekli tart\u0131\u015f\u0131l\u0131rd\u0131, &#8216;Darbeciler yarg\u0131lanamaz, bu anayasay\u0131 yapanlar su\u00e7 i\u015flese bile yarg\u0131lanamaz&#8217;. \u00d6yle bir madde vard\u0131. Bu kald\u0131r\u0131ld\u0131 ve y\u0131llar sonra o darbeciler yarg\u0131 huzuruna \u00e7\u0131kar\u0131ld\u0131 ve millet \u00f6n\u00fcnde hesap vermeleri sa\u011fland\u0131. Bir daha hi\u00e7 kimse b\u00f6yle milli irade h\u0131rs\u0131zl\u0131\u011f\u0131na giri\u015fmesin, b\u00f6yle yanl\u0131\u015f i\u015fler yapamas\u0131n diye bunlar yap\u0131ld\u0131. 15 Temmuz hain kalk\u0131\u015fmac\u0131lar\u0131 a\u011f\u0131rla\u015ft\u0131r\u0131lm\u0131\u015f m\u00fcebbet hapis cezalar\u0131na \u00e7arpt\u0131r\u0131ld\u0131. Bu \u00fclkenin yarg\u0131s\u0131 bunlar\u0131 yapt\u0131. \u0130\u015fte bu yarg\u0131yla ilgili s\u00fcrekli dezenformasyon yapanlar\u0131n hazmedemedikleri i\u015fte bu. ve anayasam\u0131zdaki vesayet\u00e7i ruhu ortadan kald\u0131rmaya y\u00f6nelik bu derece \u00f6nemli de\u011fi\u015fiklikler ki bunlar\u0131n en \u00f6nemlisi de Cumhurba\u015fkanl\u0131\u011f\u0131 H\u00fck\u00fcmet Sistemi&#8217;dir. Bu sistem demokrasiyi g\u00fc\u00e7lendiren, cumhuriyeti g\u00fc\u00e7lendiren bir sistemdir. Halk\u0131n do\u011frudan do\u011fruya y\u00f6neticisini sand\u0131kta belirlemesi sistemidir, demokrasidir&#8221; diye konu\u015ftu.<\/p>\n<p>&#8216;YAMALI BOH\u00c7AYA D\u00d6N\u00dc\u015eEN B\u0130R DARBE ANAYASASIYLA DE\u011e\u0130L DE DEMOKRAT\u0130K B\u0130R ANAYASAYLA DEVAM ETMEK YAKI\u015eIR&#8217;<\/p>\n<p>Bakan Tun\u00e7, &#8220;Biz elbette ki bunlar\u0131 yeterli g\u00f6rm\u00fcyoruz. Daha fazlas\u0131na lay\u0131k bu millet. \u00c7\u00fcnk\u00fc darbe anayasas\u0131yla T\u00fcrkiye Y\u00fczy\u0131l\u0131&#8217;na ba\u015flamak bizim i\u00e7in \u00e7ok b\u00fcy\u00fck bir eksiklik. Bu eksikli\u011fi gidermemiz laz\u0131m. Millete olan borcumuzu \u00f6dememiz laz\u0131m. T\u00fcrkiye Y\u00fczy\u0131l\u0131 diyoruz, Cumhuriyetimizin ikinci y\u00fczy\u0131l\u0131 diyoruz, darbecilerin yazd\u0131\u011f\u0131 bir anayasayla de\u011fil de milletimizin temsilcilerinin yazd\u0131\u011f\u0131 ve millet taraf\u0131ndan onaylanan, temel hak ve \u00f6zg\u00fcrl\u00fckleri \u00f6ne alan, demokratik, sivil, kat\u0131l\u0131mc\u0131 bir toplum s\u00f6zle\u015fmesiyle yolumuza devam etmemiz gerekir diyoruz. ve in\u015fallah bunu T\u00fcrkiye ba\u015far\u0131rsa ve bu noktada 180 civar\u0131nda de\u011fi\u015fiklikle art\u0131k yamal\u0131 boh\u00e7aya d\u00f6n\u00fc\u015fen bir darbe anayasas\u0131yla de\u011fil de demokratik bir anayasayla, milletvekillerimizin ve milletimizin onaylad\u0131\u011f\u0131 bir anayasayla yolumuza devam etmek T\u00fcrkiye Y\u00fczy\u0131l\u0131&#8217;na yak\u0131\u015f\u0131r diyoruz ve T\u00fcrkiye Y\u00fczy\u0131l\u0131&#8217;n\u0131n in\u015fa s\u00fcrecini daha da kolayla\u015ft\u0131r\u0131r&#8221; ifadelerini kulland\u0131.<\/p>\n<p>&#8217;41 YILDAN BU YANA M\u00dcCADELE ETT\u0130\u011e\u0130M\u0130Z TER\u00d6RDEN KURTULMANIN E\u015e\u0130\u011e\u0130NE GELD\u0130K&#8217;<\/p>\n<p>Son olarak &#8216;Ter\u00f6rs\u00fcz T\u00fcrkiye&#8217;de gelinen a\u015famay\u0131 de\u011ferlendiren Bakan Tun\u00e7, &#8220;Tabii T\u00fcrkiye Y\u00fczy\u0131l\u0131&#8217;n\u0131n in\u015fa s\u00fcrecini kolayla\u015ft\u0131racak olan en \u00f6nemli hususlardan birisi de ter\u00f6rden kurtulmam\u0131z. 41 y\u0131ldan bu yana m\u00fccadele etti\u011fimiz ter\u00f6rden kurtulman\u0131n e\u015fi\u011fine geldik. Binlerce \u015fehit verdik, b\u00fcy\u00fck ac\u0131lar ya\u015fad\u0131k. O \u015fehitlerimiz sayesinde biz bug\u00fcn bu toplant\u0131lar\u0131 yap\u0131yoruz. Onlar\u0131n ailelerini, \u015fehit ailelerimizi, \u015fehitlerimizi incitecek hi\u00e7bir ad\u0131m bug\u00fcne kadar atmad\u0131k ve bundan sonra atmayaca\u011f\u0131m\u0131z\u0131 hep s\u00f6yl\u00fcyoruz. Tabii bu s\u00fcre\u00e7 son bir y\u0131lda Ter\u00f6rs\u00fcz T\u00fcrkiye olarak adland\u0131r\u0131ld\u0131 ama Ter\u00f6rs\u00fcz T\u00fcrkiye m\u00fccadelesi asl\u0131nda 41 y\u0131ll\u0131k bir m\u00fccadele ve son 23 y\u0131lda hem g\u00fcvenlik a\u00e7\u0131s\u0131ndan hem de temel hak ve \u00f6zg\u00fcrl\u00fckler, ter\u00f6re zemin haz\u0131rlayan, onlar\u0131n istismar etti\u011fi alanlar\u0131n birer birer ortadan kald\u0131r\u0131lmas\u0131yla bug\u00fcnlere gelindi. Sadece T\u00fcrkiye i\u00e7inde, T\u00fcrkiye s\u0131n\u0131rlar\u0131nda de\u011fil, ter\u00f6r\u00fcn t\u00fcm unsurlar\u0131yla gerek i\u00e7eride gerek d\u0131\u015far\u0131da silah b\u0131rakma s\u00fcrecini devletimizin ilgili kurumlar\u0131 tam bir koordinasyon i\u00e7erisinde izlemeye devam ediyor. Tabii T\u00fcrkiye B\u00fcy\u00fck Millet Meclisi&#8217;ndeki komisyonumuzun yapt\u0131\u011f\u0131 \u00e7al\u0131\u015fmalar \u00f6nemli. O komisyonda al\u0131nacak kararlar, \u00e7izece\u011fi yol haritas\u0131 \u00e7er\u00e7evesinde at\u0131lacak ad\u0131mlar\u0131 atarak in\u015fallah T\u00fcrkiye&#8217;yi ter\u00f6rden temizleyerek, ter\u00f6rs\u00fcz bir T\u00fcrkiye&#8217;yi in\u015fallah in\u015fa edece\u011fiz ve T\u00fcrkiye Y\u00fczy\u0131l\u0131&#8217;n\u0131n in\u015fa s\u00fcreci de daha da kolayla\u015ft\u0131rm\u0131\u015f olaca\u011f\u0131z, daha da h\u0131zlanm\u0131\u015f olacak in\u015fallah&#8221; dedi.<\/p>\n","protected":false},"excerpt":{"rendered":"<p>Adalet Bakan\u0131 Tun\u00e7, yeni anayasa ve internet doland\u0131r\u0131c\u0131l\u0131\u011f\u0131 hakk\u0131nda \u00f6nemli a\u00e7\u0131klamalarda bulundu.<\/p>\n","protected":false},"author":1,"featured_media":67399,"comment_status":"open","ping_status":"open","sticky":false,"template":"","format":"standard","meta":{"footnotes":""},"categories":[9,4,13],"tags":[3283,2113,544,197,3235],"class_list":["post-67398","post","type-post","status-publish","format-standard","has-post-thumbnail","hentry","category-genel","category-gundem","category-son-dakika","tag-anayasa","tag-millet","tag-sure","tag-turkiye","tag-yargi"],"_links":{"self":[{"href":"https:\/\/bihavadis.com\/index.php\/wp-json\/wp\/v2\/posts\/67398","targetHints":{"allow":["GET"]}}],"collection":[{"href":"https:\/\/bihavadis.com\/index.php\/wp-json\/wp\/v2\/posts"}],"about":[{"href":"https:\/\/bihavadis.com\/index.php\/wp-json\/wp\/v2\/types\/post"}],"author":[{"embeddable":true,"href":"https:\/\/bihavadis.com\/index.php\/wp-json\/wp\/v2\/users\/1"}],"replies":[{"embeddable":true,"href":"https:\/\/bihavadis.com\/index.php\/wp-json\/wp\/v2\/comments?post=67398"}],"version-history":[{"count":1,"href":"https:\/\/bihavadis.com\/index.php\/wp-json\/wp\/v2\/posts\/67398\/revisions"}],"predecessor-version":[{"id":67400,"href":"https:\/\/bihavadis.com\/index.php\/wp-json\/wp\/v2\/posts\/67398\/revisions\/67400"}],"wp:featuredmedia":[{"embeddable":true,"href":"https:\/\/bihavadis.com\/index.php\/wp-json\/wp\/v2\/media\/67399"}],"wp:attachment":[{"href":"https:\/\/bihavadis.com\/index.php\/wp-json\/wp\/v2\/media?parent=67398"}],"wp:term":[{"taxonomy":"category","embeddable":true,"href":"https:\/\/bihavadis.com\/index.php\/wp-json\/wp\/v2\/categories?post=67398"},{"taxonomy":"post_tag","embeddable":true,"href":"https:\/\/bihavadis.com\/index.php\/wp-json\/wp\/v2\/tags?post=67398"}],"curies":[{"name":"wp","href":"https:\/\/api.w.org\/{rel}","templated":true}]}}