{"id":67424,"date":"2026-03-09T08:21:09","date_gmt":"2026-03-09T08:21:09","guid":{"rendered":"https:\/\/bihavadis.com\/?p=67424"},"modified":"2026-03-09T08:21:09","modified_gmt":"2026-03-09T08:21:09","slug":"niluferde-kadinlar-tek-ses-oldu-esitlik-ses-ister-biz-buradayiz","status":"publish","type":"post","link":"https:\/\/bihavadis.com\/index.php\/2026\/03\/09\/niluferde-kadinlar-tek-ses-oldu-esitlik-ses-ister-biz-buradayiz\/","title":{"rendered":"Nil\u00fcfer&#8217;de kad\u0131nlar tek ses oldu: &#8220;E\u015fitlik Ses \u0130ster Biz Buraday\u0131z&#8221;"},"content":{"rendered":"<p><b>Nil\u00fcfer Belediyesi ve Nil\u00fcfer Kent Konseyi i\u015f birli\u011fiyle 8 Mart D\u00fcnya Kad\u0131nlar G\u00fcn\u00fc kapsam\u0131nda d\u00fczenlenen y\u00fcr\u00fcy\u00fc\u015fte bir araya gelen kad\u0131nlar, e\u015fitlik, bar\u0131\u015f ve adalet taleplerini dile getirdi.<\/b><\/p>\n<p>Nil\u00fcfer Belediyesi ve Nil\u00fcfer Kent Konseyi, 8 Mart D\u00fcnya Kad\u0131nlar G\u00fcn\u00fc\u2019nde geni\u015f kat\u0131l\u0131ml\u0131 bir y\u00fcr\u00fcy\u00fc\u015f ve bas\u0131n a\u00e7\u0131klamas\u0131 d\u00fczenledi. \u201cE\u015fitlik Ses \u0130ster, Biz Buraday\u0131z\u201d slogan\u0131yla Nil\u00fcfer Kent Konseyi \u00f6n\u00fcnde ba\u015flayan y\u00fcr\u00fcy\u00fc\u015fte kad\u0131nlar, e\u015fitlik ve direni\u015f sloganlar\u0131 e\u015fli\u011finde Nil\u00fcfer Belediyesi Halk Evi \u00f6n\u00fcndeki Cumhuriyet Meydan\u0131\u2019na kadar y\u00fcr\u00fcd\u00fc. Etkinli\u011fe, Nil\u00fcfer Belediye Ba\u015fkan Yard\u0131mc\u0131lar\u0131 Serpil Altun ve Bukle Erman ve meclis \u00fcyeleri ile Nil\u00fcfer Belediye Ba\u015fkan\u0131 \u015eadi \u00d6zdemir\u2019in e\u015fi Nuray \u00d6zdemir de kat\u0131ld\u0131. Korteje, Nil\u00fcfer Kent Konseyi Bisiklet \u00c7al\u0131\u015fma Grubu da bisikletleriyle e\u015flik etti.<\/p>\n<p><strong>MEDEN\u0130 KANUN VURGUSU<\/strong><\/p>\n<p>Kortejin Cumhuriyet Meydan\u0131\u2019na ula\u015fmas\u0131n\u0131n ard\u0131ndan, Nil\u00fcfer Kent Konseyi Kad\u0131n Meclisi Ba\u015fkan\u0131 T\u00fclin Demir bas\u0131n a\u00e7\u0131klamas\u0131n\u0131 okudu. Demir, konu\u015fmas\u0131nda T\u00fcrk Medeni Kanunu\u2019nun y\u00fcr\u00fcrl\u00fc\u011fe giri\u015finin 100\u2019\u00fcnc\u00fc y\u0131l\u0131na dikkat \u00e7ekerek, bu kanunun kad\u0131nlar\u0131n yurtta\u015f olarak tan\u0131nmas\u0131n\u0131n hukuki temeli oldu\u011funu hat\u0131rlatt\u0131. Nafaka hakk\u0131n\u0131n s\u0131n\u0131rland\u0131r\u0131lmas\u0131 ve bo\u015fanmalar\u0131n zorla\u015ft\u0131r\u0131lmas\u0131 gibi g\u00fcndemlerin kad\u0131nlar\u0131 \u015fiddet i\u00e7eren evliliklere mahkum etme giri\u015fimi oldu\u011funu belirten Demir, \u201cKad\u0131nlar\u0131n ekonomik ve hukuki g\u00fcvencesini \u00e7almaya haz\u0131rlan\u0131yorlar, ancak bizler buna ge\u00e7it vermeyece\u011fiz\u201d dedi.<\/p>\n<p>Demir, a\u00e7\u0131klamas\u0131nda cezas\u0131zl\u0131k politikalar\u0131, artan kad\u0131n cinayetleri ve toplumsal travmalara da de\u011findi. Yap\u0131lmas\u0131 planlanan hukuki de\u011fi\u015fikliklerin su\u00e7larda cayd\u0131r\u0131c\u0131l\u0131\u011f\u0131 ortadan kald\u0131rd\u0131\u011f\u0131n\u0131 ifade eden Demir, kad\u0131nlar\u0131n ve \u00e7ocuklar\u0131n g\u00fcvenli\u011finin devletin sorumlulu\u011funda oldu\u011funu vurgulad\u0131.<\/p>\n<p><strong>\u201cBARI\u015eIN SAVUNUCULARIYIZ\u201d<\/strong><\/p>\n<p>Kom\u015fu co\u011frafyalarda ya\u015fanan \u00e7at\u0131\u015fmalara da de\u011finen Demir, \u0130ran\u2019da hedef al\u0131nan k\u0131z \u00e7ocuklar\u0131n\u0131 hat\u0131rlatarak, \u201cSava\u015flar\u0131n dili erkektir, y\u00fck\u00fcn\u00fc ise en \u00e7ok kad\u0131nlar ve \u00e7ocuklar ta\u015f\u0131r. Bizler ya\u015fam\u0131n ve bar\u0131\u015f\u0131n savunucular\u0131y\u0131z\u201d \u015feklinde konu\u015ftu.<\/p>\n<p>Demir a\u00e7\u0131klamas\u0131n\u0131, \u201cKad\u0131n cinayetleri politiktir. Haklar\u0131m\u0131z\u0131 pazarl\u0131k konusu yapt\u0131rmay\u0131z. \u00d6fkemiz hakl\u0131, m\u00fccadelemiz me\u015fru, umudumuz \u00f6rg\u00fctl\u00fcd\u00fcr\u201d s\u00f6zleriyle noktalad\u0131.<\/p>\n<p>Bas\u0131n a\u00e7\u0131klamas\u0131n\u0131n ard\u0131ndan Cumhuriyet Meydan\u0131\u2019n\u0131 dolduran kad\u0131nlar, Canan Karademir konseriyle, \u015fark\u0131lara e\u015flik ederek keyifli dakikalar ge\u00e7irdi.<\/p>\n<p>Kaynak: (BYZHA) Beyaz Haber Ajans\u0131<\/p>\n","protected":false},"excerpt":{"rendered":"<p>Nil\u00fcfer Belediyesi ve Nil\u00fcfer Kent Konseyi i\u015f birli\u011fiyle 8 Mart D\u00fcnya Kad\u0131nlar G\u00fcn\u00fc kapsam\u0131nda d\u00fczenlenen y\u00fcr\u00fcy\u00fc\u015fte bir araya gelen kad\u0131nlar, e\u015fitlik, bar\u0131\u015f ve adalet taleplerini dile getirdi.<\/p>\n","protected":false},"author":1,"featured_media":67425,"comment_status":"open","ping_status":"open","sticky":false,"template":"","format":"standard","meta":{"footnotes":""},"categories":[4],"tags":[7626,372,601,1614,7627],"class_list":["post-67424","post","type-post","status-publish","format-standard","has-post-thumbnail","hentry","category-gundem","tag-aciklamasi","tag-belediye","tag-demir","tag-kadinlar","tag-nilufer-kent-konseyi"],"_links":{"self":[{"href":"https:\/\/bihavadis.com\/index.php\/wp-json\/wp\/v2\/posts\/67424","targetHints":{"allow":["GET"]}}],"collection":[{"href":"https:\/\/bihavadis.com\/index.php\/wp-json\/wp\/v2\/posts"}],"about":[{"href":"https:\/\/bihavadis.com\/index.php\/wp-json\/wp\/v2\/types\/post"}],"author":[{"embeddable":true,"href":"https:\/\/bihavadis.com\/index.php\/wp-json\/wp\/v2\/users\/1"}],"replies":[{"embeddable":true,"href":"https:\/\/bihavadis.com\/index.php\/wp-json\/wp\/v2\/comments?post=67424"}],"version-history":[{"count":1,"href":"https:\/\/bihavadis.com\/index.php\/wp-json\/wp\/v2\/posts\/67424\/revisions"}],"predecessor-version":[{"id":67426,"href":"https:\/\/bihavadis.com\/index.php\/wp-json\/wp\/v2\/posts\/67424\/revisions\/67426"}],"wp:featuredmedia":[{"embeddable":true,"href":"https:\/\/bihavadis.com\/index.php\/wp-json\/wp\/v2\/media\/67425"}],"wp:attachment":[{"href":"https:\/\/bihavadis.com\/index.php\/wp-json\/wp\/v2\/media?parent=67424"}],"wp:term":[{"taxonomy":"category","embeddable":true,"href":"https:\/\/bihavadis.com\/index.php\/wp-json\/wp\/v2\/categories?post=67424"},{"taxonomy":"post_tag","embeddable":true,"href":"https:\/\/bihavadis.com\/index.php\/wp-json\/wp\/v2\/tags?post=67424"}],"curies":[{"name":"wp","href":"https:\/\/api.w.org\/{rel}","templated":true}]}}